{"id":22677,"date":"2023-05-11T14:32:00","date_gmt":"2023-05-11T17:32:00","guid":{"rendered":"https:\/\/elfederalmendoza.com\/?p=22677"},"modified":"2023-05-11T17:35:35","modified_gmt":"2023-05-11T20:35:35","slug":"aseguran-que-ya-faltan-productos-en-los-mayoristas-de-tunuyan-por-la-compra-masiva-de-chilenos-en-mendoza","status":"publish","type":"post","link":"https:\/\/elfederalmendoza.com.ar\/index.php\/2023\/05\/11\/aseguran-que-ya-faltan-productos-en-los-mayoristas-de-tunuyan-por-la-compra-masiva-de-chilenos-en-mendoza\/","title":{"rendered":"Aseguran que ya faltan productos en los mayoristas de Tunuy\u00e1n por la compra masiva de chilenos en Mendoza"},"content":{"rendered":"\n<p>Desde hace alg\u00fan tiempo, en las&nbsp;g\u00f3ndolas de peque\u00f1os comercios de&nbsp;<strong>Tunuy\u00e1n<\/strong>,&nbsp;<strong>se advierten faltantes de algunas mercader\u00edas esenciales<\/strong>, m\u00e1s all\u00e1 que, en general, los consumidores llevan las de menor precio y esta situaci\u00f3n se refleja ahora tambi\u00e9n en los mayoristas.<\/p>\n\n\n\n<p>La situaci\u00f3n no es nueva para nuestra provincia porque, en mayo del a\u00f1o 2023,\u00a0el explosivo c\u00f3ctel que forman la disparada del d\u00f3lar con los aumentos de precios y la disminuci\u00f3n del poder adquisitivo, hicieron sentir su efecto inmediato en las g\u00f3ndolas de los comercios dedicados a la venta de comestibles, a lo que se suma el fen\u00f3meno de la \u00abinvasi\u00f3n\u00bb chilena que vienen a nuestra provincia con la misi\u00f3n de llenar sus alacenas y, aparte del dato que refleja que sin lugar a dudas la situaci\u00f3n econ\u00f3mica del otro lado de la cordillera es tan endeble c\u00f3mo aqu\u00ed, lo cierto es que las estanter\u00edas locales muestran algunos espacios vac\u00edos\u00a0que se suma al consumo en baja.<\/p>\n\n\n\n<p><em><strong>Noticiero Andino Valle de Uco<\/strong><\/em>&nbsp;recorri\u00f3 algunos mayoristas de Tunuy\u00e1n y, en principio, muestran coincidencia en se\u00f1alar que, en productos esenciales c\u00f3mo aceite, arroz, yerba y leche en polvo de primeras marcas, es muy poca la reposici\u00f3n que reciben.<\/p>\n\n\n\n<p>En este sentido,\u00a0Rodrigo M\u00e9ndez\u00a0coment\u00f3 que, en el caso de los aceites solamente se consiguen del tipo mezcla cu\u00e1ndo el p\u00fablico busca otro tipo de calidades, adem\u00e1s de llamar la atenci\u00f3n sobre el alto precio que tienen el arroz y las yerbas. Por su parte,\u00a0Soledad Pol, hizo menci\u00f3n al car\u00e1cter itinerante de los compradores que, confiesan sin pudor, que recorren unos cu\u00e1ntos lugares antes de decidir su compra. En ambos casos hacen menci\u00f3n al hecho de haber recibido\u00a0compradores provenientes de Chile los que, sin dudarlo, pr\u00e1cticamente arrasaban con algunos productos.<\/p>\n\n\n\n<figure class=\"wp-block-embed is-type-video is-provider-youtube wp-block-embed-youtube wp-embed-aspect-16-9 wp-has-aspect-ratio\"><div class=\"wp-block-embed__wrapper\">\n<iframe loading=\"lazy\" title=\"Tunuy\u00e1n \u2013 Los mayoristas de mercader\u00edas sienten las faltas\" width=\"640\" height=\"360\" src=\"https:\/\/www.youtube.com\/embed\/CB_NOFOaag4?feature=oembed\" frameborder=\"0\" allow=\"accelerometer; autoplay; clipboard-write; encrypted-media; gyroscope; picture-in-picture; web-share\" referrerpolicy=\"strict-origin-when-cross-origin\" allowfullscreen><\/iframe>\n<\/div><\/figure>\n\n\n\n<p><\/p>\n\n\n\n<p><em>Fuente: Sitio Andino<\/em><\/p>\n","protected":false},"excerpt":{"rendered":"<p>Desde hace alg\u00fan tiempo, en las&nbsp;g\u00f3ndolas de peque\u00f1os comercios de&nbsp;Tunuy\u00e1n,&nbsp;se advierten faltantes de algunas mercader\u00edas esenciales, m\u00e1s all\u00e1 que, en general, los consumidores llevan las de menor precio y esta situaci\u00f3n se refleja ahora tambi\u00e9n en los mayoristas. La situaci\u00f3n no es nueva para nuestra provincia porque, en mayo del a\u00f1o 2023,\u00a0el explosivo c\u00f3ctel que<a class=\"read-more\" href=\"https:\/\/elfederalmendoza.com.ar\/index.php\/2023\/05\/11\/aseguran-que-ya-faltan-productos-en-los-mayoristas-de-tunuyan-por-la-compra-masiva-de-chilenos-en-mendoza\/\"> [&hellip;]<\/a><\/p>\n","protected":false},"author":2,"featured_media":22678,"comment_status":"open","ping_status":"open","sticky":false,"template":"","format":"standard","meta":{"footnotes":""},"categories":[1],"tags":[],"class_list":["post-22677","post","type-post","status-publish","format-standard","has-post-thumbnail","hentry","category-mza"],"rttpg_featured_image_url":{"full":["https:\/\/elfederalmendoza.com.ar\/wp-content\/uploads\/2023\/05\/WhatsApp-Image-2023-05-09-at-10.00.00.jpeg",1280,961,false],"landscape":["https:\/\/elfederalmendoza.com.ar\/wp-content\/uploads\/2023\/05\/WhatsApp-Image-2023-05-09-at-10.00.00.jpeg",1280,961,false],"portraits":["https:\/\/elfederalmendoza.com.ar\/wp-content\/uploads\/2023\/05\/WhatsApp-Image-2023-05-09-at-10.00.00.jpeg",1280,961,false],"thumbnail":["https:\/\/elfederalmendoza.com.ar\/wp-content\/uploads\/2023\/05\/WhatsApp-Image-2023-05-09-at-10.00.00-150x150.jpeg",150,150,true],"medium":["https:\/\/elfederalmendoza.com.ar\/wp-content\/uploads\/2023\/05\/WhatsApp-Image-2023-05-09-at-10.00.00-300x225.jpeg",300,225,true],"large":["https:\/\/elfederalmendoza.com.ar\/wp-content\/uploads\/2023\/05\/WhatsApp-Image-2023-05-09-at-10.00.00-1024x769.jpeg",640,481,true],"1536x1536":["https:\/\/elfederalmendoza.com.ar\/wp-content\/uploads\/2023\/05\/WhatsApp-Image-2023-05-09-at-10.00.00.jpeg",1280,961,false],"2048x2048":["https:\/\/elfederalmendoza.com.ar\/wp-content\/uploads\/2023\/05\/WhatsApp-Image-2023-05-09-at-10.00.00.jpeg",1280,961,false],"ultp_layout_landscape_large":["https:\/\/elfederalmendoza.com.ar\/wp-content\/uploads\/2023\/05\/WhatsApp-Image-2023-05-09-at-10.00.00-1200x800.jpeg",1200,800,true],"ultp_layout_landscape":["https:\/\/elfederalmendoza.com.ar\/wp-content\/uploads\/2023\/05\/WhatsApp-Image-2023-05-09-at-10.00.00-870x570.jpeg",870,570,true],"ultp_layout_portrait":["https:\/\/elfederalmendoza.com.ar\/wp-content\/uploads\/2023\/05\/WhatsApp-Image-2023-05-09-at-10.00.00-600x900.jpeg",600,900,true],"ultp_layout_square":["https:\/\/elfederalmendoza.com.ar\/wp-content\/uploads\/2023\/05\/WhatsApp-Image-2023-05-09-at-10.00.00-600x600.jpeg",600,600,true],"rpwe-thumbnail":["https:\/\/elfederalmendoza.com.ar\/wp-content\/uploads\/2023\/05\/WhatsApp-Image-2023-05-09-at-10.00.00-45x45.jpeg",45,45,true],"advps-thumb-one":["https:\/\/elfederalmendoza.com.ar\/wp-content\/uploads\/2023\/05\/WhatsApp-Image-2023-05-09-at-10.00.00-1200x420.jpeg",1200,420,true]},"rttpg_author":{"display_name":"Redacci\u00f3n El Federal","author_link":"https:\/\/elfederalmendoza.com.ar\/index.php\/author\/angelflores\/"},"rttpg_comment":0,"rttpg_category":"<a href=\"https:\/\/elfederalmendoza.com.ar\/index.php\/category\/mza\/\" rel=\"category tag\">Mendoza<\/a>","rttpg_excerpt":"Desde hace alg\u00fan tiempo, en las&nbsp;g\u00f3ndolas de peque\u00f1os comercios de&nbsp;Tunuy\u00e1n,&nbsp;se advierten faltantes de algunas mercader\u00edas esenciales, m\u00e1s all\u00e1 que, en general, los consumidores llevan las de menor precio y esta situaci\u00f3n se refleja ahora tambi\u00e9n en los mayoristas. La situaci\u00f3n no es nueva para nuestra provincia porque, en mayo del a\u00f1o 2023,\u00a0el explosivo c\u00f3ctel que&hellip;","_links":{"self":[{"href":"https:\/\/elfederalmendoza.com.ar\/index.php\/wp-json\/wp\/v2\/posts\/22677","targetHints":{"allow":["GET"]}}],"collection":[{"href":"https:\/\/elfederalmendoza.com.ar\/index.php\/wp-json\/wp\/v2\/posts"}],"about":[{"href":"https:\/\/elfederalmendoza.com.ar\/index.php\/wp-json\/wp\/v2\/types\/post"}],"author":[{"embeddable":true,"href":"https:\/\/elfederalmendoza.com.ar\/index.php\/wp-json\/wp\/v2\/users\/2"}],"replies":[{"embeddable":true,"href":"https:\/\/elfederalmendoza.com.ar\/index.php\/wp-json\/wp\/v2\/comments?post=22677"}],"version-history":[{"count":1,"href":"https:\/\/elfederalmendoza.com.ar\/index.php\/wp-json\/wp\/v2\/posts\/22677\/revisions"}],"predecessor-version":[{"id":22679,"href":"https:\/\/elfederalmendoza.com.ar\/index.php\/wp-json\/wp\/v2\/posts\/22677\/revisions\/22679"}],"wp:featuredmedia":[{"embeddable":true,"href":"https:\/\/elfederalmendoza.com.ar\/index.php\/wp-json\/wp\/v2\/media\/22678"}],"wp:attachment":[{"href":"https:\/\/elfederalmendoza.com.ar\/index.php\/wp-json\/wp\/v2\/media?parent=22677"}],"wp:term":[{"taxonomy":"category","embeddable":true,"href":"https:\/\/elfederalmendoza.com.ar\/index.php\/wp-json\/wp\/v2\/categories?post=22677"},{"taxonomy":"post_tag","embeddable":true,"href":"https:\/\/elfederalmendoza.com.ar\/index.php\/wp-json\/wp\/v2\/tags?post=22677"}],"curies":[{"name":"wp","href":"https:\/\/api.w.org\/{rel}","templated":true}]}}