{"id":22680,"date":"2023-05-11T13:37:00","date_gmt":"2023-05-11T16:37:00","guid":{"rendered":"https:\/\/elfederalmendoza.com\/?p=22680"},"modified":"2023-05-11T17:38:43","modified_gmt":"2023-05-11T20:38:43","slug":"el-gobierno-de-mendoza-no-es-optimista-sobre-el-proximo-indice-de-inflacion-que-se-conocera","status":"publish","type":"post","link":"https:\/\/elfederalmendoza.com.ar\/index.php\/2023\/05\/11\/el-gobierno-de-mendoza-no-es-optimista-sobre-el-proximo-indice-de-inflacion-que-se-conocera\/","title":{"rendered":"El gobierno de Mendoza \u00abno es optimista\u00bb sobre el pr\u00f3ximo \u00edndice de inflaci\u00f3n que se conocer\u00e1"},"content":{"rendered":"\n<p>El Instituto Nacional de Estad\u00edstica y Censos (<strong>Indec<\/strong>) dar\u00e1 a conocer este viernes la variaci\u00f3n del \u00cdndice de Precios al Consumidor (<strong>IPC-Costo de Vida<\/strong>) correspondiente al mes de abril, y se espera un dato cercano al 7,7% alcanzado en marzo.<\/p>\n\n\n\n<p>En tal sentido, las consultoras de la plaza financiera estimaron que el IPC ascendi\u00f3 en abril al 7,5%, seg\u00fan el Relevamiento de Expectativas del Mercado que realiza el Banco Central (BCRA).<\/p>\n\n\n\n<p>En Mendoza, la cifra de marzo fue superior al dato nacional (se coloc\u00f3 en el 8,3%) y en el Gobierno provincial consideran que\u00a0<mark>la situaci\u00f3n no mejorar\u00e1 en el cuarto mes del a\u00f1o.<\/mark><\/p>\n\n\n\n<p>\u201c<em>No somos optimistas\u201d<\/em>, admiti\u00f3 el ministro de Hacienda, V\u00edctor Fayad. \u201c<em>El gobierno nacional no se ve que est\u00e9 haciendo algo para solucionar el tema de la inflaci\u00f3n, sino m\u00e1s bien todo lo contrario. Lamentablemente, es un flagelo que padecemos todos<\/em>\u201c, agreg\u00f3.<\/p>\n\n\n\n<p>Para el funcionario mendocino, la inflaci\u00f3n \u201ce<em>s un impuesto que cobra el Gobierno nacional, que no se legisla ni se coparticipa, y los \u00fanicos que se benefician son los que tienen la maquinita<\/em>.\u00a0<em>Las cuentas provinciales y la de todas las m\u00e1s familias son las que en definitiva m\u00e1s sufren\u201d.<\/em><\/p>\n\n\n\n<p>Fayad se refiri\u00f3 al tema luego de presentar en la Facultad de Ciencias Econ\u00f3micas de la Universidad Nacional de Cuyo el c\u00e1lculo de los valores sociales para la evaluaci\u00f3n socioecon\u00f3mica de proyectos de inversi\u00f3n p\u00fablica en Mendoza.<\/p>\n\n\n\n<p>La inflaci\u00f3n registrada en marzo en Mendoza (8,3%) se ubic\u00f3 por encima de la media nacional (7,7%). Pero seg\u00fan Fayad, \u201ce<em>n el largo plazo los \u00edndices siempre convergen. Hay cuestiones estacionales que impactan antes en la provincia<\/em>\u201c\u201d<em>, sobre todo en cuestiones que tiene que ver con productos regulados\u201d<\/em>.<\/p>\n","protected":false},"excerpt":{"rendered":"<p>El Instituto Nacional de Estad\u00edstica y Censos (Indec) dar\u00e1 a conocer este viernes la variaci\u00f3n del \u00cdndice de Precios al Consumidor (IPC-Costo de Vida) correspondiente al mes de abril, y se espera un dato cercano al 7,7% alcanzado en marzo. En tal sentido, las consultoras de la plaza financiera estimaron que el IPC ascendi\u00f3 en<a class=\"read-more\" href=\"https:\/\/elfederalmendoza.com.ar\/index.php\/2023\/05\/11\/el-gobierno-de-mendoza-no-es-optimista-sobre-el-proximo-indice-de-inflacion-que-se-conocera\/\"> [&hellip;]<\/a><\/p>\n","protected":false},"author":2,"featured_media":20369,"comment_status":"open","ping_status":"open","sticky":false,"template":"","format":"standard","meta":{"footnotes":""},"categories":[1],"tags":[],"class_list":["post-22680","post","type-post","status-publish","format-standard","has-post-thumbnail","hentry","category-mza"],"rttpg_featured_image_url":{"full":["https:\/\/elfederalmendoza.com.ar\/wp-content\/uploads\/2023\/02\/compras_supermercado_online_1.jpg_102811101.webp",1200,900,false],"landscape":["https:\/\/elfederalmendoza.com.ar\/wp-content\/uploads\/2023\/02\/compras_supermercado_online_1.jpg_102811101.webp",1200,900,false],"portraits":["https:\/\/elfederalmendoza.com.ar\/wp-content\/uploads\/2023\/02\/compras_supermercado_online_1.jpg_102811101.webp",1200,900,false],"thumbnail":["https:\/\/elfederalmendoza.com.ar\/wp-content\/uploads\/2023\/02\/compras_supermercado_online_1.jpg_102811101-150x150.webp",150,150,true],"medium":["https:\/\/elfederalmendoza.com.ar\/wp-content\/uploads\/2023\/02\/compras_supermercado_online_1.jpg_102811101-300x225.webp",300,225,true],"large":["https:\/\/elfederalmendoza.com.ar\/wp-content\/uploads\/2023\/02\/compras_supermercado_online_1.jpg_102811101-1024x768.webp",640,480,true],"1536x1536":["https:\/\/elfederalmendoza.com.ar\/wp-content\/uploads\/2023\/02\/compras_supermercado_online_1.jpg_102811101.webp",1200,900,false],"2048x2048":["https:\/\/elfederalmendoza.com.ar\/wp-content\/uploads\/2023\/02\/compras_supermercado_online_1.jpg_102811101.webp",1200,900,false],"ultp_layout_landscape_large":["https:\/\/elfederalmendoza.com.ar\/wp-content\/uploads\/2023\/02\/compras_supermercado_online_1.jpg_102811101-1200x800.webp",1200,800,true],"ultp_layout_landscape":["https:\/\/elfederalmendoza.com.ar\/wp-content\/uploads\/2023\/02\/compras_supermercado_online_1.jpg_102811101-870x570.webp",870,570,true],"ultp_layout_portrait":["https:\/\/elfederalmendoza.com.ar\/wp-content\/uploads\/2023\/02\/compras_supermercado_online_1.jpg_102811101-600x900.webp",600,900,true],"ultp_layout_square":["https:\/\/elfederalmendoza.com.ar\/wp-content\/uploads\/2023\/02\/compras_supermercado_online_1.jpg_102811101-600x600.webp",600,600,true],"rpwe-thumbnail":["https:\/\/elfederalmendoza.com.ar\/wp-content\/uploads\/2023\/02\/compras_supermercado_online_1.jpg_102811101-45x45.webp",45,45,true],"advps-thumb-one":["https:\/\/elfederalmendoza.com.ar\/wp-content\/uploads\/2023\/02\/compras_supermercado_online_1.jpg_102811101-1200x420.webp",1200,420,true]},"rttpg_author":{"display_name":"Redacci\u00f3n El Federal","author_link":"https:\/\/elfederalmendoza.com.ar\/index.php\/author\/angelflores\/"},"rttpg_comment":0,"rttpg_category":"<a href=\"https:\/\/elfederalmendoza.com.ar\/index.php\/category\/mza\/\" rel=\"category tag\">Mendoza<\/a>","rttpg_excerpt":"El Instituto Nacional de Estad\u00edstica y Censos (Indec) dar\u00e1 a conocer este viernes la variaci\u00f3n del \u00cdndice de Precios al Consumidor (IPC-Costo de Vida) correspondiente al mes de abril, y se espera un dato cercano al 7,7% alcanzado en marzo. En tal sentido, las consultoras de la plaza financiera estimaron que el IPC ascendi\u00f3 en&hellip;","_links":{"self":[{"href":"https:\/\/elfederalmendoza.com.ar\/index.php\/wp-json\/wp\/v2\/posts\/22680","targetHints":{"allow":["GET"]}}],"collection":[{"href":"https:\/\/elfederalmendoza.com.ar\/index.php\/wp-json\/wp\/v2\/posts"}],"about":[{"href":"https:\/\/elfederalmendoza.com.ar\/index.php\/wp-json\/wp\/v2\/types\/post"}],"author":[{"embeddable":true,"href":"https:\/\/elfederalmendoza.com.ar\/index.php\/wp-json\/wp\/v2\/users\/2"}],"replies":[{"embeddable":true,"href":"https:\/\/elfederalmendoza.com.ar\/index.php\/wp-json\/wp\/v2\/comments?post=22680"}],"version-history":[{"count":1,"href":"https:\/\/elfederalmendoza.com.ar\/index.php\/wp-json\/wp\/v2\/posts\/22680\/revisions"}],"predecessor-version":[{"id":22681,"href":"https:\/\/elfederalmendoza.com.ar\/index.php\/wp-json\/wp\/v2\/posts\/22680\/revisions\/22681"}],"wp:featuredmedia":[{"embeddable":true,"href":"https:\/\/elfederalmendoza.com.ar\/index.php\/wp-json\/wp\/v2\/media\/20369"}],"wp:attachment":[{"href":"https:\/\/elfederalmendoza.com.ar\/index.php\/wp-json\/wp\/v2\/media?parent=22680"}],"wp:term":[{"taxonomy":"category","embeddable":true,"href":"https:\/\/elfederalmendoza.com.ar\/index.php\/wp-json\/wp\/v2\/categories?post=22680"},{"taxonomy":"post_tag","embeddable":true,"href":"https:\/\/elfederalmendoza.com.ar\/index.php\/wp-json\/wp\/v2\/tags?post=22680"}],"curies":[{"name":"wp","href":"https:\/\/api.w.org\/{rel}","templated":true}]}}