{"id":22682,"date":"2023-05-11T19:11:46","date_gmt":"2023-05-11T22:11:46","guid":{"rendered":"https:\/\/elfederalmendoza.com\/?p=22682"},"modified":"2023-05-11T19:11:47","modified_gmt":"2023-05-11T22:11:47","slug":"secuestran-189-kilos-de-carne-podrida-lista-para-la-venta-al-publico-en-valle-de-uco-y-maipu","status":"publish","type":"post","link":"https:\/\/elfederalmendoza.com.ar\/index.php\/2023\/05\/11\/secuestran-189-kilos-de-carne-podrida-lista-para-la-venta-al-publico-en-valle-de-uco-y-maipu\/","title":{"rendered":"Secuestran 189 kilos de carne podrida lista para la venta al p\u00fablico en Valle de Uco y Maip\u00fa"},"content":{"rendered":"\n<p>Este jueves la Polic\u00eda Rural realiz\u00f3 dos procedimientos, en el<strong> Valle de Uco y Maip\u00fa, en los que secuestr\u00f3 en total 189 kilos de carne podrida que estaba destinada a la venta al p\u00fablico<\/strong>. El caso genera preocupaci\u00f3n ya que a comienzos de este mes incautaron 83 kilos en la misma zona de Rodeo del Medio y a principios de abril, otros<strong> 150 kilos<\/strong>, el mismo barrio.<\/p>\n\n\n\n<p>Uno de los procedimientos reportados se llev\u00f3 a cabo en Tunuy\u00e1n. All\u00ed los efectivos detuvieron a una camioneta Peugeot Partner en un puesto fijo de control, ubicado en calle La Argentina, frente al mini ex zool\u00f3gico de la zona.<strong> El conductor transportaba 164 kilos de carne vacuna en p\u00e9simas condiciones<\/strong>. Al momento de pedirle la documentaci\u00f3n para acreditar la autorizaci\u00f3n o legalidad del traslado del producto, no pudo probarlo y fue decomisado.<\/p>\n\n\n\n<p>El otro operativo se produjo en el <strong>barrio 25 de mayo de Maip\u00fa<\/strong>, la zona donde encontraron la carne descompuesta, a principios de abril y mayo.\u00a0 En este caso, los efectivos hallaron en un comercio<strong> 25 kilos de carne molida podrida<\/strong>. El lugar fue clausurado y precintaron tres freezer y una m\u00e1quina de moler carne.<\/p>\n\n\n\n<figure class=\"wp-block-image is-resized\"><img loading=\"lazy\" decoding=\"async\" src=\"https:\/\/www.mendozapost.com\/files\/image\/480\/480349\/645d63c3ac8d2_570_736!.jpg?s=07efbea726f47b25052ad83248f8858c&amp;d=1683841990\" alt=\"\" width=\"965\" height=\"1246\"\/><figcaption class=\"wp-element-caption\">La carne molida secuestrada en Maip\u00fa.<\/figcaption><\/figure>\n\n\n\n<h2 class=\"wp-block-heading\"><strong>Carne podrida en Rodeo del Medio<\/strong><\/h2>\n\n\n\n<p>En esta localidad de Maip\u00fa hay preocupaci\u00f3n por las condiciones de la carne que se vende. Debido a la profunda crisis econ\u00f3mica, <strong>surgen estos fen\u00f3menos en los que se faena y vende animales sin control ni autorizaci\u00f3n<\/strong>. Incluso, hay fuertes sospechas de que se venda carne de caballo, algo que est\u00e1 prohibido.<\/p>\n\n\n\n<figure class=\"wp-block-image is-resized\"><img loading=\"lazy\" decoding=\"async\" src=\"https:\/\/www.mendozapost.com\/files\/image\/480\/480355\/645d65899bea3_570_308!.jpg?s=7e9b5332e7eb324306a2335d9099549b&amp;d=1683842444\" alt=\"\" width=\"967\" height=\"523\"\/><figcaption class=\"wp-element-caption\">En Tunuy\u00e1n el conductor llevaba la carne en p\u00e9simo estado.<\/figcaption><\/figure>\n\n\n\n<p>El procedimiento que se efectu\u00f3 en mayo fue producto del seguimiento del caso de abril, ocurridos en el barrio 25 de mayo. El municipio hab\u00eda informado al Post que en esa ocasi\u00f3n<strong> encontraron a dos personas vendiendo 150 kilos de carne, repartidos en 15 bolsas<\/strong>. Luego, en el mes de mayo, desbarataron 83 kilos en una casa de la zona. All\u00ed tambi\u00e9n secuestraron un rev\u00f3lver TIVER calibre 32.<\/p>\n\n\n\n<figure class=\"wp-block-image is-resized\"><img loading=\"lazy\" decoding=\"async\" src=\"https:\/\/www.mendozapost.com\/files\/image\/480\/480353\/645d6548ced88.jpg\" alt=\"\" width=\"969\" height=\"1244\"\/><\/figure>\n","protected":false},"excerpt":{"rendered":"<p>Este jueves la Polic\u00eda Rural realiz\u00f3 dos procedimientos, en el Valle de Uco y Maip\u00fa, en los que secuestr\u00f3 en total 189 kilos de carne podrida que estaba destinada a la venta al p\u00fablico. El caso genera preocupaci\u00f3n ya que a comienzos de este mes incautaron 83 kilos en la misma zona de Rodeo del<a class=\"read-more\" href=\"https:\/\/elfederalmendoza.com.ar\/index.php\/2023\/05\/11\/secuestran-189-kilos-de-carne-podrida-lista-para-la-venta-al-publico-en-valle-de-uco-y-maipu\/\"> [&hellip;]<\/a><\/p>\n","protected":false},"author":2,"featured_media":22683,"comment_status":"open","ping_status":"open","sticky":false,"template":"","format":"standard","meta":{"footnotes":""},"categories":[1],"tags":[],"class_list":["post-22682","post","type-post","status-publish","format-standard","has-post-thumbnail","hentry","category-mza"],"rttpg_featured_image_url":{"full":["https:\/\/elfederalmendoza.com.ar\/wp-content\/uploads\/2023\/05\/carne-podrida.jpg",1103,650,false],"landscape":["https:\/\/elfederalmendoza.com.ar\/wp-content\/uploads\/2023\/05\/carne-podrida.jpg",1103,650,false],"portraits":["https:\/\/elfederalmendoza.com.ar\/wp-content\/uploads\/2023\/05\/carne-podrida.jpg",1103,650,false],"thumbnail":["https:\/\/elfederalmendoza.com.ar\/wp-content\/uploads\/2023\/05\/carne-podrida-150x150.jpg",150,150,true],"medium":["https:\/\/elfederalmendoza.com.ar\/wp-content\/uploads\/2023\/05\/carne-podrida-300x177.jpg",300,177,true],"large":["https:\/\/elfederalmendoza.com.ar\/wp-content\/uploads\/2023\/05\/carne-podrida-1024x603.jpg",640,377,true],"1536x1536":["https:\/\/elfederalmendoza.com.ar\/wp-content\/uploads\/2023\/05\/carne-podrida.jpg",1103,650,false],"2048x2048":["https:\/\/elfederalmendoza.com.ar\/wp-content\/uploads\/2023\/05\/carne-podrida.jpg",1103,650,false],"ultp_layout_landscape_large":["https:\/\/elfederalmendoza.com.ar\/wp-content\/uploads\/2023\/05\/carne-podrida.jpg",1103,650,false],"ultp_layout_landscape":["https:\/\/elfederalmendoza.com.ar\/wp-content\/uploads\/2023\/05\/carne-podrida-870x570.jpg",870,570,true],"ultp_layout_portrait":["https:\/\/elfederalmendoza.com.ar\/wp-content\/uploads\/2023\/05\/carne-podrida-600x650.jpg",600,650,true],"ultp_layout_square":["https:\/\/elfederalmendoza.com.ar\/wp-content\/uploads\/2023\/05\/carne-podrida-600x600.jpg",600,600,true],"rpwe-thumbnail":["https:\/\/elfederalmendoza.com.ar\/wp-content\/uploads\/2023\/05\/carne-podrida-45x45.jpg",45,45,true],"advps-thumb-one":["https:\/\/elfederalmendoza.com.ar\/wp-content\/uploads\/2023\/05\/carne-podrida-1103x420.jpg",1103,420,true]},"rttpg_author":{"display_name":"Redacci\u00f3n El Federal","author_link":"https:\/\/elfederalmendoza.com.ar\/index.php\/author\/angelflores\/"},"rttpg_comment":0,"rttpg_category":"<a href=\"https:\/\/elfederalmendoza.com.ar\/index.php\/category\/mza\/\" rel=\"category tag\">Mendoza<\/a>","rttpg_excerpt":"Este jueves la Polic\u00eda Rural realiz\u00f3 dos procedimientos, en el Valle de Uco y Maip\u00fa, en los que secuestr\u00f3 en total 189 kilos de carne podrida que estaba destinada a la venta al p\u00fablico. El caso genera preocupaci\u00f3n ya que a comienzos de este mes incautaron 83 kilos en la misma zona de Rodeo del&hellip;","_links":{"self":[{"href":"https:\/\/elfederalmendoza.com.ar\/index.php\/wp-json\/wp\/v2\/posts\/22682","targetHints":{"allow":["GET"]}}],"collection":[{"href":"https:\/\/elfederalmendoza.com.ar\/index.php\/wp-json\/wp\/v2\/posts"}],"about":[{"href":"https:\/\/elfederalmendoza.com.ar\/index.php\/wp-json\/wp\/v2\/types\/post"}],"author":[{"embeddable":true,"href":"https:\/\/elfederalmendoza.com.ar\/index.php\/wp-json\/wp\/v2\/users\/2"}],"replies":[{"embeddable":true,"href":"https:\/\/elfederalmendoza.com.ar\/index.php\/wp-json\/wp\/v2\/comments?post=22682"}],"version-history":[{"count":1,"href":"https:\/\/elfederalmendoza.com.ar\/index.php\/wp-json\/wp\/v2\/posts\/22682\/revisions"}],"predecessor-version":[{"id":22684,"href":"https:\/\/elfederalmendoza.com.ar\/index.php\/wp-json\/wp\/v2\/posts\/22682\/revisions\/22684"}],"wp:featuredmedia":[{"embeddable":true,"href":"https:\/\/elfederalmendoza.com.ar\/index.php\/wp-json\/wp\/v2\/media\/22683"}],"wp:attachment":[{"href":"https:\/\/elfederalmendoza.com.ar\/index.php\/wp-json\/wp\/v2\/media?parent=22682"}],"wp:term":[{"taxonomy":"category","embeddable":true,"href":"https:\/\/elfederalmendoza.com.ar\/index.php\/wp-json\/wp\/v2\/categories?post=22682"},{"taxonomy":"post_tag","embeddable":true,"href":"https:\/\/elfederalmendoza.com.ar\/index.php\/wp-json\/wp\/v2\/tags?post=22682"}],"curies":[{"name":"wp","href":"https:\/\/api.w.org\/{rel}","templated":true}]}}