{"id":22689,"date":"2023-05-12T09:01:15","date_gmt":"2023-05-12T12:01:15","guid":{"rendered":"https:\/\/elfederalmendoza.com\/?p=22689"},"modified":"2023-05-12T09:01:16","modified_gmt":"2023-05-12T12:01:16","slug":"suarez-acompano-a-tadeo-en-la-reinauguracion-del-espacio-arizu-en-godoy-cruz-ante-una-masiva-concurrencia","status":"publish","type":"post","link":"https:\/\/elfederalmendoza.com.ar\/index.php\/2023\/05\/12\/suarez-acompano-a-tadeo-en-la-reinauguracion-del-espacio-arizu-en-godoy-cruz-ante-una-masiva-concurrencia\/","title":{"rendered":"Suarez acompa\u00f1\u00f3 a Tadeo en la reinauguraci\u00f3n del Espacio Arizu en Godoy Cruz ante una masiva concurrencia"},"content":{"rendered":"\n<p>Con la presencia del gobernador\u00a0<strong>Rodolfo Suarez\u00a0<\/strong>y por supuesto del jefe comunal Tadeo Garc\u00eda Zalazar Godoy Cruz se inaugur\u00f3 este jueves el\u00a0<strong>Espacio Arizu,\u00a0un emblem\u00e1tico predio recuperado, ubicado en la avenida San Mart\u00edn al 1500 del departamento.<\/strong><\/p>\n\n\n\n<p>Este acto form\u00f3 parte de los festejos por el 168\u00b0 aniversario de la comuna y asistieron cientos de vecinos. Tambi\u00e9n estuvo el precandidato a intendente por la lista oficialista de Cambia Mendoza, Diego Costarelli. \u00abEn este aniversario estamos muy orgullosos de inaugurar la primera etapa de Espacio Arizu.<strong>&nbsp;\u00a1Cu\u00e1nta historia nos rodea!&nbsp;<\/strong>Preservar el patrimonio es un pilar fundamental de una ciudad con memoria. Gracias por acompa\u00f1arnos!\u00bb, expres\u00f3 Tadeo emocionado.<\/p>\n\n\n\n<p>\u00abEl equipo de trabajo de la muni estuvo hasta \u00faltimo momento ajustando detalles\u00bb, dijo el intendente, quien destac\u00f3 la tarea de la Junta de Estudios Hist\u00f3ricos de la comuna. Hizo adem\u00e1s un repaso por la historia del espacio. Record\u00f3 que \u00abla bodega produc\u00eda 85 millones de litros por mes de vino en el siglo pasado. Por eso recuperarla para actividades culturales es importante.<strong>&nbsp;Y esto es s\u00f3lo el 10% de lo que va a ser el rescate patrimonial completo\u00bb.<\/strong><\/p>\n\n\n\n<figure class=\"wp-block-image\"><img decoding=\"async\" src=\"https:\/\/media.diariouno.com.ar\/p\/a500701f55266ae651b5bf3e07830d14\/adjuntos\/298\/imagenes\/009\/155\/0009155939\/1200x0\/smart\/suarez-costarelli-y-tadeo1jpg.jpg\" alt=\"Rodolfo Suarez con las \"\/><\/figure>\n\n\n\n<p>Rodolfo Suarez con las \u00abllaves\u00bb del Espacio Arizu que le entreg\u00f3 el intendente Tadeo Garc\u00eda Zalazar. Con ellos el precandidato de Godoy Cruz Diego Costarelli.<\/p>\n\n\n\n<h2 class=\"wp-block-heading\">Rodolfo Suarez qued\u00f3 impresionado por el Espacio Arizu<\/h2>\n\n\n\n<p>El gobernador Suarez asegur\u00f3 que qued\u00f3 impresionado cuando entr\u00f3 al Espacio Arizu. \u00abEs inimaginable la cantidad de cosas que se pueden realizar\u00bb, sum\u00f3 y felicit\u00f3 al intendente y su equipo por lo que destac\u00f3 como una muy buena gesti\u00f3n en el departamento.<\/p>\n\n\n\n<p><strong>Tras la recorrida por las instalaciones, el intendente le entreg\u00f3 de manera simb\u00f3lica al primer mandatario provincial la llave del espacio.<\/strong><\/p>\n\n\n\n<p>As\u00ed, tras la expropiaci\u00f3n realizada en 2018 por la comuna, la ex bodega se transforma en escenario para encuentros, exposiciones, muestras y recitales, entre otras cosas.<\/p>\n\n\n\n<figure class=\"wp-block-image\"><img decoding=\"async\" src=\"https:\/\/media.diariouno.com.ar\/p\/ec3c264073c55f7250cf0d4e8db668e8\/adjuntos\/298\/imagenes\/009\/155\/0009155943\/1200x0\/smart\/suarez-mastrangelo-y-tadeojpg.jpg\" alt=\"La historiadora Fabiana Mastr\u00e1ngelo explica detalles de los trabajos a Rodolfo Suarez y Tadeo Garc\u00eda Zalazar.\"\/><\/figure>\n\n\n\n<p>La historiadora Fabiana Mastr\u00e1ngelo explica detalles de los trabajos a Rodolfo Suarez y Tadeo Garc\u00eda Zalazar.<\/p>\n\n\n\n<h2 class=\"wp-block-heading\">M\u00e1s detalles<\/h2>\n\n\n\n<p>En esta fase, fueron tres las naves refuncionalizadas de uno de los edificios, que abarcan m\u00e1s de 1.500 mil metros cubiertos. Despu\u00e9s, las tareas seguir\u00e1 en las restantes tres y ser\u00e1n un total de m\u00e1s 3.000 metros cubiertos los recuperados antes de fin de a\u00f1o.<\/p>\n\n\n\n<p>Adem\u00e1s de las tareas edilicias, se suma la puesta en valor del archivo de la ex bodega, que recapitula la trayectoria documental de una de los establecimientos que sell\u00f3 a fuego la historia vitivin\u00edcola de Mendoza y Argentina.<\/p>\n\n\n\n<h2 class=\"wp-block-heading\">M\u00fasica, degustaci\u00f3n y oferta gastron\u00f3mica en las celebraciones<\/h2>\n\n\n\n<figure class=\"wp-block-image\"><img decoding=\"async\" src=\"https:\/\/media.diariouno.com.ar\/p\/7bdfb7eea0a0e2aaef755a8608261021\/adjuntos\/298\/imagenes\/009\/155\/0009155944\/1200x0\/smart\/esoacio-arizu1jpg.jpg\" alt=\"Masiva fue la concurrencia de vecinos al Espacio Arizu. Foto gentileza: Sara&iacute; Alfaro Carter\"\/><\/figure>\n\n\n\n<p>Masiva fue la concurrencia de vecinos al Espacio Arizu. Foto gentileza: Sara\u00ed Alfaro Carter<\/p>\n\n\n\n<p>La Sparkling Big Band y Lemmy y la Triple Trouble Mendoza fueron quienes le pusieron m\u00fasica al encuentro.<\/p>\n\n\n\n<p>Tambi\u00e9n hubo una degustaci\u00f3n de vinos, con presencia de destacadas bodegas. Por \u00faltimo, la oferta gastron\u00f3mica estuvo con la presencia de food trucks.<\/p>\n\n\n\n<h2 class=\"wp-block-heading\">Los trabajos que se realizaron en el ahora Espacio Arizu<\/h2>\n\n\n\n<figure class=\"wp-block-image\"><img decoding=\"async\" src=\"https:\/\/media.diariouno.com.ar\/p\/d4787a1f9eaf04e8be5589074d46b594\/adjuntos\/298\/imagenes\/009\/155\/0009155946\/1200x0\/smart\/tadeo-y-biffijpg.jpg\" alt=\"Tadeo Garc\u00eda Zalazar con uno de los ex intendentes de Godoy Cruz, C\u00e9sar Biffi.\"\/><\/figure>\n\n\n\n<p>Tadeo Garc\u00eda Zalazar con uno de los ex intendentes de Godoy Cruz, C\u00e9sar Biffi.<\/p>\n\n\n\n<p>Luego de la recuperaci\u00f3n, un grupo de profesionales realiz\u00f3 un an\u00e1lisis. A partir de una ponderaci\u00f3n de distintas variables, los resultados arrojaron los distintos grados de valor patrimonial de cada espacio.<\/p>\n\n\n\n<p>De esta forma, se defini\u00f3 qu\u00e9 \u00e1rea era la primera que deb\u00eda ser intervenida y restaurada.<\/p>\n\n\n\n<p><strong>Todas las tareas desarrolladas se realizaron respetando la estructura original,&nbsp;<\/strong>gracias a la coordinaci\u00f3n entre el municipio y la Comisi\u00f3n Nacional de Monumentos, Lugares y Bienes Hist\u00f3ricos.<\/p>\n\n\n\n<p><strong>La intervenci\u00f3n inicial incluye tres naves del edifico ubicadas en el extremo noreste del conjunto edilicio,<\/strong>&nbsp;con acceso por calle Belgrano, como tambi\u00e9n un play\u00f3n al aire libre y una vivienda.<\/p>\n\n\n\n<figure class=\"wp-block-image\"><img decoding=\"async\" src=\"https:\/\/media.diariouno.com.ar\/p\/b5941530aff6ea8a9658b8159d4ab915\/adjuntos\/298\/imagenes\/009\/155\/0009155972\/1200x0\/smart\/funcionarios-espacio-arizujpg.jpg\" alt=\"Legisladores radicales junto al titular de Irrigaci\u00f3n, Sergio Marinelli, el intendente de Capital, Ulpiano Suarez, y la ministra Nora Vicario.\"\/><\/figure>\n\n\n\n<p>Legisladores radicales junto al titular de Irrigaci\u00f3n, Sergio Marinelli, el intendente de Capital, Ulpiano Suarez, y la ministra Nora Vicario.<\/p>\n\n\n\n<p>All\u00ed se realiz\u00f3 limpieza de muros, columnas, techos y ca\u00f1as que estaban en malas condiciones con la finalidad de recuperar sus terminaciones originales.<\/p>\n\n\n\n<p>Asimismo,&nbsp;<strong>se culmin\u00f3 con el sistema de desag\u00fces (pluvial de los techos) y los sistemas de m\u00e9nsulas que sostienen a las cabreadas originales.<\/strong>&nbsp;Complementariamente y, anexa a la nave principal, se est\u00e1 reacondicionando la casa que antiguamente utilizaba el administrador de la bodega.<\/p>\n\n\n\n<p><strong>En los muros exteriores de la nave y casa, contin\u00faan los trabajos de revoque de zonas puntuales.<\/strong><\/p>\n\n\n\n<p>Finalmente, se hizo el an\u00e1lisis de los colores originales y actuales en los muros exteriores para lograr su correcta definici\u00f3n.<\/p>\n\n\n\n<figure class=\"wp-block-image\"><img decoding=\"async\" src=\"https:\/\/media.diariouno.com.ar\/p\/ee21b65b7b75f1e866f3e9b350d4cd55\/adjuntos\/298\/imagenes\/009\/155\/0009155952\/1200x0\/smart\/espacio-arizupng.png\" alt=\"Cientos de personas se sumaron a la reinauguraci\u00f3n del Espacio Arizu.\"\/><\/figure>\n\n\n\n<p>Cientos de personas se sumaron a la reinauguraci\u00f3n del Espacio Arizu.<\/p>\n\n\n\n<h2 class=\"wp-block-heading\">Un repaso por la historia<\/h2>\n\n\n\n<p><strong>La ic\u00f3nica Bodega Arizu, ubicada en Godoy Cruz (Mendoza), se fund\u00f3 en 1888<\/strong>. Fue propiedad de la familia Arizu por 90 a\u00f1os y en 1978 pas\u00f3 a manos del Grupo Greco.<\/p>\n\n\n\n<p>Despu\u00e9s, en 1980, durante la dictadura, fue intervenida por el gobierno nacional y continu\u00f3 funcionando como Bodegas y Vi\u00f1edos Arizu hasta 1991, a\u00f1o en el que cerr\u00f3 definitivamente sus puertas.<\/p>\n\n\n\n<p><strong>El edificio fue comprado por Ceconsud en 1998&nbsp;<\/strong>y, al a\u00f1o siguiente, fue declarado&nbsp;<strong>Monumento Hist\u00f3rico Nacional<\/strong>&nbsp;(Decreto 339\/99). En 2017 se declar\u00f3 de inter\u00e9s municipal y sujeto a expropiaci\u00f3n el predio de la ex Bodega Arizu por Ordenanza 6.725\/17 dictada por el Concejo Deliberante.<\/p>\n\n\n\n<p>En 2018, la ley provincial 9.047\/18 lo declar\u00f3 de utilidad p\u00fablica y sujeto a expropiaci\u00f3n.<\/p>\n\n\n\n<p><strong>Ya en 2019 la Municipalidad tom\u00f3 posesi\u00f3n del terreno y los edificios<\/strong>\u00a0y comenz\u00f3 a realizar trabajos de limpieza y mantenimiento, elabor\u00f3 un m\u00e1ster plan e inici\u00f3 la evaluaci\u00f3n y puesta en valor del rico archivo, a la par de los profesionales de la Junta de Estudios Hist\u00f3ricos de Godoy Cruz.<\/p>\n\n\n\n<p>Diario UNO<\/p>\n","protected":false},"excerpt":{"rendered":"<p>Con la presencia del gobernador\u00a0Rodolfo Suarez\u00a0y por supuesto del jefe comunal Tadeo Garc\u00eda Zalazar Godoy Cruz se inaugur\u00f3 este jueves el\u00a0Espacio Arizu,\u00a0un emblem\u00e1tico predio recuperado, ubicado en la avenida San Mart\u00edn al 1500 del departamento. Este acto form\u00f3 parte de los festejos por el 168\u00b0 aniversario de la comuna y asistieron cientos de vecinos. Tambi\u00e9n<a class=\"read-more\" href=\"https:\/\/elfederalmendoza.com.ar\/index.php\/2023\/05\/12\/suarez-acompano-a-tadeo-en-la-reinauguracion-del-espacio-arizu-en-godoy-cruz-ante-una-masiva-concurrencia\/\"> [&hellip;]<\/a><\/p>\n","protected":false},"author":2,"featured_media":22690,"comment_status":"open","ping_status":"open","sticky":false,"template":"","format":"standard","meta":{"footnotes":""},"categories":[1],"tags":[],"class_list":["post-22689","post","type-post","status-publish","format-standard","has-post-thumbnail","hentry","category-mza"],"rttpg_featured_image_url":{"full":["https:\/\/elfederalmendoza.com.ar\/wp-content\/uploads\/2023\/05\/arizu1.jpg",1113,608,false],"landscape":["https:\/\/elfederalmendoza.com.ar\/wp-content\/uploads\/2023\/05\/arizu1.jpg",1113,608,false],"portraits":["https:\/\/elfederalmendoza.com.ar\/wp-content\/uploads\/2023\/05\/arizu1.jpg",1113,608,false],"thumbnail":["https:\/\/elfederalmendoza.com.ar\/wp-content\/uploads\/2023\/05\/arizu1-150x150.jpg",150,150,true],"medium":["https:\/\/elfederalmendoza.com.ar\/wp-content\/uploads\/2023\/05\/arizu1-300x164.jpg",300,164,true],"large":["https:\/\/elfederalmendoza.com.ar\/wp-content\/uploads\/2023\/05\/arizu1-1024x559.jpg",640,349,true],"1536x1536":["https:\/\/elfederalmendoza.com.ar\/wp-content\/uploads\/2023\/05\/arizu1.jpg",1113,608,false],"2048x2048":["https:\/\/elfederalmendoza.com.ar\/wp-content\/uploads\/2023\/05\/arizu1.jpg",1113,608,false],"ultp_layout_landscape_large":["https:\/\/elfederalmendoza.com.ar\/wp-content\/uploads\/2023\/05\/arizu1.jpg",1113,608,false],"ultp_layout_landscape":["https:\/\/elfederalmendoza.com.ar\/wp-content\/uploads\/2023\/05\/arizu1-870x570.jpg",870,570,true],"ultp_layout_portrait":["https:\/\/elfederalmendoza.com.ar\/wp-content\/uploads\/2023\/05\/arizu1-600x608.jpg",600,608,true],"ultp_layout_square":["https:\/\/elfederalmendoza.com.ar\/wp-content\/uploads\/2023\/05\/arizu1-600x600.jpg",600,600,true],"rpwe-thumbnail":["https:\/\/elfederalmendoza.com.ar\/wp-content\/uploads\/2023\/05\/arizu1-45x45.jpg",45,45,true],"advps-thumb-one":["https:\/\/elfederalmendoza.com.ar\/wp-content\/uploads\/2023\/05\/arizu1-1113x420.jpg",1113,420,true]},"rttpg_author":{"display_name":"Redacci\u00f3n El Federal","author_link":"https:\/\/elfederalmendoza.com.ar\/index.php\/author\/angelflores\/"},"rttpg_comment":0,"rttpg_category":"<a href=\"https:\/\/elfederalmendoza.com.ar\/index.php\/category\/mza\/\" rel=\"category tag\">Mendoza<\/a>","rttpg_excerpt":"Con la presencia del gobernador\u00a0Rodolfo Suarez\u00a0y por supuesto del jefe comunal Tadeo Garc\u00eda Zalazar Godoy Cruz se inaugur\u00f3 este jueves el\u00a0Espacio Arizu,\u00a0un emblem\u00e1tico predio recuperado, ubicado en la avenida San Mart\u00edn al 1500 del departamento. Este acto form\u00f3 parte de los festejos por el 168\u00b0 aniversario de la comuna y asistieron cientos de vecinos. Tambi\u00e9n&hellip;","_links":{"self":[{"href":"https:\/\/elfederalmendoza.com.ar\/index.php\/wp-json\/wp\/v2\/posts\/22689","targetHints":{"allow":["GET"]}}],"collection":[{"href":"https:\/\/elfederalmendoza.com.ar\/index.php\/wp-json\/wp\/v2\/posts"}],"about":[{"href":"https:\/\/elfederalmendoza.com.ar\/index.php\/wp-json\/wp\/v2\/types\/post"}],"author":[{"embeddable":true,"href":"https:\/\/elfederalmendoza.com.ar\/index.php\/wp-json\/wp\/v2\/users\/2"}],"replies":[{"embeddable":true,"href":"https:\/\/elfederalmendoza.com.ar\/index.php\/wp-json\/wp\/v2\/comments?post=22689"}],"version-history":[{"count":1,"href":"https:\/\/elfederalmendoza.com.ar\/index.php\/wp-json\/wp\/v2\/posts\/22689\/revisions"}],"predecessor-version":[{"id":22691,"href":"https:\/\/elfederalmendoza.com.ar\/index.php\/wp-json\/wp\/v2\/posts\/22689\/revisions\/22691"}],"wp:featuredmedia":[{"embeddable":true,"href":"https:\/\/elfederalmendoza.com.ar\/index.php\/wp-json\/wp\/v2\/media\/22690"}],"wp:attachment":[{"href":"https:\/\/elfederalmendoza.com.ar\/index.php\/wp-json\/wp\/v2\/media?parent=22689"}],"wp:term":[{"taxonomy":"category","embeddable":true,"href":"https:\/\/elfederalmendoza.com.ar\/index.php\/wp-json\/wp\/v2\/categories?post=22689"},{"taxonomy":"post_tag","embeddable":true,"href":"https:\/\/elfederalmendoza.com.ar\/index.php\/wp-json\/wp\/v2\/tags?post=22689"}],"curies":[{"name":"wp","href":"https:\/\/api.w.org\/{rel}","templated":true}]}}