{"id":22692,"date":"2023-05-12T09:41:06","date_gmt":"2023-05-12T12:41:06","guid":{"rendered":"https:\/\/elfederalmendoza.com\/?p=22692"},"modified":"2023-05-12T09:41:40","modified_gmt":"2023-05-12T12:41:40","slug":"un-decreto-oficial-firmado-por-el-gobernador-confirmo-una-sancion-a-una-veterinaria-por-injurias-a-colegas-del-ex-zoo-de-mendoza","status":"publish","type":"post","link":"https:\/\/elfederalmendoza.com.ar\/index.php\/2023\/05\/12\/un-decreto-oficial-firmado-por-el-gobernador-confirmo-una-sancion-a-una-veterinaria-por-injurias-a-colegas-del-ex-zoo-de-mendoza\/","title":{"rendered":"Un decreto firmado por el Gobernador confirm\u00f3 una sanci\u00f3n a una veterinaria por injurias a colegas del ex Zoo de Mendoza"},"content":{"rendered":"\n<p>El&nbsp;<strong>Gobierno de Mendoza&nbsp;<\/strong>confirm\u00f3 una sanci\u00f3n contra&nbsp;<strong>Jennifer Ibarra<\/strong>, sobre quien el&nbsp;<strong>Colegio de Veterinarios<\/strong>&nbsp;local hab\u00eda realizado un apercibimiento p\u00fablico a ra\u00edz de algunos&nbsp;<strong>dichos de la activista sobre sus colegas<\/strong>&nbsp;del ex Zool\u00f3gico (hoy Ecoparque). De este modo, la v\u00eda administrativa se agot\u00f3 y a&nbsp;la referente de la&nbsp;<strong>Fundaci\u00f3n Cullunche<\/strong>&nbsp;s\u00f3lo le quedar\u00e1 como opci\u00f3n apelar a la&nbsp;<strong>Suprema Corte de Justicia<\/strong>.<\/p>\n\n\n\n<p>El litigio comenz\u00f3 en 2016. En aquel momento,&nbsp;<strong>Ibarra critic\u00f3 con dureza a quienes se desempe\u00f1aban en el predio ubicado al pie de Cerro de la Gloria<\/strong>. Incluso -seg\u00fan la acusaci\u00f3n- lleg\u00f3 a decir que los empleados del lugar<strong>&nbsp;no ten\u00edan coraz\u00f3n<\/strong>&nbsp;y que exist\u00eda<strong>&nbsp;robo de pieles<\/strong>.<\/p>\n\n\n\n<figure class=\"wp-block-image\"><img decoding=\"async\" src=\"https:\/\/media.diariouno.com.ar\/p\/367140cf7ee04e9927f95fcabe306d5d\/adjuntos\/298\/imagenes\/009\/155\/0009155806\/1200x0\/smart\/jennifer-ibarra-no-hay-corazonjpg.jpg\" alt=\"Uno de los tuits que ofendieron a los veterinarios: \"\/><\/figure>\n\n\n\n<p>Uno de los tuits que ofendieron a los veterinarios: \u00abLos \u00fanicos responsables de lo que sucede en el zool\u00f3gico son los empleados, del primero al \u00faltimo. No hay coraz\u00f3n\u00bb, subray\u00f3 Ibarra.<\/p>\n\n\n\n<h2 class=\"wp-block-heading\" id=\"El_enojo_de_otros_veterinarios\">El enojo de otros veterinarios<\/h2>\n\n\n\n<p>Frente a esta situaci\u00f3n, los veterinarios&nbsp;<strong>Anal\u00eda Pedrosa, Luis Jim\u00e9nez Baigorria, Oscar R\u00edos, Juan Pablo Coniglione, Ignacio Kemec y Corina Zerpa<\/strong>&nbsp;hicieron una presentaci\u00f3n ante el&nbsp;<strong>Tribunal de \u00c9tica<\/strong>&nbsp;del Colegio que agrupa a los profesionales que se dedican a esa disciplina en la provincia.<\/p>\n\n\n\n<p>Entre otras pruebas, mencionaron varias&nbsp;<strong>publicaciones de la aludida<\/strong>&nbsp;en redes sociales. All\u00ed, Ibarra planteaba fuertes cr\u00edticas,&nbsp;<strong>aunque sin acompa\u00f1arlas con denuncias formales ante la Justicia<\/strong>.<\/p>\n\n\n\n<figure class=\"wp-block-image\"><img decoding=\"async\" src=\"https:\/\/media.diariouno.com.ar\/p\/68ae3bb1581d2e38e1b9714e1fdb38b7\/adjuntos\/298\/imagenes\/009\/155\/0009155797\/1200x0\/smart\/jennifer-panterajpg.jpg\" alt=\"\"\/><\/figure>\n\n\n\n<p>En mayo de 2016, de hecho,&nbsp;<strong>se lleg\u00f3 a exhumar una pantera negra que hab\u00eda fallecido&nbsp;<\/strong>y sobre cuyo destino se agitaron sospechas. Es m\u00e1s: Ibarra&nbsp;<strong>sugiri\u00f3 que la piel pod\u00eda haber sido vendida por alguien del Zoo<\/strong>. El procedimiento fue engorroso: se tuvo que llevar a una escribana del Gobierno para que presenciara el acto. Finalmente, al cavar la fosa se descubri\u00f3 que&nbsp;<strong>el felino estaba ah\u00ed; completo y en proceso de putrefacci\u00f3n<\/strong>.<\/p>\n\n\n\n<p>El expediente contra Ibarra, sin embargo,<strong>&nbsp;sufri\u00f3 demoras<\/strong>. Por eso algunos de los veterinarios contactaron al abogado&nbsp;<strong>Joaqu\u00edn Faliti<\/strong>. \u00abLa denuncia de estas personas -explic\u00f3 el letrado- tuvo que ver con que&nbsp;<strong>Ibarra sosten\u00eda continuamente que los veterinarios del zoo hac\u00edan negociados<\/strong>. Hasta dijo que un hipop\u00f3tamo hab\u00eda muerto de un balazo, cuando luego las pericias constataron que hab\u00eda fallecido por&nbsp;<strong>herirse con un hierro<\/strong>. Eran fundamentalmente&nbsp;<strong>denuncias medi\u00e1ticas<\/strong>, y el c\u00f3digo profesional indica que&nbsp;<strong>no se puede injuriar de este modo<\/strong>&nbsp;y sin pruebas a otros colegas\u00bb.<\/p>\n\n\n\n<p>Seg\u00fan explic\u00f3 Faliti, el proceso para sancionar a Ibarra comenz\u00f3 en el&nbsp;<strong>Colegio de Veterinarios<\/strong>, cont\u00f3 con la sospechosa desaparici\u00f3n del expediente en el medio y, tras tomarse la decisi\u00f3n de sancionar a Ibarra, ella apel\u00f3. \u00abSeg\u00fan la normativa,&nbsp;<strong>quien deb\u00eda resolver esa apelaci\u00f3n era el Ministerio de Salud<\/strong>, y el decreto emitido recientemente se relaciona con el rechazo a ese recurso que interpuso la acusada\u00bb, apunt\u00f3 Faliti.<\/p>\n\n\n\n<p><strong>\u25baTE PUEDE INTERESAR:<a href=\"https:\/\/elfederalmendoza.com\/index.php\/2023\/05\/09\/los-monos-sueltos-en-el-cerro-de-la-gloria-un-peligro-para-los-humanos-y-para-los-animales\/\">&nbsp;Los monos sueltos en el Cerro de la Gloria: Un peligro para los humanos y para los animales <\/a><\/strong><\/p>\n\n\n\n<h2 class=\"wp-block-heading\" id=\"El_decreto_que_rechaz\u00f3_la_apelaci\u00f3n_de_Jennifer_Ibarra\">El decreto que rechaz\u00f3 la apelaci\u00f3n de Jennifer Ibarra<\/h2>\n\n\n\n<p>En el decreto oficial -que lleva&nbsp;<strong>las firmas del gobernador, Rodolfo Suarez, y la ministra de Salud, Ana Mar\u00eda Nadal<\/strong>&#8211; se rechaza el recurso de alzada interpuesto por Ibarra. Se declara que \u00abla recurrente&nbsp;<strong>no rebate los fundamentos ya dados en las resoluciones dictadas<\/strong>, al confirmar el apercibimiento que la agravia\u00bb y se agrega que \u00abninguna raz\u00f3n aporta al Poder Ejecutivo, para que aquel pueda constatar y declarar la pretendida ilegitimidad de la sanci\u00f3n\u00bb.<\/p>\n\n\n\n<p>Para el Gobierno, pues,&nbsp;<strong>\u00abla sanci\u00f3n est\u00e1 suficientemente motivada, razonada y proporcionada a la falta\u00bb<\/strong>.<\/p>\n\n\n\n<p>Si bien se trata de un&nbsp;<strong>castigo leve<\/strong>, ya que no afecta a la matr\u00edcula de la activista, s\u00ed es&nbsp;<strong>el principio de una respuesta para los veterinarios que se sintieron agraviados<\/strong>. La siguiente instancia para Ibarra ser\u00eda recurrir a la&nbsp;<strong>Suprema Corte de Justicia<\/strong>, algo que -seg\u00fan dichos de ella misma, que&nbsp;<strong>no se ha retractado<\/strong>&#8211; cabe dentro de las posibilidades a futuro.<\/p>\n\n\n\n<p>Faliti detall\u00f3: \u00abLa instancia administrativa, no obstante, ya est\u00e1 agotada.<strong>&nbsp;Ahora lo que quedar\u00eda, en todo caso, es agotar las instancias judiciales<\/strong>\u00ab.<\/p>\n\n\n\n<p>Diario UNO<\/p>\n","protected":false},"excerpt":{"rendered":"<p>El&nbsp;Gobierno de Mendoza&nbsp;confirm\u00f3 una sanci\u00f3n contra&nbsp;Jennifer Ibarra, sobre quien el&nbsp;Colegio de Veterinarios&nbsp;local hab\u00eda realizado un apercibimiento p\u00fablico a ra\u00edz de algunos&nbsp;dichos de la activista sobre sus colegas&nbsp;del ex Zool\u00f3gico (hoy Ecoparque). De este modo, la v\u00eda administrativa se agot\u00f3 y a&nbsp;la referente de la&nbsp;Fundaci\u00f3n Cullunche&nbsp;s\u00f3lo le quedar\u00e1 como opci\u00f3n apelar a la&nbsp;Suprema Corte de Justicia.<a class=\"read-more\" href=\"https:\/\/elfederalmendoza.com.ar\/index.php\/2023\/05\/12\/un-decreto-oficial-firmado-por-el-gobernador-confirmo-una-sancion-a-una-veterinaria-por-injurias-a-colegas-del-ex-zoo-de-mendoza\/\"> [&hellip;]<\/a><\/p>\n","protected":false},"author":2,"featured_media":22693,"comment_status":"open","ping_status":"open","sticky":false,"template":"","format":"standard","meta":{"footnotes":""},"categories":[1],"tags":[],"class_list":["post-22692","post","type-post","status-publish","format-standard","has-post-thumbnail","hentry","category-mza"],"rttpg_featured_image_url":{"full":["https:\/\/elfederalmendoza.com.ar\/wp-content\/uploads\/2023\/05\/cullunche.jpg",1103,608,false],"landscape":["https:\/\/elfederalmendoza.com.ar\/wp-content\/uploads\/2023\/05\/cullunche.jpg",1103,608,false],"portraits":["https:\/\/elfederalmendoza.com.ar\/wp-content\/uploads\/2023\/05\/cullunche.jpg",1103,608,false],"thumbnail":["https:\/\/elfederalmendoza.com.ar\/wp-content\/uploads\/2023\/05\/cullunche-150x150.jpg",150,150,true],"medium":["https:\/\/elfederalmendoza.com.ar\/wp-content\/uploads\/2023\/05\/cullunche-300x165.jpg",300,165,true],"large":["https:\/\/elfederalmendoza.com.ar\/wp-content\/uploads\/2023\/05\/cullunche-1024x564.jpg",640,353,true],"1536x1536":["https:\/\/elfederalmendoza.com.ar\/wp-content\/uploads\/2023\/05\/cullunche.jpg",1103,608,false],"2048x2048":["https:\/\/elfederalmendoza.com.ar\/wp-content\/uploads\/2023\/05\/cullunche.jpg",1103,608,false],"ultp_layout_landscape_large":["https:\/\/elfederalmendoza.com.ar\/wp-content\/uploads\/2023\/05\/cullunche.jpg",1103,608,false],"ultp_layout_landscape":["https:\/\/elfederalmendoza.com.ar\/wp-content\/uploads\/2023\/05\/cullunche-870x570.jpg",870,570,true],"ultp_layout_portrait":["https:\/\/elfederalmendoza.com.ar\/wp-content\/uploads\/2023\/05\/cullunche-600x608.jpg",600,608,true],"ultp_layout_square":["https:\/\/elfederalmendoza.com.ar\/wp-content\/uploads\/2023\/05\/cullunche-600x600.jpg",600,600,true],"rpwe-thumbnail":["https:\/\/elfederalmendoza.com.ar\/wp-content\/uploads\/2023\/05\/cullunche-45x45.jpg",45,45,true],"advps-thumb-one":["https:\/\/elfederalmendoza.com.ar\/wp-content\/uploads\/2023\/05\/cullunche-1103x420.jpg",1103,420,true]},"rttpg_author":{"display_name":"Redacci\u00f3n El Federal","author_link":"https:\/\/elfederalmendoza.com.ar\/index.php\/author\/angelflores\/"},"rttpg_comment":0,"rttpg_category":"<a href=\"https:\/\/elfederalmendoza.com.ar\/index.php\/category\/mza\/\" rel=\"category tag\">Mendoza<\/a>","rttpg_excerpt":"El&nbsp;Gobierno de Mendoza&nbsp;confirm\u00f3 una sanci\u00f3n contra&nbsp;Jennifer Ibarra, sobre quien el&nbsp;Colegio de Veterinarios&nbsp;local hab\u00eda realizado un apercibimiento p\u00fablico a ra\u00edz de algunos&nbsp;dichos de la activista sobre sus colegas&nbsp;del ex Zool\u00f3gico (hoy Ecoparque). De este modo, la v\u00eda administrativa se agot\u00f3 y a&nbsp;la referente de la&nbsp;Fundaci\u00f3n Cullunche&nbsp;s\u00f3lo le quedar\u00e1 como opci\u00f3n apelar a la&nbsp;Suprema Corte de Justicia.&hellip;","_links":{"self":[{"href":"https:\/\/elfederalmendoza.com.ar\/index.php\/wp-json\/wp\/v2\/posts\/22692","targetHints":{"allow":["GET"]}}],"collection":[{"href":"https:\/\/elfederalmendoza.com.ar\/index.php\/wp-json\/wp\/v2\/posts"}],"about":[{"href":"https:\/\/elfederalmendoza.com.ar\/index.php\/wp-json\/wp\/v2\/types\/post"}],"author":[{"embeddable":true,"href":"https:\/\/elfederalmendoza.com.ar\/index.php\/wp-json\/wp\/v2\/users\/2"}],"replies":[{"embeddable":true,"href":"https:\/\/elfederalmendoza.com.ar\/index.php\/wp-json\/wp\/v2\/comments?post=22692"}],"version-history":[{"count":2,"href":"https:\/\/elfederalmendoza.com.ar\/index.php\/wp-json\/wp\/v2\/posts\/22692\/revisions"}],"predecessor-version":[{"id":22695,"href":"https:\/\/elfederalmendoza.com.ar\/index.php\/wp-json\/wp\/v2\/posts\/22692\/revisions\/22695"}],"wp:featuredmedia":[{"embeddable":true,"href":"https:\/\/elfederalmendoza.com.ar\/index.php\/wp-json\/wp\/v2\/media\/22693"}],"wp:attachment":[{"href":"https:\/\/elfederalmendoza.com.ar\/index.php\/wp-json\/wp\/v2\/media?parent=22692"}],"wp:term":[{"taxonomy":"category","embeddable":true,"href":"https:\/\/elfederalmendoza.com.ar\/index.php\/wp-json\/wp\/v2\/categories?post=22692"},{"taxonomy":"post_tag","embeddable":true,"href":"https:\/\/elfederalmendoza.com.ar\/index.php\/wp-json\/wp\/v2\/tags?post=22692"}],"curies":[{"name":"wp","href":"https:\/\/api.w.org\/{rel}","templated":true}]}}