{"id":22696,"date":"2023-05-12T10:32:52","date_gmt":"2023-05-12T13:32:52","guid":{"rendered":"https:\/\/elfederalmendoza.com\/?p=22696"},"modified":"2023-05-12T10:32:53","modified_gmt":"2023-05-12T13:32:53","slug":"un-delincuente-estaba-asaltando-a-una-mujer-y-un-hombre-lo-apaleo-mandandolo-al-hospital","status":"publish","type":"post","link":"https:\/\/elfederalmendoza.com.ar\/index.php\/2023\/05\/12\/un-delincuente-estaba-asaltando-a-una-mujer-y-un-hombre-lo-apaleo-mandandolo-al-hospital\/","title":{"rendered":"Un delincuente estaba asaltando a una mujer y un hombre lo apale\u00f3 mand\u00e1ndolo al hospital"},"content":{"rendered":"\n<p><strong>Un ladr\u00f3n fue detenido este jueves por la noche en la Cuarta Secci\u00f3n&nbsp;<\/strong>de la Ciudad de Mendoza, gracias a la intervenci\u00f3n de un hombre que pasaba por el lugar cuando intent\u00f3 robarle a una mujer.<\/p>\n\n\n\n<p>El hecho ocurri\u00f3 pasadas las 21 horas en la calle Soler, entre Avenida Mitre y Moreno, a metros de la Plaza Yrigoyen. All\u00ed caminaba por el lugar una mujer de 52 a\u00f1os, quien fue interceptada por un delincuente que la amenaz\u00f3 y quiso robarle las pertenencias. Ella se resisti\u00f3 y forceje\u00f3 pero fue lesionada con un arma blanca.<\/p>\n\n\n\n<p>En ese momento pasaba por el lugar<strong>&nbsp;un hombre de 57 a\u00f1os, quien decidi\u00f3 intervenir y comenz\u00f3 a pelear con el ladr\u00f3n<\/strong>, recibiendo tambi\u00e9n pu\u00f1aladas, pero&nbsp;<strong>apaleando al malviviente.<\/strong><\/p>\n\n\n\n<p>La polic\u00eda lleg\u00f3 al lugar y captur\u00f3 al delincuente. En el lugar hallaron<strong> un arma blanca tipo navaja de 17 cent\u00edmetros<\/strong> de largo con un mango de madera.<\/p>\n\n\n\n<p>Minutos m\u00e1s tarde arrib\u00f3 a la zona una ambulancia del Servicio Coordinado de Emergencias que asisti\u00f3 a las dos v\u00edctimas: la mujer <strong>con cortes en su muslo izquierdo y en su dedo \u00edndice; el hombre con heridas en su hombro izquierdo y en su codo.<\/strong><\/p>\n\n\n\n<p>En tanto,&nbsp;<strong>el delincuente recibi\u00f3 una golpiza y debieron trasladarlo al Hospital Central<\/strong>.<\/p>\n\n\n\n<p><\/p>\n","protected":false},"excerpt":{"rendered":"<p>Un ladr\u00f3n fue detenido este jueves por la noche en la Cuarta Secci\u00f3n&nbsp;de la Ciudad de Mendoza, gracias a la intervenci\u00f3n de un hombre que pasaba por el lugar cuando intent\u00f3 robarle a una mujer. El hecho ocurri\u00f3 pasadas las 21 horas en la calle Soler, entre Avenida Mitre y Moreno, a metros de la<a class=\"read-more\" href=\"https:\/\/elfederalmendoza.com.ar\/index.php\/2023\/05\/12\/un-delincuente-estaba-asaltando-a-una-mujer-y-un-hombre-lo-apaleo-mandandolo-al-hospital\/\"> [&hellip;]<\/a><\/p>\n","protected":false},"author":2,"featured_media":22697,"comment_status":"open","ping_status":"open","sticky":false,"template":"","format":"standard","meta":{"footnotes":""},"categories":[1],"tags":[],"class_list":["post-22696","post","type-post","status-publish","format-standard","has-post-thumbnail","hentry","category-mza"],"rttpg_featured_image_url":{"full":["https:\/\/elfederalmendoza.com.ar\/wp-content\/uploads\/2023\/05\/palos2.jpg",891,663,false],"landscape":["https:\/\/elfederalmendoza.com.ar\/wp-content\/uploads\/2023\/05\/palos2.jpg",891,663,false],"portraits":["https:\/\/elfederalmendoza.com.ar\/wp-content\/uploads\/2023\/05\/palos2.jpg",891,663,false],"thumbnail":["https:\/\/elfederalmendoza.com.ar\/wp-content\/uploads\/2023\/05\/palos2-150x150.jpg",150,150,true],"medium":["https:\/\/elfederalmendoza.com.ar\/wp-content\/uploads\/2023\/05\/palos2-300x223.jpg",300,223,true],"large":["https:\/\/elfederalmendoza.com.ar\/wp-content\/uploads\/2023\/05\/palos2.jpg",640,476,false],"1536x1536":["https:\/\/elfederalmendoza.com.ar\/wp-content\/uploads\/2023\/05\/palos2.jpg",891,663,false],"2048x2048":["https:\/\/elfederalmendoza.com.ar\/wp-content\/uploads\/2023\/05\/palos2.jpg",891,663,false],"ultp_layout_landscape_large":["https:\/\/elfederalmendoza.com.ar\/wp-content\/uploads\/2023\/05\/palos2.jpg",891,663,false],"ultp_layout_landscape":["https:\/\/elfederalmendoza.com.ar\/wp-content\/uploads\/2023\/05\/palos2-870x570.jpg",870,570,true],"ultp_layout_portrait":["https:\/\/elfederalmendoza.com.ar\/wp-content\/uploads\/2023\/05\/palos2-600x663.jpg",600,663,true],"ultp_layout_square":["https:\/\/elfederalmendoza.com.ar\/wp-content\/uploads\/2023\/05\/palos2-600x600.jpg",600,600,true],"rpwe-thumbnail":["https:\/\/elfederalmendoza.com.ar\/wp-content\/uploads\/2023\/05\/palos2-45x45.jpg",45,45,true],"advps-thumb-one":["https:\/\/elfederalmendoza.com.ar\/wp-content\/uploads\/2023\/05\/palos2-891x420.jpg",891,420,true]},"rttpg_author":{"display_name":"Redacci\u00f3n El Federal","author_link":"https:\/\/elfederalmendoza.com.ar\/index.php\/author\/angelflores\/"},"rttpg_comment":0,"rttpg_category":"<a href=\"https:\/\/elfederalmendoza.com.ar\/index.php\/category\/mza\/\" rel=\"category tag\">Mendoza<\/a>","rttpg_excerpt":"Un ladr\u00f3n fue detenido este jueves por la noche en la Cuarta Secci\u00f3n&nbsp;de la Ciudad de Mendoza, gracias a la intervenci\u00f3n de un hombre que pasaba por el lugar cuando intent\u00f3 robarle a una mujer. El hecho ocurri\u00f3 pasadas las 21 horas en la calle Soler, entre Avenida Mitre y Moreno, a metros de la&hellip;","_links":{"self":[{"href":"https:\/\/elfederalmendoza.com.ar\/index.php\/wp-json\/wp\/v2\/posts\/22696","targetHints":{"allow":["GET"]}}],"collection":[{"href":"https:\/\/elfederalmendoza.com.ar\/index.php\/wp-json\/wp\/v2\/posts"}],"about":[{"href":"https:\/\/elfederalmendoza.com.ar\/index.php\/wp-json\/wp\/v2\/types\/post"}],"author":[{"embeddable":true,"href":"https:\/\/elfederalmendoza.com.ar\/index.php\/wp-json\/wp\/v2\/users\/2"}],"replies":[{"embeddable":true,"href":"https:\/\/elfederalmendoza.com.ar\/index.php\/wp-json\/wp\/v2\/comments?post=22696"}],"version-history":[{"count":1,"href":"https:\/\/elfederalmendoza.com.ar\/index.php\/wp-json\/wp\/v2\/posts\/22696\/revisions"}],"predecessor-version":[{"id":22698,"href":"https:\/\/elfederalmendoza.com.ar\/index.php\/wp-json\/wp\/v2\/posts\/22696\/revisions\/22698"}],"wp:featuredmedia":[{"embeddable":true,"href":"https:\/\/elfederalmendoza.com.ar\/index.php\/wp-json\/wp\/v2\/media\/22697"}],"wp:attachment":[{"href":"https:\/\/elfederalmendoza.com.ar\/index.php\/wp-json\/wp\/v2\/media?parent=22696"}],"wp:term":[{"taxonomy":"category","embeddable":true,"href":"https:\/\/elfederalmendoza.com.ar\/index.php\/wp-json\/wp\/v2\/categories?post=22696"},{"taxonomy":"post_tag","embeddable":true,"href":"https:\/\/elfederalmendoza.com.ar\/index.php\/wp-json\/wp\/v2\/tags?post=22696"}],"curies":[{"name":"wp","href":"https:\/\/api.w.org\/{rel}","templated":true}]}}