{"id":22699,"date":"2023-05-12T10:55:32","date_gmt":"2023-05-12T13:55:32","guid":{"rendered":"https:\/\/elfederalmendoza.com\/?p=22699"},"modified":"2023-05-12T10:58:07","modified_gmt":"2023-05-12T13:58:07","slug":"un-joven-de-17-anos-estaba-en-la-parada-del-micro-en-villa-hipodromo-y-fue-apunalado","status":"publish","type":"post","link":"https:\/\/elfederalmendoza.com.ar\/index.php\/2023\/05\/12\/un-joven-de-17-anos-estaba-en-la-parada-del-micro-en-villa-hipodromo-y-fue-apunalado\/","title":{"rendered":"Un joven de 17 a\u00f1os estaba en la parada del micro en Villa Hip\u00f3dromo y fue apu\u00f1alado"},"content":{"rendered":"\n<p>Un&nbsp;<strong>adolescente de 17 a\u00f1os fue apu\u00f1alado<\/strong>&nbsp;este jueves por la tarde en una concurrida zona del departamento de<strong>&nbsp;Godoy Cruz<\/strong>&nbsp;y est\u00e1 internado en el Hospital Central.<\/p>\n\n\n\n<p>El hecho ocurri\u00f3 alrededor de las 19 horas en la esquina de&nbsp;<strong>Pedro J. Godoy y Jos\u00e9 Penna, en Villa Hip\u00f3dromo<\/strong>, a una cuadra de la Avenida Paso de Los Andes y a metros del Zanj\u00f3n Fr\u00edas, que marca el l\u00edmite con la Ciudad de Mendoza.<\/p>\n\n\n\n<p>El joven se encontraba en la parada del colectivo esperando un micro de la l\u00ednea 400 cuando <strong>discuti\u00f3 con otra persona<\/strong>, esta sac\u00f3 un arma blanca y la apu\u00f1al\u00f3 en su torso.<\/p>\n\n\n\n<p>El chico debi\u00f3 ser trasladado al Hospital Central donde fue asistido de neumot\u00f3rax por el puntazo recibido. Qued\u00f3 internado y su estado es estable. <strong>Polic\u00eda investiga los motivos del hecho.<\/strong><\/p>\n","protected":false},"excerpt":{"rendered":"<p>Un&nbsp;adolescente de 17 a\u00f1os fue apu\u00f1alado&nbsp;este jueves por la tarde en una concurrida zona del departamento de&nbsp;Godoy Cruz&nbsp;y est\u00e1 internado en el Hospital Central. El hecho ocurri\u00f3 alrededor de las 19 horas en la esquina de&nbsp;Pedro J. Godoy y Jos\u00e9 Penna, en Villa Hip\u00f3dromo, a una cuadra de la Avenida Paso de Los Andes y<a class=\"read-more\" href=\"https:\/\/elfederalmendoza.com.ar\/index.php\/2023\/05\/12\/un-joven-de-17-anos-estaba-en-la-parada-del-micro-en-villa-hipodromo-y-fue-apunalado\/\"> [&hellip;]<\/a><\/p>\n","protected":false},"author":2,"featured_media":22701,"comment_status":"open","ping_status":"open","sticky":false,"template":"","format":"standard","meta":{"footnotes":""},"categories":[1],"tags":[],"class_list":["post-22699","post","type-post","status-publish","format-standard","has-post-thumbnail","hentry","category-mza"],"rttpg_featured_image_url":{"full":["https:\/\/elfederalmendoza.com.ar\/wp-content\/uploads\/2023\/05\/policia-de-mendoza5.jpg",1121,671,false],"landscape":["https:\/\/elfederalmendoza.com.ar\/wp-content\/uploads\/2023\/05\/policia-de-mendoza5.jpg",1121,671,false],"portraits":["https:\/\/elfederalmendoza.com.ar\/wp-content\/uploads\/2023\/05\/policia-de-mendoza5.jpg",1121,671,false],"thumbnail":["https:\/\/elfederalmendoza.com.ar\/wp-content\/uploads\/2023\/05\/policia-de-mendoza5-150x150.jpg",150,150,true],"medium":["https:\/\/elfederalmendoza.com.ar\/wp-content\/uploads\/2023\/05\/policia-de-mendoza5-300x180.jpg",300,180,true],"large":["https:\/\/elfederalmendoza.com.ar\/wp-content\/uploads\/2023\/05\/policia-de-mendoza5-1024x613.jpg",640,383,true],"1536x1536":["https:\/\/elfederalmendoza.com.ar\/wp-content\/uploads\/2023\/05\/policia-de-mendoza5.jpg",1121,671,false],"2048x2048":["https:\/\/elfederalmendoza.com.ar\/wp-content\/uploads\/2023\/05\/policia-de-mendoza5.jpg",1121,671,false],"ultp_layout_landscape_large":["https:\/\/elfederalmendoza.com.ar\/wp-content\/uploads\/2023\/05\/policia-de-mendoza5.jpg",1121,671,false],"ultp_layout_landscape":["https:\/\/elfederalmendoza.com.ar\/wp-content\/uploads\/2023\/05\/policia-de-mendoza5-870x570.jpg",870,570,true],"ultp_layout_portrait":["https:\/\/elfederalmendoza.com.ar\/wp-content\/uploads\/2023\/05\/policia-de-mendoza5-600x671.jpg",600,671,true],"ultp_layout_square":["https:\/\/elfederalmendoza.com.ar\/wp-content\/uploads\/2023\/05\/policia-de-mendoza5-600x600.jpg",600,600,true],"rpwe-thumbnail":["https:\/\/elfederalmendoza.com.ar\/wp-content\/uploads\/2023\/05\/policia-de-mendoza5-45x45.jpg",45,45,true],"advps-thumb-one":["https:\/\/elfederalmendoza.com.ar\/wp-content\/uploads\/2023\/05\/policia-de-mendoza5-1121x420.jpg",1121,420,true]},"rttpg_author":{"display_name":"Redacci\u00f3n El Federal","author_link":"https:\/\/elfederalmendoza.com.ar\/index.php\/author\/angelflores\/"},"rttpg_comment":0,"rttpg_category":"<a href=\"https:\/\/elfederalmendoza.com.ar\/index.php\/category\/mza\/\" rel=\"category tag\">Mendoza<\/a>","rttpg_excerpt":"Un&nbsp;adolescente de 17 a\u00f1os fue apu\u00f1alado&nbsp;este jueves por la tarde en una concurrida zona del departamento de&nbsp;Godoy Cruz&nbsp;y est\u00e1 internado en el Hospital Central. El hecho ocurri\u00f3 alrededor de las 19 horas en la esquina de&nbsp;Pedro J. Godoy y Jos\u00e9 Penna, en Villa Hip\u00f3dromo, a una cuadra de la Avenida Paso de Los Andes y&hellip;","_links":{"self":[{"href":"https:\/\/elfederalmendoza.com.ar\/index.php\/wp-json\/wp\/v2\/posts\/22699","targetHints":{"allow":["GET"]}}],"collection":[{"href":"https:\/\/elfederalmendoza.com.ar\/index.php\/wp-json\/wp\/v2\/posts"}],"about":[{"href":"https:\/\/elfederalmendoza.com.ar\/index.php\/wp-json\/wp\/v2\/types\/post"}],"author":[{"embeddable":true,"href":"https:\/\/elfederalmendoza.com.ar\/index.php\/wp-json\/wp\/v2\/users\/2"}],"replies":[{"embeddable":true,"href":"https:\/\/elfederalmendoza.com.ar\/index.php\/wp-json\/wp\/v2\/comments?post=22699"}],"version-history":[{"count":2,"href":"https:\/\/elfederalmendoza.com.ar\/index.php\/wp-json\/wp\/v2\/posts\/22699\/revisions"}],"predecessor-version":[{"id":22702,"href":"https:\/\/elfederalmendoza.com.ar\/index.php\/wp-json\/wp\/v2\/posts\/22699\/revisions\/22702"}],"wp:featuredmedia":[{"embeddable":true,"href":"https:\/\/elfederalmendoza.com.ar\/index.php\/wp-json\/wp\/v2\/media\/22701"}],"wp:attachment":[{"href":"https:\/\/elfederalmendoza.com.ar\/index.php\/wp-json\/wp\/v2\/media?parent=22699"}],"wp:term":[{"taxonomy":"category","embeddable":true,"href":"https:\/\/elfederalmendoza.com.ar\/index.php\/wp-json\/wp\/v2\/categories?post=22699"},{"taxonomy":"post_tag","embeddable":true,"href":"https:\/\/elfederalmendoza.com.ar\/index.php\/wp-json\/wp\/v2\/tags?post=22699"}],"curies":[{"name":"wp","href":"https:\/\/api.w.org\/{rel}","templated":true}]}}