{"id":22704,"date":"2023-05-12T15:15:00","date_gmt":"2023-05-12T18:15:00","guid":{"rendered":"https:\/\/elfederalmendoza.com\/?p=22704"},"modified":"2023-05-12T17:17:25","modified_gmt":"2023-05-12T20:17:25","slug":"larreta-sobre-los-dichos-de-inflacion-del-presidente-es-una-falta-de-respeto","status":"publish","type":"post","link":"https:\/\/elfederalmendoza.com.ar\/index.php\/2023\/05\/12\/larreta-sobre-los-dichos-de-inflacion-del-presidente-es-una-falta-de-respeto\/","title":{"rendered":"Larreta, sobre los dichos de inflaci\u00f3n del Presidente: \u00abEs una falta de respeto\u00bb"},"content":{"rendered":"\n<p>El jefe de Gobierno porte\u00f1o,<strong>\u00a0Horacio Rodr\u00edguez Larreta<\/strong>, critic\u00f3 al presidente<strong>\u00a0Alberto Fern\u00e1ndez<\/strong>\u00a0por sus dichos sobre la\u00a0<strong>inflaci\u00f3n<\/strong>\u00a0generada por una cuesti\u00f3n \u00abpsicol\u00f3gica\u00bb de los peque\u00f1os comerciantes\u00a0y asegur\u00f3 que \u00abes una falta de respeto\u00bb se\u00f1alar \u00abtama\u00f1a barbaridad\u00bb.<\/p>\n\n\n\n<p>\u00abEstamos viviendo tiempos duros, dif\u00edciles. En una horas vamos a ver el dato de la inflaci\u00f3n y seguro no va a ser una buena noticia. La inflaci\u00f3n come todos el bolsillo de la gente\u00bb, sostuvo el precandidato presidencial del PRO.<\/p>\n\n\n\n<p>Al encabezar un acto para destacar la aprobaci\u00f3n de leyes para facilitar el alquiler, la devoluci\u00f3n de impuestos y la eliminaci\u00f3n de tr\u00e1mites, el mandatario de la Ciudad se\u00f1al\u00f3 que \u00abla inflaci\u00f3n es decirle no y no a los gustos, a la vida\u00bb.<\/p>\n\n\n\n<p>Consultado sobre los dichos del Presidente, quien apunt\u00f3 contra los peque\u00f1os comerciantes al afirmar que incrementan los precios por una cuesti\u00f3n \u00abpsicol\u00f3gica\u00bb atada a las subidas del d\u00f3lar,&nbsp;Rodr\u00edguez Larreta manifest\u00f3: \u00abEs una falta de respeto a los argentinos.&nbsp;Estoy anonadado, absorto de que haya dicho tama\u00f1a barbaridad\u00bb.<\/p>\n\n\n\n<p>\u00abLas cosas van a cambiar cuando discutamos sobre lo importante, que es c\u00f3mo recuperar el trabajo y el sueldo y la jubilaci\u00f3n, que se escapa entre los dedos\u00bb, a\u00f1adi\u00f3.<\/p>\n\n\n\n<p>Y continu\u00f3: \u00abPrometer sin concretar es facil\u00edsimo. Los argentinos tenemos que exigir un Estado que mire para adelante, a largo plazo, que solucione los problemas que tenemos hoy, pero con la mirada puesto en el futuro y tenemos que hacerlo sin peleas. Existe un futuro en la Argentina si dejamos de pelearnos entre nosotros\u00bb.<\/p>\n\n\n\n<p>Por otra parte, el aspirante presidencial del PRO se refiri\u00f3 tambi\u00e9n a la decisi\u00f3n del tucumano Juan Manzur de bajarse de la candidatura a vicegobernador, luego del fallo de la Corte Suprema para suspender los comicios en la provincia norte\u00f1a: \u00abManzur hizo lo que siempre deber\u00eda haber hecho, que es no presentarse, porque es inconstitucional lo de \u00e9l y lo de (el sanjuanino Sergio) U\u00f1ac. Est\u00e1 fuera de discusi\u00f3n\u00bb.<\/p>\n\n\n\n<p>Adem\u00e1s, critic\u00f3 el \u00abataque violento del Presidente y todo el oficialismo a la Corte\u00bb por esas cautelares respecto a los comicios en San Juan y Tucum\u00e1n: \u00abMe da verg\u00fcenza que el Presidente ataque en cadena nacional a la Corte\u00bb.<\/p>\n\n\n\n<p>\u00abEn vez de andar armando manifestaciones, que trabajen, que laburen para los problemas de la gente\u00bb, se\u00f1al\u00f3, respecto a los dichos del jefe de Estado en la cadena nacional.<\/p>\n\n\n\n<p>Fuente: T\u00e9lam<\/p>\n","protected":false},"excerpt":{"rendered":"<p>El jefe de Gobierno porte\u00f1o,\u00a0Horacio Rodr\u00edguez Larreta, critic\u00f3 al presidente\u00a0Alberto Fern\u00e1ndez\u00a0por sus dichos sobre la\u00a0inflaci\u00f3n\u00a0generada por una cuesti\u00f3n \u00abpsicol\u00f3gica\u00bb de los peque\u00f1os comerciantes\u00a0y asegur\u00f3 que \u00abes una falta de respeto\u00bb se\u00f1alar \u00abtama\u00f1a barbaridad\u00bb. \u00abEstamos viviendo tiempos duros, dif\u00edciles. En una horas vamos a ver el dato de la inflaci\u00f3n y seguro no va a ser<a class=\"read-more\" href=\"https:\/\/elfederalmendoza.com.ar\/index.php\/2023\/05\/12\/larreta-sobre-los-dichos-de-inflacion-del-presidente-es-una-falta-de-respeto\/\"> [&hellip;]<\/a><\/p>\n","protected":false},"author":2,"featured_media":18954,"comment_status":"open","ping_status":"open","sticky":false,"template":"","format":"standard","meta":{"footnotes":""},"categories":[1],"tags":[],"class_list":["post-22704","post","type-post","status-publish","format-standard","has-post-thumbnail","hentry","category-mza"],"rttpg_featured_image_url":{"full":["https:\/\/elfederalmendoza.com.ar\/wp-content\/uploads\/2022\/08\/LARRETA.jpeg",1920,1080,false],"landscape":["https:\/\/elfederalmendoza.com.ar\/wp-content\/uploads\/2022\/08\/LARRETA.jpeg",1920,1080,false],"portraits":["https:\/\/elfederalmendoza.com.ar\/wp-content\/uploads\/2022\/08\/LARRETA.jpeg",1920,1080,false],"thumbnail":["https:\/\/elfederalmendoza.com.ar\/wp-content\/uploads\/2022\/08\/LARRETA-150x150.jpeg",150,150,true],"medium":["https:\/\/elfederalmendoza.com.ar\/wp-content\/uploads\/2022\/08\/LARRETA-300x169.jpeg",300,169,true],"large":["https:\/\/elfederalmendoza.com.ar\/wp-content\/uploads\/2022\/08\/LARRETA-1024x576.jpeg",640,360,true],"1536x1536":["https:\/\/elfederalmendoza.com.ar\/wp-content\/uploads\/2022\/08\/LARRETA-1536x864.jpeg",1536,864,true],"2048x2048":["https:\/\/elfederalmendoza.com.ar\/wp-content\/uploads\/2022\/08\/LARRETA.jpeg",1920,1080,false],"ultp_layout_landscape_large":["https:\/\/elfederalmendoza.com.ar\/wp-content\/uploads\/2022\/08\/LARRETA-1200x800.jpeg",1200,800,true],"ultp_layout_landscape":["https:\/\/elfederalmendoza.com.ar\/wp-content\/uploads\/2022\/08\/LARRETA-870x570.jpeg",870,570,true],"ultp_layout_portrait":["https:\/\/elfederalmendoza.com.ar\/wp-content\/uploads\/2022\/08\/LARRETA-600x900.jpeg",600,900,true],"ultp_layout_square":["https:\/\/elfederalmendoza.com.ar\/wp-content\/uploads\/2022\/08\/LARRETA-600x600.jpeg",600,600,true],"rpwe-thumbnail":["https:\/\/elfederalmendoza.com.ar\/wp-content\/uploads\/2022\/08\/LARRETA-45x45.jpeg",45,45,true],"advps-thumb-one":["https:\/\/elfederalmendoza.com.ar\/wp-content\/uploads\/2022\/08\/LARRETA-1200x420.jpeg",1200,420,true]},"rttpg_author":{"display_name":"Redacci\u00f3n El Federal","author_link":"https:\/\/elfederalmendoza.com.ar\/index.php\/author\/angelflores\/"},"rttpg_comment":0,"rttpg_category":"<a href=\"https:\/\/elfederalmendoza.com.ar\/index.php\/category\/mza\/\" rel=\"category tag\">Mendoza<\/a>","rttpg_excerpt":"El jefe de Gobierno porte\u00f1o,\u00a0Horacio Rodr\u00edguez Larreta, critic\u00f3 al presidente\u00a0Alberto Fern\u00e1ndez\u00a0por sus dichos sobre la\u00a0inflaci\u00f3n\u00a0generada por una cuesti\u00f3n \u00abpsicol\u00f3gica\u00bb de los peque\u00f1os comerciantes\u00a0y asegur\u00f3 que \u00abes una falta de respeto\u00bb se\u00f1alar \u00abtama\u00f1a barbaridad\u00bb. \u00abEstamos viviendo tiempos duros, dif\u00edciles. En una horas vamos a ver el dato de la inflaci\u00f3n y seguro no va a ser&hellip;","_links":{"self":[{"href":"https:\/\/elfederalmendoza.com.ar\/index.php\/wp-json\/wp\/v2\/posts\/22704","targetHints":{"allow":["GET"]}}],"collection":[{"href":"https:\/\/elfederalmendoza.com.ar\/index.php\/wp-json\/wp\/v2\/posts"}],"about":[{"href":"https:\/\/elfederalmendoza.com.ar\/index.php\/wp-json\/wp\/v2\/types\/post"}],"author":[{"embeddable":true,"href":"https:\/\/elfederalmendoza.com.ar\/index.php\/wp-json\/wp\/v2\/users\/2"}],"replies":[{"embeddable":true,"href":"https:\/\/elfederalmendoza.com.ar\/index.php\/wp-json\/wp\/v2\/comments?post=22704"}],"version-history":[{"count":1,"href":"https:\/\/elfederalmendoza.com.ar\/index.php\/wp-json\/wp\/v2\/posts\/22704\/revisions"}],"predecessor-version":[{"id":22705,"href":"https:\/\/elfederalmendoza.com.ar\/index.php\/wp-json\/wp\/v2\/posts\/22704\/revisions\/22705"}],"wp:featuredmedia":[{"embeddable":true,"href":"https:\/\/elfederalmendoza.com.ar\/index.php\/wp-json\/wp\/v2\/media\/18954"}],"wp:attachment":[{"href":"https:\/\/elfederalmendoza.com.ar\/index.php\/wp-json\/wp\/v2\/media?parent=22704"}],"wp:term":[{"taxonomy":"category","embeddable":true,"href":"https:\/\/elfederalmendoza.com.ar\/index.php\/wp-json\/wp\/v2\/categories?post=22704"},{"taxonomy":"post_tag","embeddable":true,"href":"https:\/\/elfederalmendoza.com.ar\/index.php\/wp-json\/wp\/v2\/tags?post=22704"}],"curies":[{"name":"wp","href":"https:\/\/api.w.org\/{rel}","templated":true}]}}