{"id":22706,"date":"2023-05-12T05:33:00","date_gmt":"2023-05-12T08:33:00","guid":{"rendered":"https:\/\/elfederalmendoza.com\/?p=22706"},"modified":"2023-05-12T17:36:28","modified_gmt":"2023-05-12T20:36:28","slug":"vecinos-lincharon-a-un-ladron-que-apunalo-a-dos-personas-en-un-robo-en-ciudad","status":"publish","type":"post","link":"https:\/\/elfederalmendoza.com.ar\/index.php\/2023\/05\/12\/vecinos-lincharon-a-un-ladron-que-apunalo-a-dos-personas-en-un-robo-en-ciudad\/","title":{"rendered":"Vecinos lincharon a un ladr\u00f3n que apu\u00f1al\u00f3 a dos personas en un robo en Ciudad"},"content":{"rendered":"\n<p><strong>Vecinos de\u00a0Ciudad\u00a0detuvieron a un ladr\u00f3n que hab\u00eda apu\u00f1alado a dos personas durante un\u00a0robo\u00a0y le dieron una verdadera paliza<\/strong>, por lo que no s\u00f3lo debieron ser asistidas las v\u00edctimas sino que el delincuente tambi\u00e9n termin\u00f3 internado.<\/p>\n\n\n\n<p>Todo ocurri\u00f3 a las\u00a0<strong>22.30 del jueves en la calle Soler al 400, en Ciudad,<\/strong>\u00a0donde un joven asalt\u00f3 a una mujer, quien aparentemente se resisti\u00f3 del robo.<\/p>\n\n\n\n<p>Entonces<strong>&nbsp;el individuo la golpe\u00f3 y luego le dio una pu\u00f1alada en la pierna.&nbsp;<\/strong>Esto fue observado por un hombre que justo caminaba por el lugar, y quien intervino para defender a la mujer.<\/p>\n\n\n\n<p>Sin embargo,&nbsp;<strong>ese hombre tambi\u00e9n fue atacado por el ladr\u00f3n y recibi\u00f3 una pu\u00f1alada en el hombro izquierdo<\/strong>&nbsp;a la altura del hom\u00f3plato.<\/p>\n\n\n\n<p>Los gritos en la v\u00eda p\u00fablica alertaron al resto de los vecinos de la cuadra, quienes salieron a la calle para observar lo que estaba ocurriendo.<\/p>\n\n\n\n<p>En ese momento<strong>&nbsp;el ladr\u00f3n intent\u00f3 escapar corriendo pero fue atrapado. A partir de ese momento y hasta que la polic\u00eda lleg\u00f3 al lugar, el individuo fue brutalmente golpeado.<\/strong><\/p>\n\n\n\n<p>Lo cierto es que luego distintas ambulancias del Servicio de Emergencias Coordinado debieron asistir tanto a las v\u00edctimas como al delincuente, a quien le secuestraron un cuchillo con manchas de sangre.<\/p>\n\n\n\n<p>El acusado, identificado com<strong>o Isaias Leonel Alfonso (24), qued\u00f3 internado con custodia policial&nbsp;<\/strong>y cuando se recupere de las lesione sufridas en la paliza, quedar\u00e1 a disposici\u00f3n de la justicia.<\/p>\n\n\n\n<p>Por su parte,<strong>&nbsp;las dos v\u00edctimas tambi\u00e9n fueron trasladadas a un centro asistencial&nbsp;<\/strong>y afortunadamente ambas est\u00e1n fuera de peligro.<\/p>\n\n\n\n<p>Las actuaciones de lo ocurrido quedaron a cargo de la Oficina Fiscal 13 de Ciudad.<\/p>\n","protected":false},"excerpt":{"rendered":"<p>Vecinos de\u00a0Ciudad\u00a0detuvieron a un ladr\u00f3n que hab\u00eda apu\u00f1alado a dos personas durante un\u00a0robo\u00a0y le dieron una verdadera paliza, por lo que no s\u00f3lo debieron ser asistidas las v\u00edctimas sino que el delincuente tambi\u00e9n termin\u00f3 internado. Todo ocurri\u00f3 a las\u00a022.30 del jueves en la calle Soler al 400, en Ciudad,\u00a0donde un joven asalt\u00f3 a una mujer,<a class=\"read-more\" href=\"https:\/\/elfederalmendoza.com.ar\/index.php\/2023\/05\/12\/vecinos-lincharon-a-un-ladron-que-apunalo-a-dos-personas-en-un-robo-en-ciudad\/\"> [&hellip;]<\/a><\/p>\n","protected":false},"author":2,"featured_media":22708,"comment_status":"open","ping_status":"open","sticky":false,"template":"","format":"standard","meta":{"footnotes":""},"categories":[1],"tags":[],"class_list":["post-22706","post","type-post","status-publish","format-standard","has-post-thumbnail","hentry","category-mza"],"rttpg_featured_image_url":{"full":["https:\/\/elfederalmendoza.com.ar\/wp-content\/uploads\/2023\/05\/rwatnwran.jpg",900,675,false],"landscape":["https:\/\/elfederalmendoza.com.ar\/wp-content\/uploads\/2023\/05\/rwatnwran.jpg",900,675,false],"portraits":["https:\/\/elfederalmendoza.com.ar\/wp-content\/uploads\/2023\/05\/rwatnwran.jpg",900,675,false],"thumbnail":["https:\/\/elfederalmendoza.com.ar\/wp-content\/uploads\/2023\/05\/rwatnwran-150x150.jpg",150,150,true],"medium":["https:\/\/elfederalmendoza.com.ar\/wp-content\/uploads\/2023\/05\/rwatnwran-300x225.jpg",300,225,true],"large":["https:\/\/elfederalmendoza.com.ar\/wp-content\/uploads\/2023\/05\/rwatnwran.jpg",640,480,false],"1536x1536":["https:\/\/elfederalmendoza.com.ar\/wp-content\/uploads\/2023\/05\/rwatnwran.jpg",900,675,false],"2048x2048":["https:\/\/elfederalmendoza.com.ar\/wp-content\/uploads\/2023\/05\/rwatnwran.jpg",900,675,false],"ultp_layout_landscape_large":["https:\/\/elfederalmendoza.com.ar\/wp-content\/uploads\/2023\/05\/rwatnwran.jpg",900,675,false],"ultp_layout_landscape":["https:\/\/elfederalmendoza.com.ar\/wp-content\/uploads\/2023\/05\/rwatnwran-870x570.jpg",870,570,true],"ultp_layout_portrait":["https:\/\/elfederalmendoza.com.ar\/wp-content\/uploads\/2023\/05\/rwatnwran-600x675.jpg",600,675,true],"ultp_layout_square":["https:\/\/elfederalmendoza.com.ar\/wp-content\/uploads\/2023\/05\/rwatnwran-600x600.jpg",600,600,true],"rpwe-thumbnail":["https:\/\/elfederalmendoza.com.ar\/wp-content\/uploads\/2023\/05\/rwatnwran-45x45.jpg",45,45,true],"advps-thumb-one":["https:\/\/elfederalmendoza.com.ar\/wp-content\/uploads\/2023\/05\/rwatnwran-900x420.jpg",900,420,true]},"rttpg_author":{"display_name":"Redacci\u00f3n El Federal","author_link":"https:\/\/elfederalmendoza.com.ar\/index.php\/author\/angelflores\/"},"rttpg_comment":0,"rttpg_category":"<a href=\"https:\/\/elfederalmendoza.com.ar\/index.php\/category\/mza\/\" rel=\"category tag\">Mendoza<\/a>","rttpg_excerpt":"Vecinos de\u00a0Ciudad\u00a0detuvieron a un ladr\u00f3n que hab\u00eda apu\u00f1alado a dos personas durante un\u00a0robo\u00a0y le dieron una verdadera paliza, por lo que no s\u00f3lo debieron ser asistidas las v\u00edctimas sino que el delincuente tambi\u00e9n termin\u00f3 internado. Todo ocurri\u00f3 a las\u00a022.30 del jueves en la calle Soler al 400, en Ciudad,\u00a0donde un joven asalt\u00f3 a una mujer,&hellip;","_links":{"self":[{"href":"https:\/\/elfederalmendoza.com.ar\/index.php\/wp-json\/wp\/v2\/posts\/22706","targetHints":{"allow":["GET"]}}],"collection":[{"href":"https:\/\/elfederalmendoza.com.ar\/index.php\/wp-json\/wp\/v2\/posts"}],"about":[{"href":"https:\/\/elfederalmendoza.com.ar\/index.php\/wp-json\/wp\/v2\/types\/post"}],"author":[{"embeddable":true,"href":"https:\/\/elfederalmendoza.com.ar\/index.php\/wp-json\/wp\/v2\/users\/2"}],"replies":[{"embeddable":true,"href":"https:\/\/elfederalmendoza.com.ar\/index.php\/wp-json\/wp\/v2\/comments?post=22706"}],"version-history":[{"count":2,"href":"https:\/\/elfederalmendoza.com.ar\/index.php\/wp-json\/wp\/v2\/posts\/22706\/revisions"}],"predecessor-version":[{"id":22710,"href":"https:\/\/elfederalmendoza.com.ar\/index.php\/wp-json\/wp\/v2\/posts\/22706\/revisions\/22710"}],"wp:featuredmedia":[{"embeddable":true,"href":"https:\/\/elfederalmendoza.com.ar\/index.php\/wp-json\/wp\/v2\/media\/22708"}],"wp:attachment":[{"href":"https:\/\/elfederalmendoza.com.ar\/index.php\/wp-json\/wp\/v2\/media?parent=22706"}],"wp:term":[{"taxonomy":"category","embeddable":true,"href":"https:\/\/elfederalmendoza.com.ar\/index.php\/wp-json\/wp\/v2\/categories?post=22706"},{"taxonomy":"post_tag","embeddable":true,"href":"https:\/\/elfederalmendoza.com.ar\/index.php\/wp-json\/wp\/v2\/tags?post=22706"}],"curies":[{"name":"wp","href":"https:\/\/api.w.org\/{rel}","templated":true}]}}