{"id":22711,"date":"2023-05-12T05:44:00","date_gmt":"2023-05-12T08:44:00","guid":{"rendered":"https:\/\/elfederalmendoza.com\/?p=22711"},"modified":"2023-05-12T17:46:53","modified_gmt":"2023-05-12T20:46:53","slug":"importante-movimiento-en-el-paso-ingresan-mas-de-100-autos-chilenos-por-hora","status":"publish","type":"post","link":"https:\/\/elfederalmendoza.com.ar\/index.php\/2023\/05\/12\/importante-movimiento-en-el-paso-ingresan-mas-de-100-autos-chilenos-por-hora\/","title":{"rendered":"El paso fronterizo funciona casi como en temporada alta: 20 mil personas ingresaron por Cristo Redontor en 4 d\u00edas"},"content":{"rendered":"\n<p>El ingreso de chilenos por el&nbsp;<strong>paso fronterizo Cristo Redentor<\/strong>&nbsp;no se detiene. Las autoridades prev\u00e9n un fin de semana similar al anterior, con gran afluencia de visitantes.<\/p>\n\n\n\n<p>Seg\u00fan datos reportados por la delegaci\u00f3n de Migraciones de Mendoza,\u00a0<mark>entre el jueves 4 y el domingo 7 de mayo ingresaron unas 20 mil personas, cifra significativa y muy similar a las registradas durante temporada alta.<\/mark><\/p>\n\n\n\n<p>De acuerdo con las cifras oficiales,&nbsp;<mark>hasta las 13 de este viernes fueron unas 800 las personas que cruzaron por el corredor con destino a Mendoza. Estiman que ingresan unos 110 veh\u00edculos por hora.<\/mark><\/p>\n\n\n\n<p>Seg\u00fan refirieron desde Horcones,&nbsp;<mark>los tr\u00e1mites se realizan de manera expedita y no hay largas demoras.<\/mark><\/p>\n\n\n\n<h2 class=\"wp-block-heading\" id=\"h-la-invasion-no-se-detiene\">La \u201cinvasi\u00f3n no se detiene<\/h2>\n\n\n\n<p>Desde Semana Santa, son miles y miles los chilenos que eligen cruzar la frontera para realizar diferentes compras, sobre todo en supermercados mayoristas.<\/p>\n\n\n\n<p>El cambio a su favor hace que el flujo vehicular no decline los d\u00edas de semana, aunque la mayor cantidad de visitas se registra durante el fin de semana.<\/p>\n\n\n\n<p><mark>El inter\u00e9s de los chilenos est\u00e1 puesto en productos determinados como: aceite, art\u00edculos de higiene, jab\u00f3n para lavar la ropa y golosinas (entre ellas, alfajores).<\/mark><\/p>\n\n\n\n<p>Frente a esta \u201cinvasi\u00f3n\u201d,\u00a0<mark>uno de los mayoristas m\u00e1s concurridos por los extranjeros decidi\u00f3 reducir su horario de atenci\u00f3n para este grupo de clientes.<\/mark><\/p>\n\n\n\n<p>De este modo, los no residentes nacionales podr\u00e1n realizar sus compras de 7 a 14, en tanto, el resto de las personas lo har\u00e1n de 7 a 19.<\/p>\n\n\n\n<p>Todos tendr\u00e1n que presentar su Documento Nacional de Identidad a la hora de ingresar.<\/p>\n\n\n\n<h2 class=\"wp-block-heading\">Se viene el cierre del Paso<\/h2>\n\n\n\n<p>El intenso movimiento es justificado por muchos porque\u00a0<mark>desde el 1\u00ba de junio el Paso Cristo Redentor comenzar\u00e1 a funcionar con horario reducido<\/mark>, es decir, de 9 a 20.<\/p>\n\n\n\n<p>Esto reducir\u00e1 notoriamente el transitar de chilenos por el corredor no solo por la restricci\u00f3n horaria, sino por las condiciones meteorol\u00f3gicas en alta monta\u00f1a que, en invierno, suelen no ser ben\u00e9volas.<\/p>\n\n\n\n<p><em>Fuente: El Sol<\/em><\/p>\n","protected":false},"excerpt":{"rendered":"<p>El ingreso de chilenos por el&nbsp;paso fronterizo Cristo Redentor&nbsp;no se detiene. Las autoridades prev\u00e9n un fin de semana similar al anterior, con gran afluencia de visitantes. Seg\u00fan datos reportados por la delegaci\u00f3n de Migraciones de Mendoza,\u00a0entre el jueves 4 y el domingo 7 de mayo ingresaron unas 20 mil personas, cifra significativa y muy similar<a class=\"read-more\" href=\"https:\/\/elfederalmendoza.com.ar\/index.php\/2023\/05\/12\/importante-movimiento-en-el-paso-ingresan-mas-de-100-autos-chilenos-por-hora\/\"> [&hellip;]<\/a><\/p>\n","protected":false},"author":2,"featured_media":22712,"comment_status":"open","ping_status":"open","sticky":false,"template":"","format":"standard","meta":{"footnotes":""},"categories":[1],"tags":[],"class_list":["post-22711","post","type-post","status-publish","format-standard","has-post-thumbnail","hentry","category-mza"],"rttpg_featured_image_url":{"full":["https:\/\/elfederalmendoza.com.ar\/wp-content\/uploads\/2023\/05\/horcones-con-mucho-movimiento.webp",1200,900,false],"landscape":["https:\/\/elfederalmendoza.com.ar\/wp-content\/uploads\/2023\/05\/horcones-con-mucho-movimiento.webp",1200,900,false],"portraits":["https:\/\/elfederalmendoza.com.ar\/wp-content\/uploads\/2023\/05\/horcones-con-mucho-movimiento.webp",1200,900,false],"thumbnail":["https:\/\/elfederalmendoza.com.ar\/wp-content\/uploads\/2023\/05\/horcones-con-mucho-movimiento-150x150.webp",150,150,true],"medium":["https:\/\/elfederalmendoza.com.ar\/wp-content\/uploads\/2023\/05\/horcones-con-mucho-movimiento-300x225.webp",300,225,true],"large":["https:\/\/elfederalmendoza.com.ar\/wp-content\/uploads\/2023\/05\/horcones-con-mucho-movimiento-1024x768.webp",640,480,true],"1536x1536":["https:\/\/elfederalmendoza.com.ar\/wp-content\/uploads\/2023\/05\/horcones-con-mucho-movimiento.webp",1200,900,false],"2048x2048":["https:\/\/elfederalmendoza.com.ar\/wp-content\/uploads\/2023\/05\/horcones-con-mucho-movimiento.webp",1200,900,false],"ultp_layout_landscape_large":["https:\/\/elfederalmendoza.com.ar\/wp-content\/uploads\/2023\/05\/horcones-con-mucho-movimiento-1200x800.webp",1200,800,true],"ultp_layout_landscape":["https:\/\/elfederalmendoza.com.ar\/wp-content\/uploads\/2023\/05\/horcones-con-mucho-movimiento-870x570.webp",870,570,true],"ultp_layout_portrait":["https:\/\/elfederalmendoza.com.ar\/wp-content\/uploads\/2023\/05\/horcones-con-mucho-movimiento-600x900.webp",600,900,true],"ultp_layout_square":["https:\/\/elfederalmendoza.com.ar\/wp-content\/uploads\/2023\/05\/horcones-con-mucho-movimiento-600x600.webp",600,600,true],"rpwe-thumbnail":["https:\/\/elfederalmendoza.com.ar\/wp-content\/uploads\/2023\/05\/horcones-con-mucho-movimiento-45x45.webp",45,45,true],"advps-thumb-one":["https:\/\/elfederalmendoza.com.ar\/wp-content\/uploads\/2023\/05\/horcones-con-mucho-movimiento-1200x420.webp",1200,420,true]},"rttpg_author":{"display_name":"Redacci\u00f3n El Federal","author_link":"https:\/\/elfederalmendoza.com.ar\/index.php\/author\/angelflores\/"},"rttpg_comment":0,"rttpg_category":"<a href=\"https:\/\/elfederalmendoza.com.ar\/index.php\/category\/mza\/\" rel=\"category tag\">Mendoza<\/a>","rttpg_excerpt":"El ingreso de chilenos por el&nbsp;paso fronterizo Cristo Redentor&nbsp;no se detiene. Las autoridades prev\u00e9n un fin de semana similar al anterior, con gran afluencia de visitantes. Seg\u00fan datos reportados por la delegaci\u00f3n de Migraciones de Mendoza,\u00a0entre el jueves 4 y el domingo 7 de mayo ingresaron unas 20 mil personas, cifra significativa y muy similar&hellip;","_links":{"self":[{"href":"https:\/\/elfederalmendoza.com.ar\/index.php\/wp-json\/wp\/v2\/posts\/22711","targetHints":{"allow":["GET"]}}],"collection":[{"href":"https:\/\/elfederalmendoza.com.ar\/index.php\/wp-json\/wp\/v2\/posts"}],"about":[{"href":"https:\/\/elfederalmendoza.com.ar\/index.php\/wp-json\/wp\/v2\/types\/post"}],"author":[{"embeddable":true,"href":"https:\/\/elfederalmendoza.com.ar\/index.php\/wp-json\/wp\/v2\/users\/2"}],"replies":[{"embeddable":true,"href":"https:\/\/elfederalmendoza.com.ar\/index.php\/wp-json\/wp\/v2\/comments?post=22711"}],"version-history":[{"count":2,"href":"https:\/\/elfederalmendoza.com.ar\/index.php\/wp-json\/wp\/v2\/posts\/22711\/revisions"}],"predecessor-version":[{"id":22715,"href":"https:\/\/elfederalmendoza.com.ar\/index.php\/wp-json\/wp\/v2\/posts\/22711\/revisions\/22715"}],"wp:featuredmedia":[{"embeddable":true,"href":"https:\/\/elfederalmendoza.com.ar\/index.php\/wp-json\/wp\/v2\/media\/22712"}],"wp:attachment":[{"href":"https:\/\/elfederalmendoza.com.ar\/index.php\/wp-json\/wp\/v2\/media?parent=22711"}],"wp:term":[{"taxonomy":"category","embeddable":true,"href":"https:\/\/elfederalmendoza.com.ar\/index.php\/wp-json\/wp\/v2\/categories?post=22711"},{"taxonomy":"post_tag","embeddable":true,"href":"https:\/\/elfederalmendoza.com.ar\/index.php\/wp-json\/wp\/v2\/tags?post=22711"}],"curies":[{"name":"wp","href":"https:\/\/api.w.org\/{rel}","templated":true}]}}