{"id":22717,"date":"2023-05-13T08:19:50","date_gmt":"2023-05-13T11:19:50","guid":{"rendered":"https:\/\/elfederalmendoza.com\/?p=22717"},"modified":"2023-05-13T08:19:50","modified_gmt":"2023-05-13T11:19:50","slug":"guaymallen-encabeza-el-territorio-con-mayores-delitos-en-los-hogares","status":"publish","type":"post","link":"https:\/\/elfederalmendoza.com.ar\/index.php\/2023\/05\/13\/guaymallen-encabeza-el-territorio-con-mayores-delitos-en-los-hogares\/","title":{"rendered":"Guaymall\u00e9n encabeza el territorio con mayores delitos en los hogares"},"content":{"rendered":"\n<p>La\u00a0seguridad, junto con la econom\u00eda, es uno de los aspectos que m\u00e1s preocupan a la sociedad argentina. Un estudio del\u00a0<strong>Centro de Investigaci\u00f3n Social de Mendoza (CISME)<\/strong>\u00a0analiza varios aspectos vinculados a esa \u00e1rea, entre ellos los departamentos con mayores registros y la inversi\u00f3n familiar y estatal.<\/p>\n\n\n\n<p>En primera instancia, el relevamiento da cuenta que\u00a0<strong>el Gran Mendoza engloba casi el 75% de los delitos<\/strong>\u00a0censados por el Ministerio P\u00fablico Fiscal. Y en esa regi\u00f3n,\u00a0<strong>Guaymall\u00e9n representa el territorio con mayores delitos sufridos en los hogares<\/strong>\u00a0(entraderas), que en los \u00faltimos ocho a\u00f1os atrajo el 31,7% de esas situaciones. El dato surge de la Encuesta de Victimizaci\u00f3n del Gobierno provincial.<\/p>\n\n\n\n<blockquote class=\"twitter-tweet\"><p lang=\"es\" dir=\"ltr\">\u27a1\ufe0f Seg\u00fan los \u00faltimos datos del gobierno provincial, los hogares de Guaymall\u00e9n son los m\u00e1s afectados por delitos. <a href=\"https:\/\/t.co\/z9mLKmYc9t\">pic.twitter.com\/z9mLKmYc9t<\/a><\/p>&mdash; CISME Mendoza (@CismeM) <a href=\"https:\/\/twitter.com\/CismeM\/status\/1657027234580905984?ref_src=twsrc%5Etfw\">May 12, 2023<\/a><\/blockquote> <script async src=\"https:\/\/platform.twitter.com\/widgets.js\" charset=\"utf-8\"><\/script>\n\n\n\n<p>Por su parte,\u00a0<strong>Godoy Cruz encabeza el ranking que refleja el porcentaje de hogares con delitos a las personas<\/strong>, con el 24% del total del \u00e1rea metropolitana mendocina.<\/p>\n\n\n\n<blockquote class=\"twitter-tweet\"><p lang=\"es\" dir=\"ltr\">En cuanto al porcentaje de personas afectadas por delitos, Godoy Cruz es el departamento que lidera el ranking. <a href=\"https:\/\/t.co\/rFUYGjcOFX\">pic.twitter.com\/rFUYGjcOFX<\/a><\/p>&mdash; CISME Mendoza (@CismeM) <a href=\"https:\/\/twitter.com\/CismeM\/status\/1657027248258445317?ref_src=twsrc%5Etfw\">May 12, 2023<\/a><\/blockquote> <script async src=\"https:\/\/platform.twitter.com\/widgets.js\" charset=\"utf-8\"><\/script>\n\n\n\n<h2 class=\"wp-block-heading\">Inversi\u00f3n familiar y estatal<\/h2>\n\n\n\n<p>Desde CISME aclararon que si bien la inseguridad \u201cest\u00e1 en el centro de la agenda p\u00fablica hace mucho tiempo\u201d, en los \u00faltimos a\u00f1os \u201cfue adquiriendo cada vez m\u00e1s relevancia, lo que gener\u00f3 que se dise\u00f1aran&nbsp;<strong>nuevos modelos de negocio vinculados a la problem\u00e1tica, diversas pol\u00edticas p\u00fablicas y estrategias ciudadanas para enfrentar el problema<\/strong>\u201d.<\/p>\n\n\n\n<p>Entonces, una de las consecuencias que provoca la actividad delictiva es el\u00a0<strong>gasto econ\u00f3mico que generan en las familias los diferentes bienes y servicios<\/strong>\u00a0que el mercado les ofrece para intentar salvaguardarse ante esta problem\u00e1tica.<\/p>\n\n\n\n<p>El informe desarrolla un estimativo sobre valores de elementos para constituir un&nbsp;<strong>kit de seguridad b\u00e1sico, uno completo y otro de servicios (seguros)<\/strong>. \u201cA partir de un relevamiento propio, se estableci\u00f3 una referencia promedio de precios de bienes y servicios destinados a seguridad. Estimamos que el costo promedio que puede asumir una familia tipo para bienes y servicios destinados a seguridad&nbsp;<strong>puede alcanzar los $210.000 anuales<\/strong>\u201d, especifica el documento del CISME.<\/p>\n\n\n\n<p>En cuanto al presupuesto de la Provincia en materia de seguridad, se\u00f1ala el art\u00edculo que\u00a0<strong>\u201cla inversi\u00f3n p\u00fablica real en seguridad cay\u00f3 en seis de los \u00faltimos siete a\u00f1os\u201d<\/strong>. En 2018 se registr\u00f3 la ca\u00edda m\u00e1s grande (-21%), en tanto que solo en 2017 creci\u00f3 un 26%.<\/p>\n\n\n\n<p>\u201cSi se toma en cuenta la participaci\u00f3n del presupuesto destinado a seguridad en el total provincial, se observa una ca\u00edda sostenida desde 2020, cuando era del 9,5%, mientras que en el 2023 est\u00e1 prevista que sea del 7,2% del total presupuestado\u201d, concluye el informe.<\/p>\n","protected":false},"excerpt":{"rendered":"<p>La\u00a0seguridad, junto con la econom\u00eda, es uno de los aspectos que m\u00e1s preocupan a la sociedad argentina. Un estudio del\u00a0Centro de Investigaci\u00f3n Social de Mendoza (CISME)\u00a0analiza varios aspectos vinculados a esa \u00e1rea, entre ellos los departamentos con mayores registros y la inversi\u00f3n familiar y estatal. En primera instancia, el relevamiento da cuenta que\u00a0el Gran Mendoza<a class=\"read-more\" href=\"https:\/\/elfederalmendoza.com.ar\/index.php\/2023\/05\/13\/guaymallen-encabeza-el-territorio-con-mayores-delitos-en-los-hogares\/\"> [&hellip;]<\/a><\/p>\n","protected":false},"author":2,"featured_media":22718,"comment_status":"open","ping_status":"open","sticky":false,"template":"","format":"standard","meta":{"footnotes":""},"categories":[1],"tags":[],"class_list":["post-22717","post","type-post","status-publish","format-standard","has-post-thumbnail","hentry","category-mza"],"rttpg_featured_image_url":{"full":["https:\/\/elfederalmendoza.com.ar\/wp-content\/uploads\/2023\/05\/asalto6.jpg",1176,633,false],"landscape":["https:\/\/elfederalmendoza.com.ar\/wp-content\/uploads\/2023\/05\/asalto6.jpg",1176,633,false],"portraits":["https:\/\/elfederalmendoza.com.ar\/wp-content\/uploads\/2023\/05\/asalto6.jpg",1176,633,false],"thumbnail":["https:\/\/elfederalmendoza.com.ar\/wp-content\/uploads\/2023\/05\/asalto6-150x150.jpg",150,150,true],"medium":["https:\/\/elfederalmendoza.com.ar\/wp-content\/uploads\/2023\/05\/asalto6-300x161.jpg",300,161,true],"large":["https:\/\/elfederalmendoza.com.ar\/wp-content\/uploads\/2023\/05\/asalto6-1024x551.jpg",640,344,true],"1536x1536":["https:\/\/elfederalmendoza.com.ar\/wp-content\/uploads\/2023\/05\/asalto6.jpg",1176,633,false],"2048x2048":["https:\/\/elfederalmendoza.com.ar\/wp-content\/uploads\/2023\/05\/asalto6.jpg",1176,633,false],"ultp_layout_landscape_large":["https:\/\/elfederalmendoza.com.ar\/wp-content\/uploads\/2023\/05\/asalto6.jpg",1176,633,false],"ultp_layout_landscape":["https:\/\/elfederalmendoza.com.ar\/wp-content\/uploads\/2023\/05\/asalto6-870x570.jpg",870,570,true],"ultp_layout_portrait":["https:\/\/elfederalmendoza.com.ar\/wp-content\/uploads\/2023\/05\/asalto6-600x633.jpg",600,633,true],"ultp_layout_square":["https:\/\/elfederalmendoza.com.ar\/wp-content\/uploads\/2023\/05\/asalto6-600x600.jpg",600,600,true],"rpwe-thumbnail":["https:\/\/elfederalmendoza.com.ar\/wp-content\/uploads\/2023\/05\/asalto6-45x45.jpg",45,45,true],"advps-thumb-one":["https:\/\/elfederalmendoza.com.ar\/wp-content\/uploads\/2023\/05\/asalto6-1176x420.jpg",1176,420,true]},"rttpg_author":{"display_name":"Redacci\u00f3n El Federal","author_link":"https:\/\/elfederalmendoza.com.ar\/index.php\/author\/angelflores\/"},"rttpg_comment":0,"rttpg_category":"<a href=\"https:\/\/elfederalmendoza.com.ar\/index.php\/category\/mza\/\" rel=\"category tag\">Mendoza<\/a>","rttpg_excerpt":"La\u00a0seguridad, junto con la econom\u00eda, es uno de los aspectos que m\u00e1s preocupan a la sociedad argentina. Un estudio del\u00a0Centro de Investigaci\u00f3n Social de Mendoza (CISME)\u00a0analiza varios aspectos vinculados a esa \u00e1rea, entre ellos los departamentos con mayores registros y la inversi\u00f3n familiar y estatal. En primera instancia, el relevamiento da cuenta que\u00a0el Gran Mendoza&hellip;","_links":{"self":[{"href":"https:\/\/elfederalmendoza.com.ar\/index.php\/wp-json\/wp\/v2\/posts\/22717","targetHints":{"allow":["GET"]}}],"collection":[{"href":"https:\/\/elfederalmendoza.com.ar\/index.php\/wp-json\/wp\/v2\/posts"}],"about":[{"href":"https:\/\/elfederalmendoza.com.ar\/index.php\/wp-json\/wp\/v2\/types\/post"}],"author":[{"embeddable":true,"href":"https:\/\/elfederalmendoza.com.ar\/index.php\/wp-json\/wp\/v2\/users\/2"}],"replies":[{"embeddable":true,"href":"https:\/\/elfederalmendoza.com.ar\/index.php\/wp-json\/wp\/v2\/comments?post=22717"}],"version-history":[{"count":1,"href":"https:\/\/elfederalmendoza.com.ar\/index.php\/wp-json\/wp\/v2\/posts\/22717\/revisions"}],"predecessor-version":[{"id":22719,"href":"https:\/\/elfederalmendoza.com.ar\/index.php\/wp-json\/wp\/v2\/posts\/22717\/revisions\/22719"}],"wp:featuredmedia":[{"embeddable":true,"href":"https:\/\/elfederalmendoza.com.ar\/index.php\/wp-json\/wp\/v2\/media\/22718"}],"wp:attachment":[{"href":"https:\/\/elfederalmendoza.com.ar\/index.php\/wp-json\/wp\/v2\/media?parent=22717"}],"wp:term":[{"taxonomy":"category","embeddable":true,"href":"https:\/\/elfederalmendoza.com.ar\/index.php\/wp-json\/wp\/v2\/categories?post=22717"},{"taxonomy":"post_tag","embeddable":true,"href":"https:\/\/elfederalmendoza.com.ar\/index.php\/wp-json\/wp\/v2\/tags?post=22717"}],"curies":[{"name":"wp","href":"https:\/\/api.w.org\/{rel}","templated":true}]}}