{"id":22720,"date":"2023-05-13T09:45:18","date_gmt":"2023-05-13T12:45:18","guid":{"rendered":"https:\/\/elfederalmendoza.com\/?p=22720"},"modified":"2023-05-13T09:45:19","modified_gmt":"2023-05-13T12:45:19","slug":"la-invasion-de-chilenos-en-mendoza-arrasa-a-supermercados-farmacias-peluquerias-y-botox-en-el-rostro","status":"publish","type":"post","link":"https:\/\/elfederalmendoza.com.ar\/index.php\/2023\/05\/13\/la-invasion-de-chilenos-en-mendoza-arrasa-a-supermercados-farmacias-peluquerias-y-botox-en-el-rostro\/","title":{"rendered":"La invasi\u00f3n de chilenos en Mendoza arrasa a supermercados, farmacias, peluquer\u00edas y b\u00f3tox en el rostro"},"content":{"rendered":"\n<p>Hace varias semanas que se ve por las<strong>\u00a0calles de Mendoza una ola de chilenos<\/strong>\u00a0que vienen a comprar\u00a0<strong>mercader\u00eda<\/strong>\u00a0producto de la<strong>\u00a0conveniencia cambiaria<\/strong>, pero los habitantes del vecino pa\u00eds\u00a0<strong>aprovechan tambi\u00e9n para consumir otros bienes y servicios<\/strong>. Desde la\u00a0Federaci\u00f3n Econ\u00f3mica (FEM) aseguraron que tendencia est\u00e1 muy concentrada\u00a0en los fines de semana y en algunos rubros de la zona metropolitana.<\/p>\n\n\n\n<p>El\u00a0<strong>presidente del Colegio Farmac\u00e9utico<\/strong>\u00a0de Mendoza, <strong>Mario Valestra<\/strong>, dijo a Diario UNO que como consecuencia de\u00a0<strong>la afluencia de turistas chilenos y brasile\u00f1os\u00a0<\/strong>que vienen a comprar mercader\u00eda, se<strong>\u00a0increment\u00f3 el consumo de medicamentos de venta libre, de productos de perfumer\u00eda,\u00a0<\/strong>principalmente selectiva, que es m\u00e1s cara y\u00a0<strong>suplementos dietarios.<\/strong><\/p>\n\n\n\n<figure class=\"wp-block-image\"><img decoding=\"async\" src=\"https:\/\/media.diariouno.com.ar\/p\/12e4c7352d222be436a42363d129c63f\/adjuntos\/298\/imagenes\/008\/953\/0008953686\/1200x0\/smart\/perfumeriajpg.jpg\" alt=\"Los perfumes son uno de los productos m\u00e1s elegidos por cientos de chilenos que llegan a Mendoza.\"\/><\/figure>\n\n\n\n<p>Los perfumes son uno de los productos m\u00e1s elegidos por cientos de chilenos que llegan a Mendoza.<\/p>\n\n\n\n<p>Sin embargo, Valestra aclar\u00f3 que el aumento del consumo no ha afectado la normal provisi\u00f3n de los productos, que&nbsp;<strong>no hay peligro de desabastecimiento y que los precios tampoco aumentaron como consecuencia de la demanda.&nbsp;<\/strong>Adem\u00e1s, destac\u00f3 que&nbsp;<strong>a los extranjeros no les expenden medicamentos de venta bajo receta<\/strong>&nbsp;porque necesitan una prescripci\u00f3n m\u00e9dica y deben hacerse ver con el especialista.<\/p>\n\n\n\n<p>Por otro lado, los&nbsp;<strong>tratamientos oftalmol\u00f3gicos y odontol\u00f3gicos en Mendoza no son elegidos por los chilenos.<\/strong>&nbsp;\u00abNo hemos observado&nbsp;<strong>ning\u00fan incremento de extranjeros<\/strong>&nbsp;en Mendoza\u00bb, dijo el reconocido oftalm\u00f3logo&nbsp;<strong>Roger Zald\u00edvar<\/strong>.<\/p>\n\n\n\n<p>En tanto, Alejandro Kalbermatten,&nbsp;<strong>presidente del C\u00edrculo Odontol\u00f3gico<\/strong>&nbsp;de Mendoza, sostuvo que<strong>&nbsp;\u00abno hay movimiento<\/strong>&nbsp;en el \u00e1mbito odontol\u00f3gico\u00bb.<\/p>\n\n\n\n<h2 class=\"wp-block-heading\">Peluquer\u00eda y est\u00e9tica, los servicios elegidos por los chilenos<\/h2>\n\n\n\n<p>Estela Mor\u00e1n, encargada de los reconocidos<strong>&nbsp;salones de peluquer\u00eda<\/strong>&nbsp;LeoCut, dijo que s<strong>iempre han sido elegidos por las chilenas<\/strong>&nbsp;porque la peluquer\u00eda de&nbsp;<strong>buena calidad<\/strong>&nbsp;all\u00e1 es muy cara y<strong>&nbsp;ahora con el cambio les conviene mucho m\u00e1s.<\/strong><\/p>\n\n\n\n<p>\u00abTenemos mucha demanda,&nbsp;<strong>sobre todo el fin de semana,&nbsp;<\/strong>las clientes que nos conocen sacan un turno con anticipaci\u00f3n por la web porque sino deben esperar el lugar seg\u00fan la demanda.&nbsp;<strong>El gasto promedio es entre $20.000 y $30.000 y en general se hacen mechas en el cabello\u00bb,<\/strong>&nbsp;coment\u00f3.<\/p>\n\n\n\n<figure class=\"wp-block-image is-resized\"><img loading=\"lazy\" decoding=\"async\" src=\"https:\/\/media.diariouno.com.ar\/p\/45003cb93d76b59c15e8be2d29f40003\/adjuntos\/298\/imagenes\/000\/113\/0000113423\/peluqueria.jpg?0000-00-00-00-00-00\" alt=\"El gasto promedio de las chilenas en peluquer\u00eda es entre $20.000 y $30.000.\" width=\"965\" height=\"766\"\/><\/figure>\n\n\n\n<p>El gasto promedio de las chilenas en peluquer\u00eda es entre $20.000 y $30.000.<\/p>\n\n\n\n<p><strong>Grisel Villegas, dermocosmiatra y la due\u00f1a de una conocida est\u00e9tica<\/strong>, explic\u00f3 a Diario UNO que \u00faltimamente<strong>&nbsp;han preguntado mucho<\/strong>&nbsp;por los valores, pero<strong>&nbsp;observa la misma cantidad de extranjeros&nbsp;<\/strong>que consumen sus servicios.<\/p>\n\n\n\n<p>\u00abEn la est\u00e9tica&nbsp;<strong>tenemos muchos pacientes chilenos, de Estados Unidos y Europa<\/strong>&nbsp;que vienen a Mendoza a realizarse tratamientos de incumbencia dermocosmiatra y m\u00e9dica.&nbsp;<strong>Siempre ha sido mucho m\u00e1s econ\u00f3mico en Argentina que fuera del pa\u00eds a pesar de trabajar con los mismos insumos que son importados<\/strong>, pero les&nbsp;<strong>conviene por el cambio<\/strong>&nbsp;del d\u00f3lar, aprovechan, viajan, conocen y se realizan tratamientos est\u00e9ticos\u00bb, dijo Grisel.<\/p>\n\n\n\n<p>La profesional dio un detalle de los&nbsp;<strong>servicios m\u00e1s consumidos por los extranjeros, de tratamientos de incumbencia m\u00e9dica<\/strong>&nbsp;se realiza mucho&nbsp;<strong>botox en frente, patas de gallo y entrecejo<\/strong>&nbsp;que tiene un costo desde $60.000, relleno de<strong>&nbsp;labios con \u00e1cido hialur\u00f3nico<\/strong>&nbsp;que vale $65.000 y&nbsp;<strong>mesoterapia facial,<\/strong>&nbsp;tensora es la que m\u00e1s realizan y cuesta $40.000.<\/p>\n\n\n\n<p>Adem\u00e1s, se realizan&nbsp;<strong>tratamientos de incumbencia dermocosmiatra&nbsp;<\/strong>como&nbsp;<strong>l\u00e1ser<\/strong>&nbsp;que se trabaja con una&nbsp;<strong>m\u00e1quina de fotorejuvenecimiento<\/strong>&nbsp;que ayuda con las manchas y el aspecto de la piel, cada sesi\u00f3n cuesta desde $4.500&nbsp;<strong>y peeling&nbsp;<\/strong>desde $3.000.<\/p>\n\n\n\n<figure class=\"wp-block-image\"><img decoding=\"async\" src=\"https:\/\/media.diariouno.com.ar\/p\/3c9d56eb642df76375d22a316ebf216a\/adjuntos\/298\/imagenes\/009\/156\/0009156328\/1200x0\/smart\/grisel-villegas-dermocosmiatra-y-la-duena-estetica-integral-mendozajpg.jpg\" alt=\"La dermocosmiatra Grisel Villegas dijo que en Argentina los tratamientos est&eacute;ticos siempre fueron m&aacute;s econ&oacute;micos que en el extranjero.\"\/><\/figure>\n\n\n\n<p>La dermocosmiatra Grisel Villegas dijo que en Argentina los tratamientos est\u00e9ticos siempre fueron m\u00e1s econ\u00f3micos que en el extranjero.<\/p>\n\n\n\n<p>Fuente: Diario UNO<\/p>\n","protected":false},"excerpt":{"rendered":"<p>Hace varias semanas que se ve por las\u00a0calles de Mendoza una ola de chilenos\u00a0que vienen a comprar\u00a0mercader\u00eda\u00a0producto de la\u00a0conveniencia cambiaria, pero los habitantes del vecino pa\u00eds\u00a0aprovechan tambi\u00e9n para consumir otros bienes y servicios. Desde la\u00a0Federaci\u00f3n Econ\u00f3mica (FEM) aseguraron que tendencia est\u00e1 muy concentrada\u00a0en los fines de semana y en algunos rubros de la zona metropolitana.<a class=\"read-more\" href=\"https:\/\/elfederalmendoza.com.ar\/index.php\/2023\/05\/13\/la-invasion-de-chilenos-en-mendoza-arrasa-a-supermercados-farmacias-peluquerias-y-botox-en-el-rostro\/\"> [&hellip;]<\/a><\/p>\n","protected":false},"author":2,"featured_media":22721,"comment_status":"open","ping_status":"open","sticky":false,"template":"","format":"standard","meta":{"footnotes":""},"categories":[1],"tags":[],"class_list":["post-22720","post","type-post","status-publish","format-standard","has-post-thumbnail","hentry","category-mza"],"rttpg_featured_image_url":{"full":["https:\/\/elfederalmendoza.com.ar\/wp-content\/uploads\/2023\/05\/supermercado-arrasado.jpg",987,618,false],"landscape":["https:\/\/elfederalmendoza.com.ar\/wp-content\/uploads\/2023\/05\/supermercado-arrasado.jpg",987,618,false],"portraits":["https:\/\/elfederalmendoza.com.ar\/wp-content\/uploads\/2023\/05\/supermercado-arrasado.jpg",987,618,false],"thumbnail":["https:\/\/elfederalmendoza.com.ar\/wp-content\/uploads\/2023\/05\/supermercado-arrasado-150x150.jpg",150,150,true],"medium":["https:\/\/elfederalmendoza.com.ar\/wp-content\/uploads\/2023\/05\/supermercado-arrasado-300x188.jpg",300,188,true],"large":["https:\/\/elfederalmendoza.com.ar\/wp-content\/uploads\/2023\/05\/supermercado-arrasado.jpg",640,401,false],"1536x1536":["https:\/\/elfederalmendoza.com.ar\/wp-content\/uploads\/2023\/05\/supermercado-arrasado.jpg",987,618,false],"2048x2048":["https:\/\/elfederalmendoza.com.ar\/wp-content\/uploads\/2023\/05\/supermercado-arrasado.jpg",987,618,false],"ultp_layout_landscape_large":["https:\/\/elfederalmendoza.com.ar\/wp-content\/uploads\/2023\/05\/supermercado-arrasado.jpg",987,618,false],"ultp_layout_landscape":["https:\/\/elfederalmendoza.com.ar\/wp-content\/uploads\/2023\/05\/supermercado-arrasado-870x570.jpg",870,570,true],"ultp_layout_portrait":["https:\/\/elfederalmendoza.com.ar\/wp-content\/uploads\/2023\/05\/supermercado-arrasado-600x618.jpg",600,618,true],"ultp_layout_square":["https:\/\/elfederalmendoza.com.ar\/wp-content\/uploads\/2023\/05\/supermercado-arrasado-600x600.jpg",600,600,true],"rpwe-thumbnail":["https:\/\/elfederalmendoza.com.ar\/wp-content\/uploads\/2023\/05\/supermercado-arrasado-45x45.jpg",45,45,true],"advps-thumb-one":["https:\/\/elfederalmendoza.com.ar\/wp-content\/uploads\/2023\/05\/supermercado-arrasado-987x420.jpg",987,420,true]},"rttpg_author":{"display_name":"Redacci\u00f3n El Federal","author_link":"https:\/\/elfederalmendoza.com.ar\/index.php\/author\/angelflores\/"},"rttpg_comment":0,"rttpg_category":"<a href=\"https:\/\/elfederalmendoza.com.ar\/index.php\/category\/mza\/\" rel=\"category tag\">Mendoza<\/a>","rttpg_excerpt":"Hace varias semanas que se ve por las\u00a0calles de Mendoza una ola de chilenos\u00a0que vienen a comprar\u00a0mercader\u00eda\u00a0producto de la\u00a0conveniencia cambiaria, pero los habitantes del vecino pa\u00eds\u00a0aprovechan tambi\u00e9n para consumir otros bienes y servicios. Desde la\u00a0Federaci\u00f3n Econ\u00f3mica (FEM) aseguraron que tendencia est\u00e1 muy concentrada\u00a0en los fines de semana y en algunos rubros de la zona metropolitana.&hellip;","_links":{"self":[{"href":"https:\/\/elfederalmendoza.com.ar\/index.php\/wp-json\/wp\/v2\/posts\/22720","targetHints":{"allow":["GET"]}}],"collection":[{"href":"https:\/\/elfederalmendoza.com.ar\/index.php\/wp-json\/wp\/v2\/posts"}],"about":[{"href":"https:\/\/elfederalmendoza.com.ar\/index.php\/wp-json\/wp\/v2\/types\/post"}],"author":[{"embeddable":true,"href":"https:\/\/elfederalmendoza.com.ar\/index.php\/wp-json\/wp\/v2\/users\/2"}],"replies":[{"embeddable":true,"href":"https:\/\/elfederalmendoza.com.ar\/index.php\/wp-json\/wp\/v2\/comments?post=22720"}],"version-history":[{"count":1,"href":"https:\/\/elfederalmendoza.com.ar\/index.php\/wp-json\/wp\/v2\/posts\/22720\/revisions"}],"predecessor-version":[{"id":22722,"href":"https:\/\/elfederalmendoza.com.ar\/index.php\/wp-json\/wp\/v2\/posts\/22720\/revisions\/22722"}],"wp:featuredmedia":[{"embeddable":true,"href":"https:\/\/elfederalmendoza.com.ar\/index.php\/wp-json\/wp\/v2\/media\/22721"}],"wp:attachment":[{"href":"https:\/\/elfederalmendoza.com.ar\/index.php\/wp-json\/wp\/v2\/media?parent=22720"}],"wp:term":[{"taxonomy":"category","embeddable":true,"href":"https:\/\/elfederalmendoza.com.ar\/index.php\/wp-json\/wp\/v2\/categories?post=22720"},{"taxonomy":"post_tag","embeddable":true,"href":"https:\/\/elfederalmendoza.com.ar\/index.php\/wp-json\/wp\/v2\/tags?post=22720"}],"curies":[{"name":"wp","href":"https:\/\/api.w.org\/{rel}","templated":true}]}}