{"id":22725,"date":"2023-05-13T11:55:18","date_gmt":"2023-05-13T14:55:18","guid":{"rendered":"https:\/\/elfederalmendoza.com\/?p=22725"},"modified":"2023-05-13T11:55:19","modified_gmt":"2023-05-13T14:55:19","slug":"a-plena-luz-del-dia-lo-asaltaron-en-la-aristides-y-le-robaron-130-000-y-una-notebook","status":"publish","type":"post","link":"https:\/\/elfederalmendoza.com.ar\/index.php\/2023\/05\/13\/a-plena-luz-del-dia-lo-asaltaron-en-la-aristides-y-le-robaron-130-000-y-una-notebook\/","title":{"rendered":"A plena luz del d\u00eda lo asaltaron en la Ar\u00edstides y le robaron $130.000 y una notebook"},"content":{"rendered":"\n<p>Un<strong>\u00a0hombre de 56 a\u00f1os fue asaltado por dos delincuentes armados en plena Avenida Ar\u00edstides Villanueva de\u00a0Ciudad<\/strong><a href=\"https:\/\/www.sitioandino.com.ar\/ciudad-mendoza-a902\" target=\"_blank\" rel=\"noreferrer noopener\">\u00a0<\/a>y le robaron $130.000 en efectivo.<\/p>\n\n\n\n<p>El\u00a0robo\u00a0<strong>ocurri\u00f3 a las 16.15 a la altura del cruce con calle Mart\u00ednez de Rosas<\/strong>, en la Quinta Secci\u00f3n de Ciudad, por donde la v\u00edctima circulaba a bordo de su VW Nivus, patente AE689WY.<\/p>\n\n\n\n<p>Seg\u00fan la denuncia, el hombre estacion\u00f3 el auto sobre Avenida Ar\u00edstides Villanueva y&nbsp;<strong>en ese momento fue abordado por dos delincuentes armados.<\/strong><\/p>\n\n\n\n<p>Mientras uno de los ladrones lo amenaz\u00f3 de muerte,<strong>&nbsp;el otro individuo destroz\u00f3 el vidrio del asiento del acompa\u00f1ante y sustrajo un malet\u00edn en el que estaba el dinero. Adem\u00e1s, rob\u00f3 una notebook.<\/strong><\/p>\n\n\n\n<p>Luego de esto, ambos delincuentes escaparon corriendo hacia el Parque General San Mart\u00edn y no fueron detenidos.<\/p>\n\n\n\n<p>La v\u00edctima denunci\u00f3 lo ocurrido en el 911 y ahora la justicia investiga el robo. Por el momento no hay detenidos.<\/p>\n\n\n\n<p>Los&nbsp;<strong>detectives pidieron las filmaciones de las c\u00e1maras de seguridad<\/strong>&nbsp;para intentar identificar a los ladrones.<\/p>\n","protected":false},"excerpt":{"rendered":"<p>Un\u00a0hombre de 56 a\u00f1os fue asaltado por dos delincuentes armados en plena Avenida Ar\u00edstides Villanueva de\u00a0Ciudad\u00a0y le robaron $130.000 en efectivo. El\u00a0robo\u00a0ocurri\u00f3 a las 16.15 a la altura del cruce con calle Mart\u00ednez de Rosas, en la Quinta Secci\u00f3n de Ciudad, por donde la v\u00edctima circulaba a bordo de su VW Nivus, patente AE689WY. Seg\u00fan<a class=\"read-more\" href=\"https:\/\/elfederalmendoza.com.ar\/index.php\/2023\/05\/13\/a-plena-luz-del-dia-lo-asaltaron-en-la-aristides-y-le-robaron-130-000-y-una-notebook\/\"> [&hellip;]<\/a><\/p>\n","protected":false},"author":2,"featured_media":22726,"comment_status":"open","ping_status":"open","sticky":false,"template":"","format":"standard","meta":{"footnotes":""},"categories":[1],"tags":[],"class_list":["post-22725","post","type-post","status-publish","format-standard","has-post-thumbnail","hentry","category-mza"],"rttpg_featured_image_url":{"full":["https:\/\/elfederalmendoza.com.ar\/wp-content\/uploads\/2023\/05\/aristides1.jpg",884,594,false],"landscape":["https:\/\/elfederalmendoza.com.ar\/wp-content\/uploads\/2023\/05\/aristides1.jpg",884,594,false],"portraits":["https:\/\/elfederalmendoza.com.ar\/wp-content\/uploads\/2023\/05\/aristides1.jpg",884,594,false],"thumbnail":["https:\/\/elfederalmendoza.com.ar\/wp-content\/uploads\/2023\/05\/aristides1-150x150.jpg",150,150,true],"medium":["https:\/\/elfederalmendoza.com.ar\/wp-content\/uploads\/2023\/05\/aristides1-300x202.jpg",300,202,true],"large":["https:\/\/elfederalmendoza.com.ar\/wp-content\/uploads\/2023\/05\/aristides1.jpg",640,430,false],"1536x1536":["https:\/\/elfederalmendoza.com.ar\/wp-content\/uploads\/2023\/05\/aristides1.jpg",884,594,false],"2048x2048":["https:\/\/elfederalmendoza.com.ar\/wp-content\/uploads\/2023\/05\/aristides1.jpg",884,594,false],"ultp_layout_landscape_large":["https:\/\/elfederalmendoza.com.ar\/wp-content\/uploads\/2023\/05\/aristides1.jpg",884,594,false],"ultp_layout_landscape":["https:\/\/elfederalmendoza.com.ar\/wp-content\/uploads\/2023\/05\/aristides1-870x570.jpg",870,570,true],"ultp_layout_portrait":["https:\/\/elfederalmendoza.com.ar\/wp-content\/uploads\/2023\/05\/aristides1-600x594.jpg",600,594,true],"ultp_layout_square":["https:\/\/elfederalmendoza.com.ar\/wp-content\/uploads\/2023\/05\/aristides1-600x594.jpg",600,594,true],"rpwe-thumbnail":["https:\/\/elfederalmendoza.com.ar\/wp-content\/uploads\/2023\/05\/aristides1-45x45.jpg",45,45,true],"advps-thumb-one":["https:\/\/elfederalmendoza.com.ar\/wp-content\/uploads\/2023\/05\/aristides1-884x420.jpg",884,420,true]},"rttpg_author":{"display_name":"Redacci\u00f3n El Federal","author_link":"https:\/\/elfederalmendoza.com.ar\/index.php\/author\/angelflores\/"},"rttpg_comment":0,"rttpg_category":"<a href=\"https:\/\/elfederalmendoza.com.ar\/index.php\/category\/mza\/\" rel=\"category tag\">Mendoza<\/a>","rttpg_excerpt":"Un\u00a0hombre de 56 a\u00f1os fue asaltado por dos delincuentes armados en plena Avenida Ar\u00edstides Villanueva de\u00a0Ciudad\u00a0y le robaron $130.000 en efectivo. El\u00a0robo\u00a0ocurri\u00f3 a las 16.15 a la altura del cruce con calle Mart\u00ednez de Rosas, en la Quinta Secci\u00f3n de Ciudad, por donde la v\u00edctima circulaba a bordo de su VW Nivus, patente AE689WY. Seg\u00fan&hellip;","_links":{"self":[{"href":"https:\/\/elfederalmendoza.com.ar\/index.php\/wp-json\/wp\/v2\/posts\/22725","targetHints":{"allow":["GET"]}}],"collection":[{"href":"https:\/\/elfederalmendoza.com.ar\/index.php\/wp-json\/wp\/v2\/posts"}],"about":[{"href":"https:\/\/elfederalmendoza.com.ar\/index.php\/wp-json\/wp\/v2\/types\/post"}],"author":[{"embeddable":true,"href":"https:\/\/elfederalmendoza.com.ar\/index.php\/wp-json\/wp\/v2\/users\/2"}],"replies":[{"embeddable":true,"href":"https:\/\/elfederalmendoza.com.ar\/index.php\/wp-json\/wp\/v2\/comments?post=22725"}],"version-history":[{"count":1,"href":"https:\/\/elfederalmendoza.com.ar\/index.php\/wp-json\/wp\/v2\/posts\/22725\/revisions"}],"predecessor-version":[{"id":22727,"href":"https:\/\/elfederalmendoza.com.ar\/index.php\/wp-json\/wp\/v2\/posts\/22725\/revisions\/22727"}],"wp:featuredmedia":[{"embeddable":true,"href":"https:\/\/elfederalmendoza.com.ar\/index.php\/wp-json\/wp\/v2\/media\/22726"}],"wp:attachment":[{"href":"https:\/\/elfederalmendoza.com.ar\/index.php\/wp-json\/wp\/v2\/media?parent=22725"}],"wp:term":[{"taxonomy":"category","embeddable":true,"href":"https:\/\/elfederalmendoza.com.ar\/index.php\/wp-json\/wp\/v2\/categories?post=22725"},{"taxonomy":"post_tag","embeddable":true,"href":"https:\/\/elfederalmendoza.com.ar\/index.php\/wp-json\/wp\/v2\/tags?post=22725"}],"curies":[{"name":"wp","href":"https:\/\/api.w.org\/{rel}","templated":true}]}}