{"id":22729,"date":"2023-05-13T12:29:46","date_gmt":"2023-05-13T15:29:46","guid":{"rendered":"https:\/\/elfederalmendoza.com\/?p=22729"},"modified":"2023-05-13T12:29:47","modified_gmt":"2023-05-13T15:29:47","slug":"feroz-interna-victoria-tolosa-paz-le-quito-una-caja-a-la-campora-de-maximo-kirchner-de-1-300-millones-de-pesos","status":"publish","type":"post","link":"https:\/\/elfederalmendoza.com.ar\/index.php\/2023\/05\/13\/feroz-interna-victoria-tolosa-paz-le-quito-una-caja-a-la-campora-de-maximo-kirchner-de-1-300-millones-de-pesos\/","title":{"rendered":"Feroz interna: Victoria Tolosa Paz le quit\u00f3 una caja a La C\u00e1mpora de M\u00e1ximo Kirchner de 1.300 millones de pesos"},"content":{"rendered":"\n<p>En medio de las tensiones internas que ponen en jaque la unidad del Frente de Todos, la ministra de Desarrollo Social de la Naci\u00f3n,\u00a0<strong>Victoria Tolosa Paz<\/strong>, le sac\u00f3 una caja millonaria a\u00a0<strong>La C\u00e1mpora<\/strong>.<\/p>\n\n\n\n<p>La resoluci\u00f3n\u00a02023-51186931-APN-MDS\u00a0del 5 de mayo le quit\u00f3 a la secretaria de Pol\u00edtica de Inclusi\u00f3n Social, Laura Alonso, que pertenece a la agrupaci\u00f3n que lidera\u00a0<strong>M\u00e1ximo Kirchner<\/strong>, el control de los \u201crecursos f\u00edsicos y humanos\u00bb del proyecto\u00a0PNUD, de Naciones Unidas, que forma parte del\u00a0Plan Nacional Argentina contra el Hambre.<\/p>\n\n\n\n<p>Se trata de fondos nacionales y cr\u00e9ditos del BID y la CAF supervisados por el organismo de la ONU. En los primeros dos a\u00f1os se invirtieron US$186 millones. Solo en 2021 se gastaron&nbsp;US$ 76 millones de los US$ 77.9 millones presupuestados. En 2022, la brecha entre el presupuesto y el gasto se ensanch\u00f3 a pesar de la crisis. Se gastaron&nbsp;US$ 80 millones de los US$110 millones&nbsp;presupuestados, seg\u00fan los n\u00fameros del PNUD. Fuentes oficiales argumentan que a trav\u00e9s del proyecto ya se transfirieron m\u00e1s de&nbsp;US$ 217 millones.<\/p>\n\n\n\n<figure class=\"wp-block-image is-resized\"><img loading=\"lazy\" decoding=\"async\" src=\"https:\/\/www.mdzol.com\/u\/fotografias\/m\/2023\/2\/24\/f768x1-1368830_1368957_3936.jpg\" alt=\"\" width=\"966\" height=\"643\"\/><\/figure>\n\n\n\n<p>En el presupuesto 2023\u00a0se destinaron al programa 611 millones de pesos a trav\u00e9s de los organismos de cr\u00e9dito regionales. Ya se gast\u00f3 m\u00e1s de la mitad en los primeros 4 meses del a\u00f1o a ra\u00edz de que ninguna inflaci\u00f3n es m\u00e1s alta que la de los alimentos.<\/p>\n\n\n\n<p>Ahora el programa ser\u00e1 administrado por el secretario de Articulaci\u00f3n de Pol\u00edticas Sociales, Leonardo Moyano, uno de los dos \u00fanicos secretarios de Estado que pudo nombrar&nbsp;<strong>Tolosa Paz<\/strong>&nbsp;cuando reemplaz\u00f3 a&nbsp;Juan Zabaleta al frente de Desarrollo Social.<\/p>\n\n\n\n<p>El programa del PNUD es una caja muy&nbsp;codiciada&nbsp;porque permite enviar fondos para la compra de alimentos a comedores, merenderos que administran las&nbsp;organizaciones sociales, las iglesias o los propios municipios.&nbsp;<\/p>\n\n\n\n<figure class=\"wp-block-image is-resized\"><img loading=\"lazy\" decoding=\"async\" src=\"https:\/\/www.mdzol.com\/u\/fotografias\/m\/2023\/3\/24\/f768x1-1384645_1384772_4140.jpg\" alt=\"\" width=\"968\" height=\"708\"\/><\/figure>\n\n\n\n<p>Daniel Arroyo, el primer ministro de Desarrollo Social de esta gesti\u00f3n, potenci\u00f3 los diferentes programas del PNUD detr\u00e1s del&nbsp;Plan Argentina contra el Hambre, que se extender\u00e1 hasta 2025. Las partidas sirven para&nbsp;complementar los fondos provinciales a comedores escolares y la adquisici\u00f3n de m\u00f3dulos alimentarios. El proyecto original pretend\u00eda facilitar la compra de productos frescos, verdes y carnes, uno de los principales d\u00e9ficits de los comedores populares, donde m\u00e1s se siente la inflaci\u00f3n.<\/p>\n\n\n\n<p>Alonso pierde as\u00ed una palanca relevante de su Secretar\u00eda, que tambi\u00e9n administra y reparte las tarjeta Alimentar, que en realidad paga la ANSES. La relaci\u00f3n entre la dirigente camporista y&nbsp;<strong>Tolosa Paz<\/strong>&nbsp;es nula. Hay que retroceder a octubre de 2022 para encontrar fotos y actividades comunes entre ambas.<\/p>\n\n\n\n<p>Dirigentes del peronismo bonaerense consignaron que Tolosa Paz hab\u00eda&nbsp;conversado al respecto con M\u00e1ximo Kirchner, pero nadie difundi\u00f3 el contenido de esa supuesta conversaci\u00f3n. No lo confirmaron ni en&nbsp;<strong>La C\u00e1mpora<\/strong>&nbsp;ni en Desarrollo Social, donde se\u00f1alaron que ambos dirigentes tienen di\u00e1logo directo. Alonso milita en La C\u00e1mpora desde los or\u00edgenes de la agrupaci\u00f3n, hace 14 a\u00f1os.<\/p>\n\n\n\n<p>La convivencia de las facciones que habitan Desarrollo Social es compleja. A la&nbsp;tensi\u00f3n permanente entre Tolosa Paz y el Movimiento Evita, cuyo jefe&nbsp;Emilio P\u00e9rsico&nbsp;controla el Potenciar Trabajo -que consume la mitad del presupuesto del ministerio-&nbsp;se suman los cortocircuitos de&nbsp;<strong>La C\u00e1mpora<\/strong>&nbsp;con la ministra y&nbsp;con el Movimiento Evita.<\/p>\n","protected":false},"excerpt":{"rendered":"<p>En medio de las tensiones internas que ponen en jaque la unidad del Frente de Todos, la ministra de Desarrollo Social de la Naci\u00f3n,\u00a0Victoria Tolosa Paz, le sac\u00f3 una caja millonaria a\u00a0La C\u00e1mpora. La resoluci\u00f3n\u00a02023-51186931-APN-MDS\u00a0del 5 de mayo le quit\u00f3 a la secretaria de Pol\u00edtica de Inclusi\u00f3n Social, Laura Alonso, que pertenece a la agrupaci\u00f3n<a class=\"read-more\" href=\"https:\/\/elfederalmendoza.com.ar\/index.php\/2023\/05\/13\/feroz-interna-victoria-tolosa-paz-le-quito-una-caja-a-la-campora-de-maximo-kirchner-de-1-300-millones-de-pesos\/\"> [&hellip;]<\/a><\/p>\n","protected":false},"author":2,"featured_media":22730,"comment_status":"open","ping_status":"open","sticky":false,"template":"","format":"standard","meta":{"footnotes":""},"categories":[5618],"tags":[],"class_list":["post-22729","post","type-post","status-publish","format-standard","has-post-thumbnail","hentry","category-arg"],"rttpg_featured_image_url":{"full":["https:\/\/elfederalmendoza.com.ar\/wp-content\/uploads\/2023\/05\/tolosa-paz.jpg",917,626,false],"landscape":["https:\/\/elfederalmendoza.com.ar\/wp-content\/uploads\/2023\/05\/tolosa-paz.jpg",917,626,false],"portraits":["https:\/\/elfederalmendoza.com.ar\/wp-content\/uploads\/2023\/05\/tolosa-paz.jpg",917,626,false],"thumbnail":["https:\/\/elfederalmendoza.com.ar\/wp-content\/uploads\/2023\/05\/tolosa-paz-150x150.jpg",150,150,true],"medium":["https:\/\/elfederalmendoza.com.ar\/wp-content\/uploads\/2023\/05\/tolosa-paz-300x205.jpg",300,205,true],"large":["https:\/\/elfederalmendoza.com.ar\/wp-content\/uploads\/2023\/05\/tolosa-paz.jpg",640,437,false],"1536x1536":["https:\/\/elfederalmendoza.com.ar\/wp-content\/uploads\/2023\/05\/tolosa-paz.jpg",917,626,false],"2048x2048":["https:\/\/elfederalmendoza.com.ar\/wp-content\/uploads\/2023\/05\/tolosa-paz.jpg",917,626,false],"ultp_layout_landscape_large":["https:\/\/elfederalmendoza.com.ar\/wp-content\/uploads\/2023\/05\/tolosa-paz.jpg",917,626,false],"ultp_layout_landscape":["https:\/\/elfederalmendoza.com.ar\/wp-content\/uploads\/2023\/05\/tolosa-paz-870x570.jpg",870,570,true],"ultp_layout_portrait":["https:\/\/elfederalmendoza.com.ar\/wp-content\/uploads\/2023\/05\/tolosa-paz-600x626.jpg",600,626,true],"ultp_layout_square":["https:\/\/elfederalmendoza.com.ar\/wp-content\/uploads\/2023\/05\/tolosa-paz-600x600.jpg",600,600,true],"rpwe-thumbnail":["https:\/\/elfederalmendoza.com.ar\/wp-content\/uploads\/2023\/05\/tolosa-paz-45x45.jpg",45,45,true],"advps-thumb-one":["https:\/\/elfederalmendoza.com.ar\/wp-content\/uploads\/2023\/05\/tolosa-paz-917x420.jpg",917,420,true]},"rttpg_author":{"display_name":"Redacci\u00f3n El Federal","author_link":"https:\/\/elfederalmendoza.com.ar\/index.php\/author\/angelflores\/"},"rttpg_comment":0,"rttpg_category":"<a href=\"https:\/\/elfederalmendoza.com.ar\/index.php\/category\/arg\/\" rel=\"category tag\">Argentina<\/a>","rttpg_excerpt":"En medio de las tensiones internas que ponen en jaque la unidad del Frente de Todos, la ministra de Desarrollo Social de la Naci\u00f3n,\u00a0Victoria Tolosa Paz, le sac\u00f3 una caja millonaria a\u00a0La C\u00e1mpora. La resoluci\u00f3n\u00a02023-51186931-APN-MDS\u00a0del 5 de mayo le quit\u00f3 a la secretaria de Pol\u00edtica de Inclusi\u00f3n Social, Laura Alonso, que pertenece a la agrupaci\u00f3n&hellip;","_links":{"self":[{"href":"https:\/\/elfederalmendoza.com.ar\/index.php\/wp-json\/wp\/v2\/posts\/22729","targetHints":{"allow":["GET"]}}],"collection":[{"href":"https:\/\/elfederalmendoza.com.ar\/index.php\/wp-json\/wp\/v2\/posts"}],"about":[{"href":"https:\/\/elfederalmendoza.com.ar\/index.php\/wp-json\/wp\/v2\/types\/post"}],"author":[{"embeddable":true,"href":"https:\/\/elfederalmendoza.com.ar\/index.php\/wp-json\/wp\/v2\/users\/2"}],"replies":[{"embeddable":true,"href":"https:\/\/elfederalmendoza.com.ar\/index.php\/wp-json\/wp\/v2\/comments?post=22729"}],"version-history":[{"count":1,"href":"https:\/\/elfederalmendoza.com.ar\/index.php\/wp-json\/wp\/v2\/posts\/22729\/revisions"}],"predecessor-version":[{"id":22731,"href":"https:\/\/elfederalmendoza.com.ar\/index.php\/wp-json\/wp\/v2\/posts\/22729\/revisions\/22731"}],"wp:featuredmedia":[{"embeddable":true,"href":"https:\/\/elfederalmendoza.com.ar\/index.php\/wp-json\/wp\/v2\/media\/22730"}],"wp:attachment":[{"href":"https:\/\/elfederalmendoza.com.ar\/index.php\/wp-json\/wp\/v2\/media?parent=22729"}],"wp:term":[{"taxonomy":"category","embeddable":true,"href":"https:\/\/elfederalmendoza.com.ar\/index.php\/wp-json\/wp\/v2\/categories?post=22729"},{"taxonomy":"post_tag","embeddable":true,"href":"https:\/\/elfederalmendoza.com.ar\/index.php\/wp-json\/wp\/v2\/tags?post=22729"}],"curies":[{"name":"wp","href":"https:\/\/api.w.org\/{rel}","templated":true}]}}