{"id":22732,"date":"2023-05-13T01:32:00","date_gmt":"2023-05-13T04:32:00","guid":{"rendered":"https:\/\/elfederalmendoza.com\/?p=22732"},"modified":"2023-05-13T12:35:49","modified_gmt":"2023-05-13T15:35:49","slug":"un-diputado-de-mendoza-que-cobra-550-000-pesos-dijo-que-no-llega-a-fin-de-mes","status":"publish","type":"post","link":"https:\/\/elfederalmendoza.com.ar\/index.php\/2023\/05\/13\/un-diputado-de-mendoza-que-cobra-550-000-pesos-dijo-que-no-llega-a-fin-de-mes\/","title":{"rendered":"Un diputado de Mendoza que cobra 550.000 pesos dijo que \u00abno llega a fin de mes\u201d"},"content":{"rendered":"\n<p><strong>\u201cNo llego a fin de mes\u201d. La frase es de Emanuel Fugazzotto, diputado provincial del Partido Verde en Mendoza&nbsp;<\/strong>y precandidato a vicegobernador por el Partido Verde.<\/p>\n\n\n\n<p>El legislador estuvo invitado a Radio Mitre Mendoza en donde particip\u00f3 de una entrevista a los precandidatos a vicegobernador de cara a las elecciones del pr\u00f3ximo 11 de junio.<\/p>\n\n\n\n<p>Fugazzoto habl\u00f3 de sus propuestas y tambi\u00e9n contest\u00f3 a la hora de ser consultado sobre la dieta que percibe en la Legislatura.<br><strong><br>-\u00bfCu\u00e1nto cobra como diputado?<\/strong><\/p>\n\n\n\n<p>-Alrededor de 550 mil pesos.<br><strong><br>-\u00bfQu\u00e9 es lo que m\u00e1s le cuesta comprar hoy por hoy?<\/strong><\/p>\n\n\n\n<p>-Nosotros trabajamos en el acompa\u00f1amiento del partido, yo debo decir no llego a fin de mes como una persona que pueda tener su profesi\u00f3n o su empresa. Me siento m\u00e1s cerca de la clase media, trabajadora.<br><strong><br>&#8211; \u00bfUsted de ese medio mill\u00f3n de pesos le pasa plata al partido?<\/strong><\/p>\n\n\n\n<p>&#8211; Obviamente, tenemos que hacer aportes partidarios. Nosotros entendemos que no es qu e nos sobre. No siento que un legislador cobre mucho, siento que la gente est\u00e1 cobrando poco.<\/p>\n\n\n\n<p><strong>-Usted hace el aporte al partido \u00bfcu\u00e1nto le queda?<\/strong><\/p>\n\n\n\n<p>-\u201cA m\u00ed me queda menos de 450 mil pesos, lo que ganaba siendo docente, trabajando por mi parte como profesional era cercano a ese n\u00famero, no estaba m\u00e1s lejos.<\/p>\n\n\n\n<p><strong>&#8211; Insisto \u00bfQu\u00e9 es lo que le cuesta comprar?<\/strong><\/p>\n\n\n\n<p>-Estoy en situaciones similares a las que plantea la clase media mendocina. Hoy no puedo salir a comprarme un terreno, no puedo pensar en cambiar un veh\u00edculo, no puedo pensar en invertir, en desarrollar emprendimientos. El problema no es que un legislador gana mucho. Yo soy un legislador que laburo de lunes a domingo. No tengo reparo en trabajar 24 horas por d\u00eda. No siento que el legislador que trabaja en serio cobre demasiado.<\/p>\n\n\n\n<p><strong>-\u00bfUsted alquila?<\/strong><\/p>\n\n\n\n<p>-No, tengo la suerte de poder vivir en una casa de mi vieja, pero si no tendr\u00eda que alquilar.<\/p>\n","protected":false},"excerpt":{"rendered":"<p>\u201cNo llego a fin de mes\u201d. La frase es de Emanuel Fugazzotto, diputado provincial del Partido Verde en Mendoza&nbsp;y precandidato a vicegobernador por el Partido Verde. El legislador estuvo invitado a Radio Mitre Mendoza en donde particip\u00f3 de una entrevista a los precandidatos a vicegobernador de cara a las elecciones del pr\u00f3ximo 11 de junio.<a class=\"read-more\" href=\"https:\/\/elfederalmendoza.com.ar\/index.php\/2023\/05\/13\/un-diputado-de-mendoza-que-cobra-550-000-pesos-dijo-que-no-llega-a-fin-de-mes\/\"> [&hellip;]<\/a><\/p>\n","protected":false},"author":2,"featured_media":22733,"comment_status":"open","ping_status":"open","sticky":false,"template":"","format":"standard","meta":{"footnotes":""},"categories":[1],"tags":[],"class_list":["post-22732","post","type-post","status-publish","format-standard","has-post-thumbnail","hentry","category-mza"],"rttpg_featured_image_url":{"full":["https:\/\/elfederalmendoza.com.ar\/wp-content\/uploads\/2023\/05\/f608x342-1409695_1439418_26.webp",608,342,false],"landscape":["https:\/\/elfederalmendoza.com.ar\/wp-content\/uploads\/2023\/05\/f608x342-1409695_1439418_26.webp",608,342,false],"portraits":["https:\/\/elfederalmendoza.com.ar\/wp-content\/uploads\/2023\/05\/f608x342-1409695_1439418_26.webp",608,342,false],"thumbnail":["https:\/\/elfederalmendoza.com.ar\/wp-content\/uploads\/2023\/05\/f608x342-1409695_1439418_26-150x150.webp",150,150,true],"medium":["https:\/\/elfederalmendoza.com.ar\/wp-content\/uploads\/2023\/05\/f608x342-1409695_1439418_26-300x169.webp",300,169,true],"large":["https:\/\/elfederalmendoza.com.ar\/wp-content\/uploads\/2023\/05\/f608x342-1409695_1439418_26.webp",608,342,false],"1536x1536":["https:\/\/elfederalmendoza.com.ar\/wp-content\/uploads\/2023\/05\/f608x342-1409695_1439418_26.webp",608,342,false],"2048x2048":["https:\/\/elfederalmendoza.com.ar\/wp-content\/uploads\/2023\/05\/f608x342-1409695_1439418_26.webp",608,342,false],"ultp_layout_landscape_large":["https:\/\/elfederalmendoza.com.ar\/wp-content\/uploads\/2023\/05\/f608x342-1409695_1439418_26.webp",608,342,false],"ultp_layout_landscape":["https:\/\/elfederalmendoza.com.ar\/wp-content\/uploads\/2023\/05\/f608x342-1409695_1439418_26.webp",608,342,false],"ultp_layout_portrait":["https:\/\/elfederalmendoza.com.ar\/wp-content\/uploads\/2023\/05\/f608x342-1409695_1439418_26-600x342.webp",600,342,true],"ultp_layout_square":["https:\/\/elfederalmendoza.com.ar\/wp-content\/uploads\/2023\/05\/f608x342-1409695_1439418_26-600x342.webp",600,342,true],"rpwe-thumbnail":["https:\/\/elfederalmendoza.com.ar\/wp-content\/uploads\/2023\/05\/f608x342-1409695_1439418_26-45x45.webp",45,45,true],"advps-thumb-one":["https:\/\/elfederalmendoza.com.ar\/wp-content\/uploads\/2023\/05\/f608x342-1409695_1439418_26.webp",608,342,false]},"rttpg_author":{"display_name":"Redacci\u00f3n El Federal","author_link":"https:\/\/elfederalmendoza.com.ar\/index.php\/author\/angelflores\/"},"rttpg_comment":0,"rttpg_category":"<a href=\"https:\/\/elfederalmendoza.com.ar\/index.php\/category\/mza\/\" rel=\"category tag\">Mendoza<\/a>","rttpg_excerpt":"\u201cNo llego a fin de mes\u201d. La frase es de Emanuel Fugazzotto, diputado provincial del Partido Verde en Mendoza&nbsp;y precandidato a vicegobernador por el Partido Verde. El legislador estuvo invitado a Radio Mitre Mendoza en donde particip\u00f3 de una entrevista a los precandidatos a vicegobernador de cara a las elecciones del pr\u00f3ximo 11 de junio.&hellip;","_links":{"self":[{"href":"https:\/\/elfederalmendoza.com.ar\/index.php\/wp-json\/wp\/v2\/posts\/22732","targetHints":{"allow":["GET"]}}],"collection":[{"href":"https:\/\/elfederalmendoza.com.ar\/index.php\/wp-json\/wp\/v2\/posts"}],"about":[{"href":"https:\/\/elfederalmendoza.com.ar\/index.php\/wp-json\/wp\/v2\/types\/post"}],"author":[{"embeddable":true,"href":"https:\/\/elfederalmendoza.com.ar\/index.php\/wp-json\/wp\/v2\/users\/2"}],"replies":[{"embeddable":true,"href":"https:\/\/elfederalmendoza.com.ar\/index.php\/wp-json\/wp\/v2\/comments?post=22732"}],"version-history":[{"count":1,"href":"https:\/\/elfederalmendoza.com.ar\/index.php\/wp-json\/wp\/v2\/posts\/22732\/revisions"}],"predecessor-version":[{"id":22734,"href":"https:\/\/elfederalmendoza.com.ar\/index.php\/wp-json\/wp\/v2\/posts\/22732\/revisions\/22734"}],"wp:featuredmedia":[{"embeddable":true,"href":"https:\/\/elfederalmendoza.com.ar\/index.php\/wp-json\/wp\/v2\/media\/22733"}],"wp:attachment":[{"href":"https:\/\/elfederalmendoza.com.ar\/index.php\/wp-json\/wp\/v2\/media?parent=22732"}],"wp:term":[{"taxonomy":"category","embeddable":true,"href":"https:\/\/elfederalmendoza.com.ar\/index.php\/wp-json\/wp\/v2\/categories?post=22732"},{"taxonomy":"post_tag","embeddable":true,"href":"https:\/\/elfederalmendoza.com.ar\/index.php\/wp-json\/wp\/v2\/tags?post=22732"}],"curies":[{"name":"wp","href":"https:\/\/api.w.org\/{rel}","templated":true}]}}