{"id":22735,"date":"2023-05-13T12:40:36","date_gmt":"2023-05-13T15:40:36","guid":{"rendered":"https:\/\/elfederalmendoza.com\/?p=22735"},"modified":"2023-05-13T12:41:23","modified_gmt":"2023-05-13T15:41:23","slug":"mendoza-debera-pagarle-40-millones-de-los-familiares-de-lucas-carrazco-quien-murio-por-un-proyectil-de-la-policia-en-2014","status":"publish","type":"post","link":"https:\/\/elfederalmendoza.com.ar\/index.php\/2023\/05\/13\/mendoza-debera-pagarle-40-millones-de-los-familiares-de-lucas-carrazco-quien-murio-por-un-proyectil-de-la-policia-en-2014\/","title":{"rendered":"Mendoza deber\u00e1 pagarle $40 millones a los familiares de Lucas Carrazco, quien muri\u00f3 por un proyectil de la polic\u00eda en 2014"},"content":{"rendered":"\n<p>La jueza Roxana \u00c1lamo, del Tribunal de Gesti\u00f3n Asociada 1, dictamin\u00f3 que la Provincia de Mendoza deber\u00e1&nbsp;<strong>indemnizar<\/strong>&nbsp;a la familia de&nbsp;<strong>Lucas Carrazco<\/strong>, quien falleci\u00f3 como consecuencia de un proyectil de gas lacrim\u00f3geno lanzado por un oficial de polic\u00eda durante una represi\u00f3n que tuvo lugar en 2014 cerca del estadio de&nbsp;<strong>Independiente Rivadavia<\/strong>, tras la suspensi\u00f3n de un partido.<\/p>\n\n\n\n<p>En su fallo, la jueza estableci\u00f3 que el Estado provincial deber\u00e1 abonar una compensaci\u00f3n econ\u00f3mica a todos los miembros de la familia de la v\u00edctima. A los herederos de la madre, quien lamentablemente se quit\u00f3 la vida en 2017 tras la falta de respuestas de la justicia, se les otorgar\u00e1 la suma de $9.278.587. Asimismo, al padre, Daniel Carrazco, se le otorgar\u00e1 una indemnizaci\u00f3n de $9.378.587.<\/p>\n\n\n\n<p>Adem\u00e1s, se dispuso el pago de\u00a0<strong>indemnizaciones<\/strong>\u00a0a los tres hijos de\u00a0<strong>Lucas Carrazco<\/strong>. El hijo que se encontraba junto a \u00e9l en el momento del tr\u00e1gico incidente recibir\u00e1 $3.500.000, mientras que los otros dos hermanos obtendr\u00e1n $3.000.000 cada uno. En total, la suma indemnizatoria alcanza los $27.6000, que, sumados a los intereses, llegan a aproximadamente $40.000.000.<\/p>\n\n\n\n<p>Es importante destacar que la demanda no solo alcanza al Estado provincial, sino tambi\u00e9n al ex polic\u00eda Diego Guzm\u00e1n Zalazar, quien en junio de 2019 fue condenado a 3 a\u00f1os de prisi\u00f3n condicional por \u00abhomicidio en exceso en cumplimiento de su deber\u00bb.<\/p>\n\n\n\n<p>Esta resoluci\u00f3n judicial representa un paso significativo en la b\u00fasqueda de justicia para la familia de&nbsp;<strong>Lucas Carrazco<\/strong>&nbsp;y sienta un precedente en cuanto a la responsabilidad del Estado en casos de violencia policial. La i<strong>ndemnizaci\u00f3n&nbsp;<\/strong>otorgada busca reparar el da\u00f1o causado y brindar alg\u00fan alivio econ\u00f3mico a los afectados por esta tr\u00e1gica p\u00e9rdida.<\/p>\n\n\n\n<p><a href=\"https:\/\/www.diariomendoza.com.ar\/mendoza\/se-vienen-dias-verano-mendoza-pronostico-tiempo-proximos-dias-n48679\"><\/a><\/p>\n","protected":false},"excerpt":{"rendered":"<p>La jueza Roxana \u00c1lamo, del Tribunal de Gesti\u00f3n Asociada 1, dictamin\u00f3 que la Provincia de Mendoza deber\u00e1&nbsp;indemnizar&nbsp;a la familia de&nbsp;Lucas Carrazco, quien falleci\u00f3 como consecuencia de un proyectil de gas lacrim\u00f3geno lanzado por un oficial de polic\u00eda durante una represi\u00f3n que tuvo lugar en 2014 cerca del estadio de&nbsp;Independiente Rivadavia, tras la suspensi\u00f3n de un<a class=\"read-more\" href=\"https:\/\/elfederalmendoza.com.ar\/index.php\/2023\/05\/13\/mendoza-debera-pagarle-40-millones-de-los-familiares-de-lucas-carrazco-quien-murio-por-un-proyectil-de-la-policia-en-2014\/\"> [&hellip;]<\/a><\/p>\n","protected":false},"author":2,"featured_media":22736,"comment_status":"open","ping_status":"open","sticky":false,"template":"","format":"standard","meta":{"footnotes":""},"categories":[1],"tags":[],"class_list":["post-22735","post","type-post","status-publish","format-standard","has-post-thumbnail","hentry","category-mza"],"rttpg_featured_image_url":{"full":["https:\/\/elfederalmendoza.com.ar\/wp-content\/uploads\/2023\/05\/carrazco.jpg",1090,770,false],"landscape":["https:\/\/elfederalmendoza.com.ar\/wp-content\/uploads\/2023\/05\/carrazco.jpg",1090,770,false],"portraits":["https:\/\/elfederalmendoza.com.ar\/wp-content\/uploads\/2023\/05\/carrazco.jpg",1090,770,false],"thumbnail":["https:\/\/elfederalmendoza.com.ar\/wp-content\/uploads\/2023\/05\/carrazco-150x150.jpg",150,150,true],"medium":["https:\/\/elfederalmendoza.com.ar\/wp-content\/uploads\/2023\/05\/carrazco-300x212.jpg",300,212,true],"large":["https:\/\/elfederalmendoza.com.ar\/wp-content\/uploads\/2023\/05\/carrazco-1024x723.jpg",640,452,true],"1536x1536":["https:\/\/elfederalmendoza.com.ar\/wp-content\/uploads\/2023\/05\/carrazco.jpg",1090,770,false],"2048x2048":["https:\/\/elfederalmendoza.com.ar\/wp-content\/uploads\/2023\/05\/carrazco.jpg",1090,770,false],"ultp_layout_landscape_large":["https:\/\/elfederalmendoza.com.ar\/wp-content\/uploads\/2023\/05\/carrazco.jpg",1090,770,false],"ultp_layout_landscape":["https:\/\/elfederalmendoza.com.ar\/wp-content\/uploads\/2023\/05\/carrazco-870x570.jpg",870,570,true],"ultp_layout_portrait":["https:\/\/elfederalmendoza.com.ar\/wp-content\/uploads\/2023\/05\/carrazco-600x770.jpg",600,770,true],"ultp_layout_square":["https:\/\/elfederalmendoza.com.ar\/wp-content\/uploads\/2023\/05\/carrazco-600x600.jpg",600,600,true],"rpwe-thumbnail":["https:\/\/elfederalmendoza.com.ar\/wp-content\/uploads\/2023\/05\/carrazco-45x45.jpg",45,45,true],"advps-thumb-one":["https:\/\/elfederalmendoza.com.ar\/wp-content\/uploads\/2023\/05\/carrazco-1090x420.jpg",1090,420,true]},"rttpg_author":{"display_name":"Redacci\u00f3n El Federal","author_link":"https:\/\/elfederalmendoza.com.ar\/index.php\/author\/angelflores\/"},"rttpg_comment":0,"rttpg_category":"<a href=\"https:\/\/elfederalmendoza.com.ar\/index.php\/category\/mza\/\" rel=\"category tag\">Mendoza<\/a>","rttpg_excerpt":"La jueza Roxana \u00c1lamo, del Tribunal de Gesti\u00f3n Asociada 1, dictamin\u00f3 que la Provincia de Mendoza deber\u00e1&nbsp;indemnizar&nbsp;a la familia de&nbsp;Lucas Carrazco, quien falleci\u00f3 como consecuencia de un proyectil de gas lacrim\u00f3geno lanzado por un oficial de polic\u00eda durante una represi\u00f3n que tuvo lugar en 2014 cerca del estadio de&nbsp;Independiente Rivadavia, tras la suspensi\u00f3n de un&hellip;","_links":{"self":[{"href":"https:\/\/elfederalmendoza.com.ar\/index.php\/wp-json\/wp\/v2\/posts\/22735","targetHints":{"allow":["GET"]}}],"collection":[{"href":"https:\/\/elfederalmendoza.com.ar\/index.php\/wp-json\/wp\/v2\/posts"}],"about":[{"href":"https:\/\/elfederalmendoza.com.ar\/index.php\/wp-json\/wp\/v2\/types\/post"}],"author":[{"embeddable":true,"href":"https:\/\/elfederalmendoza.com.ar\/index.php\/wp-json\/wp\/v2\/users\/2"}],"replies":[{"embeddable":true,"href":"https:\/\/elfederalmendoza.com.ar\/index.php\/wp-json\/wp\/v2\/comments?post=22735"}],"version-history":[{"count":2,"href":"https:\/\/elfederalmendoza.com.ar\/index.php\/wp-json\/wp\/v2\/posts\/22735\/revisions"}],"predecessor-version":[{"id":22739,"href":"https:\/\/elfederalmendoza.com.ar\/index.php\/wp-json\/wp\/v2\/posts\/22735\/revisions\/22739"}],"wp:featuredmedia":[{"embeddable":true,"href":"https:\/\/elfederalmendoza.com.ar\/index.php\/wp-json\/wp\/v2\/media\/22736"}],"wp:attachment":[{"href":"https:\/\/elfederalmendoza.com.ar\/index.php\/wp-json\/wp\/v2\/media?parent=22735"}],"wp:term":[{"taxonomy":"category","embeddable":true,"href":"https:\/\/elfederalmendoza.com.ar\/index.php\/wp-json\/wp\/v2\/categories?post=22735"},{"taxonomy":"post_tag","embeddable":true,"href":"https:\/\/elfederalmendoza.com.ar\/index.php\/wp-json\/wp\/v2\/tags?post=22735"}],"curies":[{"name":"wp","href":"https:\/\/api.w.org\/{rel}","templated":true}]}}