{"id":22741,"date":"2023-05-13T01:17:00","date_gmt":"2023-05-13T04:17:00","guid":{"rendered":"https:\/\/elfederalmendoza.com\/?p=22741"},"modified":"2023-05-13T13:17:20","modified_gmt":"2023-05-13T16:17:20","slug":"esta-en-chacras-de-coria-y-fue-elegido-entre-los-mejores-hoteles-del-mundo","status":"publish","type":"post","link":"https:\/\/elfederalmendoza.com.ar\/index.php\/2023\/05\/13\/esta-en-chacras-de-coria-y-fue-elegido-entre-los-mejores-hoteles-del-mundo\/","title":{"rendered":"Est\u00e1 en Chacras de Coria y fue elegido entre los mejores hoteles del mundo"},"content":{"rendered":"\n<p>La provincia de\u00a0<strong>Mendoza\u00a0<\/strong>contin\u00faa posicion\u00e1ndose como destino internacional. Cada a\u00f1o diversos operadores y establecimientos tur\u00edsticos son destacados por su nivel en atenci\u00f3n, arquitectura o paisajismo. En esta oportunidad, un lujoso\u00a0<strong>hotel\u00a0<\/strong>boutique fue galardonado por la revista internacional de viajes Travel &amp; Leisure.<\/p>\n\n\n\n<p>Cada a\u00f1o, T&amp;L se encarga de elaborar una lista con aquellos nuevos\u00a0<strong>hoteles\u00a0<\/strong>que se destacan en el mundo. En la edici\u00f3n 2023, un exclusivo\u00a0<strong>hotel\u00a0<\/strong>ubicado en la zona de\u00a0Chacras de Coria,\u00a0<strong>Mendoza<\/strong>, qued\u00f3 entre los mejores del planeta.\u00a0<\/p>\n\n\n\n<figure class=\"wp-block-image is-resized\"><img loading=\"lazy\" decoding=\"async\" src=\"https:\/\/www.mdzol.com\/u\/fotografias\/m\/2023\/5\/12\/f768x511-1410006_1466088_5050.jpg\" alt=\"\" width=\"970\" height=\"645\"\/><figcaption class=\"wp-element-caption\">EL HOTEL FUE ELEGIDO ENTRE LOS MEJORES NUEVOS HOTELES DEL MUNDO<\/figcaption><\/figure>\n\n\n\n<p>\u201cHemos recopilado nuestros 100 ganadores, enumerados sin ning\u00fan orden en particular, para que pueda verlos todos en un solo lugar. Cuando necesite alejarse de todo, no hay nada como una inmersi\u00f3n total en la naturaleza. Desde un retiro sereno en las monta\u00f1as del Atlas de Marruecos hasta un oasis tropical en la costa del Pac\u00edfico de M\u00e9xico\u201d, expresan los editores de la revista&nbsp;para presentar a los 16 nuevos resorts naturales m\u00e1s incre\u00edbles del mundo.<\/p>\n\n\n\n<p>El establecimiento<strong>\u00a0<\/strong>que qued\u00f3 entre los 100 mejores\u00a0<strong>hoteles\u00a0<\/strong>nuevos del mundo y entre los 16 nuevos resorts naturales m\u00e1s impresionantes de 2023 es SB <strong><a href=\"https:\/\/www.susanabalbohotels.com\/es\/sb-winemakers-house-spa-suites\/\">Winemaker&#8217;s House &amp; Spa Suites, de Susana Balbo<\/a><\/strong>.<\/p>\n\n\n\n<figure class=\"wp-block-image is-resized\"><img loading=\"lazy\" decoding=\"async\" src=\"https:\/\/www.mdzol.com\/u\/fotografias\/m\/2023\/5\/12\/f768x469-1410010_1461484_5050.jpg\" alt=\"\" width=\"966\" height=\"590\"\/><figcaption class=\"wp-element-caption\">EL HOTEL PERTENECE A LA EN\u00d3LOGA ARGENTINA SUSANA BALBO<\/figcaption><\/figure>\n\n\n\n<p>Los editores que presentan a cada uno de los atractivos\u00a0<strong>hoteles\u00a0<\/strong>destacan la historia de Susana Balbo y como fue su camino como primera en\u00f3loga argentina.\u00a0<\/p>\n\n\n\n<p>\u201cLa viticultora pionera y su hija, Ana, han abierto el&nbsp;<strong>hotel&nbsp;<\/strong>boutique m\u00e1s nuevo de Mendoza, ubicado dentro de la antigua casa de su familia en el frondoso suburbio de Chacras de Coria. El escondite \u00edntimo se abre hacia afuera desde el bungalow de estilo espa\u00f1ol (todas las puertas arqueadas y los techos con vigas, con obras de arte seleccionadas de la colecci\u00f3n privada de Balbo) y abarca siete \u00absuites de spa\u00bb con ba\u00f1os de vapor, saunas y puertas corredizas de vidrio que se abren a jardines privados\u201d, describe en detalle la revista.&nbsp;<\/p>\n\n\n\n<figure class=\"wp-block-image is-resized\"><img loading=\"lazy\" decoding=\"async\" src=\"https:\/\/www.mdzol.com\/u\/fotografias\/m\/2023\/5\/12\/f768x481-1410007_1462797_5050.jpg\" alt=\"\" width=\"968\" height=\"606\"\/><figcaption class=\"wp-element-caption\">EL LUGAR SE DESTACA POR SU SERVICIO DE PRIMER NIVEL<\/figcaption><\/figure>\n\n\n\n<p>C\u00f3mo actividades recomendadas destacan el servicio de masajes personalizado en cada suite, las visitas gratuitas a las bodegas y los almuerzos con vista a la Cordillera de Los Andes. Uno de los imperdibles es hacer un safari a\u00e9reo en el hidroavi\u00f3n privado que puede llevar a los visitantes a los rincones m\u00e1s remotos del pa\u00eds, como el desierto de Cafayate o el Lago La Plata en la Patagonia argentina.\u00a0<\/p>\n\n\n\n<figure class=\"wp-block-image size-full is-resized\"><img loading=\"lazy\" decoding=\"async\" src=\"https:\/\/elfederalmendoza.com\/wp-content\/uploads\/2023\/05\/hotel-chacras.jpg\" alt=\"\" class=\"wp-image-22742\" width=\"969\" height=\"644\" srcset=\"https:\/\/elfederalmendoza.com.ar\/wp-content\/uploads\/2023\/05\/hotel-chacras.jpg 836w, https:\/\/elfederalmendoza.com.ar\/wp-content\/uploads\/2023\/05\/hotel-chacras-300x200.jpg 300w, https:\/\/elfederalmendoza.com.ar\/wp-content\/uploads\/2023\/05\/hotel-chacras-768x511.jpg 768w\" sizes=\"auto, (max-width: 969px) 100vw, 969px\" \/><\/figure>\n\n\n\n<p>Sin embargo, destacan que la estad\u00eda en el sofisticado&nbsp;<strong>hotel&nbsp;<\/strong>es tan amena y placentera que los hu\u00e9spedes disfrutar\u00e1n quedarse en las instalaciones del lugar y aprovechar los platos en su innovador espacio Vida, de la mixolog\u00eda en el bar de cocktails, o de un servicio exclusivo de spa en la habitaci\u00f3n.<\/p>\n\n\n\n<figure class=\"wp-block-image is-resized\"><img loading=\"lazy\" decoding=\"async\" src=\"https:\/\/www.mdzol.com\/u\/fotografias\/m\/2023\/5\/12\/f768x511-1410008_1466090_5050.jpg\" alt=\"\" width=\"968\" height=\"644\"\/><figcaption class=\"wp-element-caption\">SB WINEMAKER\u00b4S HOUSE &amp; SPA ES EL \u00daNICO DE LATINOAM\u00c9RICA CON SERVICIO DE SPA EN LA HABITACI\u00d3N<\/figcaption><\/figure>\n\n\n\n<p>\u201cTanto para mi mam\u00e1 como para m\u00ed era impensado llegar a estos logros en tan poquito tiempo. Creemos que es todo fruto de un trabajo muy profesional que se est\u00e1 haciendo desde antes de que el hotel abra sus puertas\u201d, sostuvo Ana Lovaglio Balbo, ide\u00f3loga y propietaria de SB Winemaker&#8217;s House &amp; Spa Suites junto a su madre, Susana Balbo, y a\u00f1adi\u00f3: \u201cSe ha trabajado con mucha estructura, profesionalismo y, por sobre todo, con mucha atenci\u00f3n en los detalles en todo sentido: desde la estrategia comunicacional hasta el producto, la experiencia, el servicio\u201d.<\/p>\n\n\n\n<figure class=\"wp-block-image size-full is-resized\"><img loading=\"lazy\" decoding=\"async\" src=\"https:\/\/elfederalmendoza.com\/wp-content\/uploads\/2023\/05\/hotel-chacras1.jpg\" alt=\"\" class=\"wp-image-22743\" width=\"970\" height=\"579\" srcset=\"https:\/\/elfederalmendoza.com.ar\/wp-content\/uploads\/2023\/05\/hotel-chacras1.jpg 928w, https:\/\/elfederalmendoza.com.ar\/wp-content\/uploads\/2023\/05\/hotel-chacras1-300x179.jpg 300w, https:\/\/elfederalmendoza.com.ar\/wp-content\/uploads\/2023\/05\/hotel-chacras1-768x458.jpg 768w\" sizes=\"auto, (max-width: 970px) 100vw, 970px\" \/><\/figure>\n","protected":false},"excerpt":{"rendered":"<p>La provincia de\u00a0Mendoza\u00a0contin\u00faa posicion\u00e1ndose como destino internacional. Cada a\u00f1o diversos operadores y establecimientos tur\u00edsticos son destacados por su nivel en atenci\u00f3n, arquitectura o paisajismo. En esta oportunidad, un lujoso\u00a0hotel\u00a0boutique fue galardonado por la revista internacional de viajes Travel &amp; Leisure. Cada a\u00f1o, T&amp;L se encarga de elaborar una lista con aquellos nuevos\u00a0hoteles\u00a0que se destacan en<a class=\"read-more\" href=\"https:\/\/elfederalmendoza.com.ar\/index.php\/2023\/05\/13\/esta-en-chacras-de-coria-y-fue-elegido-entre-los-mejores-hoteles-del-mundo\/\"> [&hellip;]<\/a><\/p>\n","protected":false},"author":2,"featured_media":22744,"comment_status":"open","ping_status":"open","sticky":false,"template":"","format":"standard","meta":{"footnotes":""},"categories":[1],"tags":[],"class_list":["post-22741","post","type-post","status-publish","format-standard","has-post-thumbnail","hentry","category-mza"],"rttpg_featured_image_url":{"full":["https:\/\/elfederalmendoza.com.ar\/wp-content\/uploads\/2023\/05\/hotel-chacras2.jpg",1129,651,false],"landscape":["https:\/\/elfederalmendoza.com.ar\/wp-content\/uploads\/2023\/05\/hotel-chacras2.jpg",1129,651,false],"portraits":["https:\/\/elfederalmendoza.com.ar\/wp-content\/uploads\/2023\/05\/hotel-chacras2.jpg",1129,651,false],"thumbnail":["https:\/\/elfederalmendoza.com.ar\/wp-content\/uploads\/2023\/05\/hotel-chacras2-150x150.jpg",150,150,true],"medium":["https:\/\/elfederalmendoza.com.ar\/wp-content\/uploads\/2023\/05\/hotel-chacras2-300x173.jpg",300,173,true],"large":["https:\/\/elfederalmendoza.com.ar\/wp-content\/uploads\/2023\/05\/hotel-chacras2-1024x590.jpg",640,369,true],"1536x1536":["https:\/\/elfederalmendoza.com.ar\/wp-content\/uploads\/2023\/05\/hotel-chacras2.jpg",1129,651,false],"2048x2048":["https:\/\/elfederalmendoza.com.ar\/wp-content\/uploads\/2023\/05\/hotel-chacras2.jpg",1129,651,false],"ultp_layout_landscape_large":["https:\/\/elfederalmendoza.com.ar\/wp-content\/uploads\/2023\/05\/hotel-chacras2.jpg",1129,651,false],"ultp_layout_landscape":["https:\/\/elfederalmendoza.com.ar\/wp-content\/uploads\/2023\/05\/hotel-chacras2-870x570.jpg",870,570,true],"ultp_layout_portrait":["https:\/\/elfederalmendoza.com.ar\/wp-content\/uploads\/2023\/05\/hotel-chacras2-600x651.jpg",600,651,true],"ultp_layout_square":["https:\/\/elfederalmendoza.com.ar\/wp-content\/uploads\/2023\/05\/hotel-chacras2-600x600.jpg",600,600,true],"rpwe-thumbnail":["https:\/\/elfederalmendoza.com.ar\/wp-content\/uploads\/2023\/05\/hotel-chacras2-45x45.jpg",45,45,true],"advps-thumb-one":["https:\/\/elfederalmendoza.com.ar\/wp-content\/uploads\/2023\/05\/hotel-chacras2-1129x420.jpg",1129,420,true]},"rttpg_author":{"display_name":"Redacci\u00f3n El Federal","author_link":"https:\/\/elfederalmendoza.com.ar\/index.php\/author\/angelflores\/"},"rttpg_comment":0,"rttpg_category":"<a href=\"https:\/\/elfederalmendoza.com.ar\/index.php\/category\/mza\/\" rel=\"category tag\">Mendoza<\/a>","rttpg_excerpt":"La provincia de\u00a0Mendoza\u00a0contin\u00faa posicion\u00e1ndose como destino internacional. Cada a\u00f1o diversos operadores y establecimientos tur\u00edsticos son destacados por su nivel en atenci\u00f3n, arquitectura o paisajismo. En esta oportunidad, un lujoso\u00a0hotel\u00a0boutique fue galardonado por la revista internacional de viajes Travel &amp; Leisure. Cada a\u00f1o, T&amp;L se encarga de elaborar una lista con aquellos nuevos\u00a0hoteles\u00a0que se destacan en&hellip;","_links":{"self":[{"href":"https:\/\/elfederalmendoza.com.ar\/index.php\/wp-json\/wp\/v2\/posts\/22741","targetHints":{"allow":["GET"]}}],"collection":[{"href":"https:\/\/elfederalmendoza.com.ar\/index.php\/wp-json\/wp\/v2\/posts"}],"about":[{"href":"https:\/\/elfederalmendoza.com.ar\/index.php\/wp-json\/wp\/v2\/types\/post"}],"author":[{"embeddable":true,"href":"https:\/\/elfederalmendoza.com.ar\/index.php\/wp-json\/wp\/v2\/users\/2"}],"replies":[{"embeddable":true,"href":"https:\/\/elfederalmendoza.com.ar\/index.php\/wp-json\/wp\/v2\/comments?post=22741"}],"version-history":[{"count":1,"href":"https:\/\/elfederalmendoza.com.ar\/index.php\/wp-json\/wp\/v2\/posts\/22741\/revisions"}],"predecessor-version":[{"id":22745,"href":"https:\/\/elfederalmendoza.com.ar\/index.php\/wp-json\/wp\/v2\/posts\/22741\/revisions\/22745"}],"wp:featuredmedia":[{"embeddable":true,"href":"https:\/\/elfederalmendoza.com.ar\/index.php\/wp-json\/wp\/v2\/media\/22744"}],"wp:attachment":[{"href":"https:\/\/elfederalmendoza.com.ar\/index.php\/wp-json\/wp\/v2\/media?parent=22741"}],"wp:term":[{"taxonomy":"category","embeddable":true,"href":"https:\/\/elfederalmendoza.com.ar\/index.php\/wp-json\/wp\/v2\/categories?post=22741"},{"taxonomy":"post_tag","embeddable":true,"href":"https:\/\/elfederalmendoza.com.ar\/index.php\/wp-json\/wp\/v2\/tags?post=22741"}],"curies":[{"name":"wp","href":"https:\/\/api.w.org\/{rel}","templated":true}]}}