{"id":22750,"date":"2023-05-14T12:47:01","date_gmt":"2023-05-14T15:47:01","guid":{"rendered":"https:\/\/elfederalmendoza.com\/?p=22750"},"modified":"2023-05-14T12:47:01","modified_gmt":"2023-05-14T15:47:01","slug":"ola-de-robos-en-guaymallen-saquearon-dos-casas-en-menos-de-una-hora","status":"publish","type":"post","link":"https:\/\/elfederalmendoza.com.ar\/index.php\/2023\/05\/14\/ola-de-robos-en-guaymallen-saquearon-dos-casas-en-menos-de-una-hora\/","title":{"rendered":"Ola de robos en Guaymall\u00e9n: Saquearon dos casas en menos de una hora"},"content":{"rendered":"\n<p>Dos robos a viviendas se registraron en menos de una hora la tarde del s\u00e1bado en&nbsp;<strong>El Bermejo<\/strong>,&nbsp;<strong>Guaymall\u00e9n<\/strong>. Los hechos ocurrieron a poco m\u00e1s de un kil\u00f3metro de distancia y bajo el mismo modus operandi.<\/p>\n\n\n\n<p>El primer caso fue denunciado alrededor de las 18.40 y tuvo lugar en la&nbsp;<strong>Casa del Escultor Roberto Rosas<\/strong>, que funciona como vivienda y taller de ese artista mendocino, ubicada en calle Mathus Hoyos al 4447.<\/p>\n\n\n\n<p>Al parecer, una mujer a cargo del cuidado del lugar se retir\u00f3 a las 15, dejando cerrados los ingresos. Al volver,&nbsp;<mark>not\u00f3 que una ventana superior estaba rota y que malvivientes hab\u00edan ingresado a la propiedad<\/mark>.<\/p>\n\n\n\n<p>Los autores sustrajeron del interior un televisor&nbsp;<strong>Samsung<\/strong>&nbsp;y una notebook, detalla la informaci\u00f3n policial.<\/p>\n\n\n\n<p>Mientras personal de la&nbsp;<strong>Comisar\u00eda 57\u00aa<\/strong>&nbsp;desarrollaba las tareas de rigor en ese lugar, otro hecho de similares caracter\u00edsticas ocurri\u00f3 en un domicilio de la manzana X del barrio El Carmen.<\/p>\n\n\n\n<p>La propietaria, de 65 a\u00f1os, sostuvo que sali\u00f3 de su casa a las 6.45 y cuando regres\u00f3, cerca de las 17.45,&nbsp;<mark>constat\u00f3 que ladrones hab\u00edan logrado abrir una reja de metal para ingresar al inmueble<\/mark>.<\/p>\n\n\n\n<p>Del interior, los sujetos se llevaron un televisor de 32 pulgadas y un decodificador de&nbsp;<strong>DirecTV<\/strong>, indicaron las fuentes consultadas.<\/p>\n\n\n\n<p>En ambas causas las actuaciones estuvieron a cargo de la<strong>&nbsp;Oficina Fiscal N\u00ba 9<\/strong>.<\/p>\n","protected":false},"excerpt":{"rendered":"<p>Dos robos a viviendas se registraron en menos de una hora la tarde del s\u00e1bado en&nbsp;El Bermejo,&nbsp;Guaymall\u00e9n. Los hechos ocurrieron a poco m\u00e1s de un kil\u00f3metro de distancia y bajo el mismo modus operandi. El primer caso fue denunciado alrededor de las 18.40 y tuvo lugar en la&nbsp;Casa del Escultor Roberto Rosas, que funciona como<a class=\"read-more\" href=\"https:\/\/elfederalmendoza.com.ar\/index.php\/2023\/05\/14\/ola-de-robos-en-guaymallen-saquearon-dos-casas-en-menos-de-una-hora\/\"> [&hellip;]<\/a><\/p>\n","protected":false},"author":2,"featured_media":22567,"comment_status":"open","ping_status":"open","sticky":false,"template":"","format":"standard","meta":{"footnotes":""},"categories":[1],"tags":[],"class_list":["post-22750","post","type-post","status-publish","format-standard","has-post-thumbnail","hentry","category-mza"],"rttpg_featured_image_url":{"full":["https:\/\/elfederalmendoza.com.ar\/wp-content\/uploads\/2023\/05\/policia-de-mendoza4.jpg",709,405,false],"landscape":["https:\/\/elfederalmendoza.com.ar\/wp-content\/uploads\/2023\/05\/policia-de-mendoza4.jpg",709,405,false],"portraits":["https:\/\/elfederalmendoza.com.ar\/wp-content\/uploads\/2023\/05\/policia-de-mendoza4.jpg",709,405,false],"thumbnail":["https:\/\/elfederalmendoza.com.ar\/wp-content\/uploads\/2023\/05\/policia-de-mendoza4-150x150.jpg",150,150,true],"medium":["https:\/\/elfederalmendoza.com.ar\/wp-content\/uploads\/2023\/05\/policia-de-mendoza4-300x171.jpg",300,171,true],"large":["https:\/\/elfederalmendoza.com.ar\/wp-content\/uploads\/2023\/05\/policia-de-mendoza4.jpg",640,366,false],"1536x1536":["https:\/\/elfederalmendoza.com.ar\/wp-content\/uploads\/2023\/05\/policia-de-mendoza4.jpg",709,405,false],"2048x2048":["https:\/\/elfederalmendoza.com.ar\/wp-content\/uploads\/2023\/05\/policia-de-mendoza4.jpg",709,405,false],"ultp_layout_landscape_large":["https:\/\/elfederalmendoza.com.ar\/wp-content\/uploads\/2023\/05\/policia-de-mendoza4.jpg",709,405,false],"ultp_layout_landscape":["https:\/\/elfederalmendoza.com.ar\/wp-content\/uploads\/2023\/05\/policia-de-mendoza4.jpg",709,405,false],"ultp_layout_portrait":["https:\/\/elfederalmendoza.com.ar\/wp-content\/uploads\/2023\/05\/policia-de-mendoza4-600x405.jpg",600,405,true],"ultp_layout_square":["https:\/\/elfederalmendoza.com.ar\/wp-content\/uploads\/2023\/05\/policia-de-mendoza4-600x405.jpg",600,405,true],"rpwe-thumbnail":["https:\/\/elfederalmendoza.com.ar\/wp-content\/uploads\/2023\/05\/policia-de-mendoza4-45x45.jpg",45,45,true],"advps-thumb-one":["https:\/\/elfederalmendoza.com.ar\/wp-content\/uploads\/2023\/05\/policia-de-mendoza4.jpg",709,405,false]},"rttpg_author":{"display_name":"Redacci\u00f3n El Federal","author_link":"https:\/\/elfederalmendoza.com.ar\/index.php\/author\/angelflores\/"},"rttpg_comment":0,"rttpg_category":"<a href=\"https:\/\/elfederalmendoza.com.ar\/index.php\/category\/mza\/\" rel=\"category tag\">Mendoza<\/a>","rttpg_excerpt":"Dos robos a viviendas se registraron en menos de una hora la tarde del s\u00e1bado en&nbsp;El Bermejo,&nbsp;Guaymall\u00e9n. Los hechos ocurrieron a poco m\u00e1s de un kil\u00f3metro de distancia y bajo el mismo modus operandi. El primer caso fue denunciado alrededor de las 18.40 y tuvo lugar en la&nbsp;Casa del Escultor Roberto Rosas, que funciona como&hellip;","_links":{"self":[{"href":"https:\/\/elfederalmendoza.com.ar\/index.php\/wp-json\/wp\/v2\/posts\/22750","targetHints":{"allow":["GET"]}}],"collection":[{"href":"https:\/\/elfederalmendoza.com.ar\/index.php\/wp-json\/wp\/v2\/posts"}],"about":[{"href":"https:\/\/elfederalmendoza.com.ar\/index.php\/wp-json\/wp\/v2\/types\/post"}],"author":[{"embeddable":true,"href":"https:\/\/elfederalmendoza.com.ar\/index.php\/wp-json\/wp\/v2\/users\/2"}],"replies":[{"embeddable":true,"href":"https:\/\/elfederalmendoza.com.ar\/index.php\/wp-json\/wp\/v2\/comments?post=22750"}],"version-history":[{"count":1,"href":"https:\/\/elfederalmendoza.com.ar\/index.php\/wp-json\/wp\/v2\/posts\/22750\/revisions"}],"predecessor-version":[{"id":22751,"href":"https:\/\/elfederalmendoza.com.ar\/index.php\/wp-json\/wp\/v2\/posts\/22750\/revisions\/22751"}],"wp:featuredmedia":[{"embeddable":true,"href":"https:\/\/elfederalmendoza.com.ar\/index.php\/wp-json\/wp\/v2\/media\/22567"}],"wp:attachment":[{"href":"https:\/\/elfederalmendoza.com.ar\/index.php\/wp-json\/wp\/v2\/media?parent=22750"}],"wp:term":[{"taxonomy":"category","embeddable":true,"href":"https:\/\/elfederalmendoza.com.ar\/index.php\/wp-json\/wp\/v2\/categories?post=22750"},{"taxonomy":"post_tag","embeddable":true,"href":"https:\/\/elfederalmendoza.com.ar\/index.php\/wp-json\/wp\/v2\/tags?post=22750"}],"curies":[{"name":"wp","href":"https:\/\/api.w.org\/{rel}","templated":true}]}}