{"id":22757,"date":"2023-05-15T15:31:20","date_gmt":"2023-05-15T18:31:20","guid":{"rendered":"https:\/\/elfederalmendoza.com\/?p=22757"},"modified":"2023-05-15T15:31:21","modified_gmt":"2023-05-15T18:31:21","slug":"suarez-tras-los-anuncios-de-massa-son-solo-medidas-para-tratar-de-llegar-a-las-elecciones-en-una-mejor-situacion","status":"publish","type":"post","link":"https:\/\/elfederalmendoza.com.ar\/index.php\/2023\/05\/15\/suarez-tras-los-anuncios-de-massa-son-solo-medidas-para-tratar-de-llegar-a-las-elecciones-en-una-mejor-situacion\/","title":{"rendered":"Su\u00e1rez, tras los anuncios de Massa: \u00abSon s\u00f3lo medidas para tratar de llegar a las elecciones en una mejor situaci\u00f3n\u00bb"},"content":{"rendered":"\n<p>El gobernador\u00a0<strong>Rodolfo Suarez y el senador nacional Alfredo Cornejo<\/strong>\u00a0 hablaron de las \u00faltimas medidas econ\u00f3micas anunciadas por el ministro de Econom\u00eda,<strong>\u00a0Sergio Massa<\/strong>, para tratar de contener la<strong>\u00a0inflaci\u00f3n<\/strong>.<\/p>\n\n\n\n<p>Este domingo&nbsp;<strong>Massa&nbsp;<\/strong><strong>difundi\u00f3 un paquete de medidas&nbsp;<\/strong>luego que se diera a conocer el dato de&nbsp;<strong>inflaci\u00f3n&nbsp;<\/strong>del mes de abril, y la escalada de la moneda extranjera durante el \u00faltimo mes. Las resoluciones incluyen&nbsp;<strong>un aumento en la tasa de inter\u00e9s de los plazos fijos, mayores controles comerciales, suspensi\u00f3n del dumping, un plan de facilidades para regularizar deudas tributarias y previsionales, una baja en la tasa para tarjetas de cr\u00e9dito y ahora 12 y una suba de la tasa de plazos fijos de 6 puntos<\/strong>.<\/p>\n\n\n\n<p>\u00abEstamos a 209 d\u00edas de que este gobierno se vaya. Es dif\u00edcil creer en un plan econ\u00f3mico a tan pocos d\u00edas, dentro de lo que es un mandato; y que sean medidas que obedezcan a un plan\u00bb, cuestion\u00f3 Suarez.<\/p>\n\n\n\n<p>\u00abSon medidas que tienen que ver con tratar desesperadamente de parar la inflaci\u00f3n, con fracasos de medidas que se han ido tomando sin tener un rumbo firme, claro, de a d\u00f3nde tiene que ir la econom\u00eda argentina. Pero realmente yo veo que solamente son medidas para tratar de llegar a las elecciones en una mejor situaci\u00f3n\u00bb, dispar\u00f3.<\/p>\n\n\n\n<p>En el mismo sentido, Cornejo sostuvo que \u00abtodas estas medidas tienden a hacer lo mismo que se hizo en otras oportunidades y no funcion\u00f3: tratar de controlar los precios al final del proceso\u00bb. \u00abTodos sabemos que hay especuladores, pero la especulaci\u00f3ns aparece cuando hay desorganizaci\u00f3n de la macro. Lo que hay que hacer es tratar de organizar la macro para que esa especulaci\u00f3n no funcione\u00bb, gareg\u00f3 el senador nacional.<\/p>\n\n\n\n<p>\u00abLas medidas son parche, el Gobierno Nacional no tiene vocaci\u00f3n de solucionar la inflaci\u00f3n, sino de patear esas decisiones m\u00e1s duras para el pr\u00f3ximo gobierno, ganar tiempo- Eso empobrece m\u00e1s a la Argentina, deteriora m\u00e1s el salario e impacta a todos\u00bb, advirti\u00f3 Cornejo.<\/p>\n\n\n\n<p><em>Fuente: Sitio Andino<\/em><\/p>\n","protected":false},"excerpt":{"rendered":"<p>El gobernador\u00a0Rodolfo Suarez y el senador nacional Alfredo Cornejo\u00a0 hablaron de las \u00faltimas medidas econ\u00f3micas anunciadas por el ministro de Econom\u00eda,\u00a0Sergio Massa, para tratar de contener la\u00a0inflaci\u00f3n. Este domingo&nbsp;Massa&nbsp;difundi\u00f3 un paquete de medidas&nbsp;luego que se diera a conocer el dato de&nbsp;inflaci\u00f3n&nbsp;del mes de abril, y la escalada de la moneda extranjera durante el \u00faltimo mes.<a class=\"read-more\" href=\"https:\/\/elfederalmendoza.com.ar\/index.php\/2023\/05\/15\/suarez-tras-los-anuncios-de-massa-son-solo-medidas-para-tratar-de-llegar-a-las-elecciones-en-una-mejor-situacion\/\"> [&hellip;]<\/a><\/p>\n","protected":false},"author":2,"featured_media":22776,"comment_status":"open","ping_status":"open","sticky":false,"template":"","format":"standard","meta":{"footnotes":""},"categories":[1],"tags":[],"class_list":["post-22757","post","type-post","status-publish","format-standard","has-post-thumbnail","hentry","category-mza"],"rttpg_featured_image_url":{"full":["https:\/\/elfederalmendoza.com.ar\/wp-content\/uploads\/2023\/05\/SuarezCornejo.webp",2024,1510,false],"landscape":["https:\/\/elfederalmendoza.com.ar\/wp-content\/uploads\/2023\/05\/SuarezCornejo.webp",2024,1510,false],"portraits":["https:\/\/elfederalmendoza.com.ar\/wp-content\/uploads\/2023\/05\/SuarezCornejo.webp",2024,1510,false],"thumbnail":["https:\/\/elfederalmendoza.com.ar\/wp-content\/uploads\/2023\/05\/SuarezCornejo-150x150.webp",150,150,true],"medium":["https:\/\/elfederalmendoza.com.ar\/wp-content\/uploads\/2023\/05\/SuarezCornejo-300x224.webp",300,224,true],"large":["https:\/\/elfederalmendoza.com.ar\/wp-content\/uploads\/2023\/05\/SuarezCornejo-1024x764.webp",640,478,true],"1536x1536":["https:\/\/elfederalmendoza.com.ar\/wp-content\/uploads\/2023\/05\/SuarezCornejo-1536x1146.webp",1536,1146,true],"2048x2048":["https:\/\/elfederalmendoza.com.ar\/wp-content\/uploads\/2023\/05\/SuarezCornejo.webp",2024,1510,false],"ultp_layout_landscape_large":["https:\/\/elfederalmendoza.com.ar\/wp-content\/uploads\/2023\/05\/SuarezCornejo-1200x800.webp",1200,800,true],"ultp_layout_landscape":["https:\/\/elfederalmendoza.com.ar\/wp-content\/uploads\/2023\/05\/SuarezCornejo-870x570.webp",870,570,true],"ultp_layout_portrait":["https:\/\/elfederalmendoza.com.ar\/wp-content\/uploads\/2023\/05\/SuarezCornejo-600x900.webp",600,900,true],"ultp_layout_square":["https:\/\/elfederalmendoza.com.ar\/wp-content\/uploads\/2023\/05\/SuarezCornejo-600x600.webp",600,600,true],"rpwe-thumbnail":["https:\/\/elfederalmendoza.com.ar\/wp-content\/uploads\/2023\/05\/SuarezCornejo-45x45.webp",45,45,true],"advps-thumb-one":["https:\/\/elfederalmendoza.com.ar\/wp-content\/uploads\/2023\/05\/SuarezCornejo-1200x420.webp",1200,420,true]},"rttpg_author":{"display_name":"Redacci\u00f3n El Federal","author_link":"https:\/\/elfederalmendoza.com.ar\/index.php\/author\/angelflores\/"},"rttpg_comment":0,"rttpg_category":"<a href=\"https:\/\/elfederalmendoza.com.ar\/index.php\/category\/mza\/\" rel=\"category tag\">Mendoza<\/a>","rttpg_excerpt":"El gobernador\u00a0Rodolfo Suarez y el senador nacional Alfredo Cornejo\u00a0 hablaron de las \u00faltimas medidas econ\u00f3micas anunciadas por el ministro de Econom\u00eda,\u00a0Sergio Massa, para tratar de contener la\u00a0inflaci\u00f3n. Este domingo&nbsp;Massa&nbsp;difundi\u00f3 un paquete de medidas&nbsp;luego que se diera a conocer el dato de&nbsp;inflaci\u00f3n&nbsp;del mes de abril, y la escalada de la moneda extranjera durante el \u00faltimo mes.&hellip;","_links":{"self":[{"href":"https:\/\/elfederalmendoza.com.ar\/index.php\/wp-json\/wp\/v2\/posts\/22757","targetHints":{"allow":["GET"]}}],"collection":[{"href":"https:\/\/elfederalmendoza.com.ar\/index.php\/wp-json\/wp\/v2\/posts"}],"about":[{"href":"https:\/\/elfederalmendoza.com.ar\/index.php\/wp-json\/wp\/v2\/types\/post"}],"author":[{"embeddable":true,"href":"https:\/\/elfederalmendoza.com.ar\/index.php\/wp-json\/wp\/v2\/users\/2"}],"replies":[{"embeddable":true,"href":"https:\/\/elfederalmendoza.com.ar\/index.php\/wp-json\/wp\/v2\/comments?post=22757"}],"version-history":[{"count":1,"href":"https:\/\/elfederalmendoza.com.ar\/index.php\/wp-json\/wp\/v2\/posts\/22757\/revisions"}],"predecessor-version":[{"id":22777,"href":"https:\/\/elfederalmendoza.com.ar\/index.php\/wp-json\/wp\/v2\/posts\/22757\/revisions\/22777"}],"wp:featuredmedia":[{"embeddable":true,"href":"https:\/\/elfederalmendoza.com.ar\/index.php\/wp-json\/wp\/v2\/media\/22776"}],"wp:attachment":[{"href":"https:\/\/elfederalmendoza.com.ar\/index.php\/wp-json\/wp\/v2\/media?parent=22757"}],"wp:term":[{"taxonomy":"category","embeddable":true,"href":"https:\/\/elfederalmendoza.com.ar\/index.php\/wp-json\/wp\/v2\/categories?post=22757"},{"taxonomy":"post_tag","embeddable":true,"href":"https:\/\/elfederalmendoza.com.ar\/index.php\/wp-json\/wp\/v2\/tags?post=22757"}],"curies":[{"name":"wp","href":"https:\/\/api.w.org\/{rel}","templated":true}]}}