{"id":22758,"date":"2023-05-15T09:22:37","date_gmt":"2023-05-15T12:22:37","guid":{"rendered":"https:\/\/elfederalmendoza.com\/?p=22758"},"modified":"2023-05-15T09:33:48","modified_gmt":"2023-05-15T12:33:48","slug":"ejecutaron-a-balazos-a-dos-jovenes-en-situacion-de-calle-en-una-vivienda-de-godoy-cruz","status":"publish","type":"post","link":"https:\/\/elfederalmendoza.com.ar\/index.php\/2023\/05\/15\/ejecutaron-a-balazos-a-dos-jovenes-en-situacion-de-calle-en-una-vivienda-de-godoy-cruz\/","title":{"rendered":"Ejecutaron a balazos a dos j\u00f3venes en situaci\u00f3n de calle en una vivienda de Godoy Cruz"},"content":{"rendered":"\n<p>Un doble homicidio ocurri\u00f3 en Godoy Cruz este domingo al mediod\u00eda del que fueron v\u00edctimas dos hombres j\u00f3venes que habr\u00edan estado en situaci\u00f3n de calle. Ocurri\u00f3 en el barrio Urundel, de Godoy Cruz.&nbsp;<strong>Fueron asesinados a balazos.<\/strong><\/p>\n\n\n\n<p>Alrededor de las 13 ingres\u00f3 un llamado a la l\u00ednea de emergencias 911 en el que se inform\u00f3 que en el interior de una vivienda de <strong>Jacarand\u00e1 y Tiburcio Benegas<\/strong> hab\u00eda dos hombres sin signos de vida.<\/p>\n\n\n\n<p>Al llegar la polic\u00eda se constat\u00f3 efectivamente que hab\u00eda dos j\u00f3venes sin vida dentro de una habitaci\u00f3n sin puertas ni ventanas. Estaban tirados sobre un colch\u00f3n en un espacio de 2 metros por 3 metros. <strong>Alrededor de ambos hab\u00eda varias vainas servidas.<\/strong><\/p>\n\n\n\n<figure class=\"wp-block-image size-full is-resized\"><img loading=\"lazy\" decoding=\"async\" src=\"https:\/\/elfederalmendoza.com\/wp-content\/uploads\/2023\/05\/ejecutados.jpg\" alt=\"\" class=\"wp-image-22760\" width=\"965\" height=\"524\" srcset=\"https:\/\/elfederalmendoza.com.ar\/wp-content\/uploads\/2023\/05\/ejecutados.jpg 814w, https:\/\/elfederalmendoza.com.ar\/wp-content\/uploads\/2023\/05\/ejecutados-300x163.jpg 300w, https:\/\/elfederalmendoza.com.ar\/wp-content\/uploads\/2023\/05\/ejecutados-768x417.jpg 768w\" sizes=\"auto, (max-width: 965px) 100vw, 965px\" \/><figcaption class=\"wp-element-caption\">Lugar donde encontraron los cuerpos<\/figcaption><\/figure>\n\n\n\n<h2 class=\"wp-block-heading\">El due\u00f1o del terreno llam\u00f3 al 911<\/h2>\n\n\n\n<p>El propietario del inmueble cont\u00f3 a los uniformados que esas dos personas estaban en situaci\u00f3n de calle y dorm\u00edan all\u00ed.&nbsp;<strong>Como desde el jueves no los ve\u00eda fue al lugar, donde los encontr\u00f3 inconscientes por lo que \u00e9l quien llam\u00f3 a emergencias.<\/strong><\/p>\n\n\n\n<p>Hasta all\u00ed lleg\u00f3 la fiscal de Homicidios, Claudia R\u00edos, junto con personal de la divisi\u00f3n Homicidios, Unidad Investigativa y Polic\u00eda Cient\u00edfica. Las primeras pericias indican que una de las v\u00edctimas ten\u00eda nuev9 impactos de bala y la otra 5.<\/p>\n\n\n\n<p>Los fallecidos fueron identificados como<strong>&nbsp;Facundo Ariel Gelvez Carrasco,&nbsp;<\/strong>de 26 a\u00f1os, y&nbsp;<strong>Patricio Hamil Moreno,&nbsp;<\/strong>de 19. El primero contaba con antecedentes policiales y el m\u00e1s joven no.<\/p>\n","protected":false},"excerpt":{"rendered":"<p>Un doble homicidio ocurri\u00f3 en Godoy Cruz este domingo al mediod\u00eda del que fueron v\u00edctimas dos hombres j\u00f3venes que habr\u00edan estado en situaci\u00f3n de calle. Ocurri\u00f3 en el barrio Urundel, de Godoy Cruz.&nbsp;Fueron asesinados a balazos. Alrededor de las 13 ingres\u00f3 un llamado a la l\u00ednea de emergencias 911 en el que se inform\u00f3 que<a class=\"read-more\" href=\"https:\/\/elfederalmendoza.com.ar\/index.php\/2023\/05\/15\/ejecutaron-a-balazos-a-dos-jovenes-en-situacion-de-calle-en-una-vivienda-de-godoy-cruz\/\"> [&hellip;]<\/a><\/p>\n","protected":false},"author":2,"featured_media":22657,"comment_status":"open","ping_status":"open","sticky":false,"template":"","format":"standard","meta":{"footnotes":""},"categories":[1],"tags":[],"class_list":["post-22758","post","type-post","status-publish","format-standard","has-post-thumbnail","hentry","category-mza"],"rttpg_featured_image_url":{"full":["https:\/\/elfederalmendoza.com.ar\/wp-content\/uploads\/2023\/05\/barrio-privado.jpg",1050,580,false],"landscape":["https:\/\/elfederalmendoza.com.ar\/wp-content\/uploads\/2023\/05\/barrio-privado.jpg",1050,580,false],"portraits":["https:\/\/elfederalmendoza.com.ar\/wp-content\/uploads\/2023\/05\/barrio-privado.jpg",1050,580,false],"thumbnail":["https:\/\/elfederalmendoza.com.ar\/wp-content\/uploads\/2023\/05\/barrio-privado-150x150.jpg",150,150,true],"medium":["https:\/\/elfederalmendoza.com.ar\/wp-content\/uploads\/2023\/05\/barrio-privado-300x166.jpg",300,166,true],"large":["https:\/\/elfederalmendoza.com.ar\/wp-content\/uploads\/2023\/05\/barrio-privado-1024x566.jpg",640,354,true],"1536x1536":["https:\/\/elfederalmendoza.com.ar\/wp-content\/uploads\/2023\/05\/barrio-privado.jpg",1050,580,false],"2048x2048":["https:\/\/elfederalmendoza.com.ar\/wp-content\/uploads\/2023\/05\/barrio-privado.jpg",1050,580,false],"ultp_layout_landscape_large":["https:\/\/elfederalmendoza.com.ar\/wp-content\/uploads\/2023\/05\/barrio-privado.jpg",1050,580,false],"ultp_layout_landscape":["https:\/\/elfederalmendoza.com.ar\/wp-content\/uploads\/2023\/05\/barrio-privado-870x570.jpg",870,570,true],"ultp_layout_portrait":["https:\/\/elfederalmendoza.com.ar\/wp-content\/uploads\/2023\/05\/barrio-privado-600x580.jpg",600,580,true],"ultp_layout_square":["https:\/\/elfederalmendoza.com.ar\/wp-content\/uploads\/2023\/05\/barrio-privado-600x580.jpg",600,580,true],"rpwe-thumbnail":["https:\/\/elfederalmendoza.com.ar\/wp-content\/uploads\/2023\/05\/barrio-privado-45x45.jpg",45,45,true],"advps-thumb-one":["https:\/\/elfederalmendoza.com.ar\/wp-content\/uploads\/2023\/05\/barrio-privado-1050x420.jpg",1050,420,true]},"rttpg_author":{"display_name":"Redacci\u00f3n El Federal","author_link":"https:\/\/elfederalmendoza.com.ar\/index.php\/author\/angelflores\/"},"rttpg_comment":0,"rttpg_category":"<a href=\"https:\/\/elfederalmendoza.com.ar\/index.php\/category\/mza\/\" rel=\"category tag\">Mendoza<\/a>","rttpg_excerpt":"Un doble homicidio ocurri\u00f3 en Godoy Cruz este domingo al mediod\u00eda del que fueron v\u00edctimas dos hombres j\u00f3venes que habr\u00edan estado en situaci\u00f3n de calle. Ocurri\u00f3 en el barrio Urundel, de Godoy Cruz.&nbsp;Fueron asesinados a balazos. Alrededor de las 13 ingres\u00f3 un llamado a la l\u00ednea de emergencias 911 en el que se inform\u00f3 que&hellip;","_links":{"self":[{"href":"https:\/\/elfederalmendoza.com.ar\/index.php\/wp-json\/wp\/v2\/posts\/22758","targetHints":{"allow":["GET"]}}],"collection":[{"href":"https:\/\/elfederalmendoza.com.ar\/index.php\/wp-json\/wp\/v2\/posts"}],"about":[{"href":"https:\/\/elfederalmendoza.com.ar\/index.php\/wp-json\/wp\/v2\/types\/post"}],"author":[{"embeddable":true,"href":"https:\/\/elfederalmendoza.com.ar\/index.php\/wp-json\/wp\/v2\/users\/2"}],"replies":[{"embeddable":true,"href":"https:\/\/elfederalmendoza.com.ar\/index.php\/wp-json\/wp\/v2\/comments?post=22758"}],"version-history":[{"count":2,"href":"https:\/\/elfederalmendoza.com.ar\/index.php\/wp-json\/wp\/v2\/posts\/22758\/revisions"}],"predecessor-version":[{"id":22761,"href":"https:\/\/elfederalmendoza.com.ar\/index.php\/wp-json\/wp\/v2\/posts\/22758\/revisions\/22761"}],"wp:featuredmedia":[{"embeddable":true,"href":"https:\/\/elfederalmendoza.com.ar\/index.php\/wp-json\/wp\/v2\/media\/22657"}],"wp:attachment":[{"href":"https:\/\/elfederalmendoza.com.ar\/index.php\/wp-json\/wp\/v2\/media?parent=22758"}],"wp:term":[{"taxonomy":"category","embeddable":true,"href":"https:\/\/elfederalmendoza.com.ar\/index.php\/wp-json\/wp\/v2\/categories?post=22758"},{"taxonomy":"post_tag","embeddable":true,"href":"https:\/\/elfederalmendoza.com.ar\/index.php\/wp-json\/wp\/v2\/tags?post=22758"}],"curies":[{"name":"wp","href":"https:\/\/api.w.org\/{rel}","templated":true}]}}