{"id":22762,"date":"2023-05-15T09:49:31","date_gmt":"2023-05-15T12:49:31","guid":{"rendered":"https:\/\/elfederalmendoza.com\/?p=22762"},"modified":"2023-05-15T09:49:32","modified_gmt":"2023-05-15T12:49:32","slug":"violento-robo-a-un-hombre-de-71-anos-en-una-vivienda-de-guaymallen","status":"publish","type":"post","link":"https:\/\/elfederalmendoza.com.ar\/index.php\/2023\/05\/15\/violento-robo-a-un-hombre-de-71-anos-en-una-vivienda-de-guaymallen\/","title":{"rendered":"Violento robo a un hombre de 71 a\u00f1os en una vivienda de Guaymall\u00e9n"},"content":{"rendered":"\n<p>Un<strong>\u00a0hombre de 71 a\u00f1os fue golpeado duramente tras una entradera ocurrida este lunes por la ma\u00f1ana en\u00a0Guaymall\u00e9n.<\/strong><\/p>\n\n\n\n<p><strong>El\u00a0robo\u00a0ocurri\u00f3 a las 6.10<\/strong> cuando la v\u00edctima \u2013se reserva su identidad por pedido de los investigadores- sal\u00eda de su hogar. Seg\u00fan fuentes policiales,\u00a0<strong>el hombre se dispon\u00eda a sacar el veh\u00edculo de la cochera y al abrir el port\u00f3n fue abordado por tres delincuentes armados.<\/strong><\/p>\n\n\n\n<p>Los ladrones&nbsp;<strong>lo golpearon y obligaron a ingresar a su casa<\/strong>, donde le robaron su celular y algunos objetos de valor.<\/p>\n\n\n\n<p>En medio del golpe,&nbsp;<strong>el hombre fue v\u00edctima de una paliza, sufriendo varias heridas cortantes en el cuero cabelludo<\/strong>. Por esto, fue atendido en el lugar por m\u00e9dicos del Servicio de Emergencias Coordinado y luego qued\u00f3 internado, por precauci\u00f3n, en el hospital Central.<\/p>\n\n\n\n<p>El robo es investigado por la Oficina Fiscal 8 de Guaymall\u00e9n, donde esperan por la declaraci\u00f3n del hombre para conocer detalles del asalto.<\/p>\n\n\n\n<p>Por el momento<strong>&nbsp;no hay detenidos.<\/strong><\/p>\n","protected":false},"excerpt":{"rendered":"<p>Un\u00a0hombre de 71 a\u00f1os fue golpeado duramente tras una entradera ocurrida este lunes por la ma\u00f1ana en\u00a0Guaymall\u00e9n. El\u00a0robo\u00a0ocurri\u00f3 a las 6.10 cuando la v\u00edctima \u2013se reserva su identidad por pedido de los investigadores- sal\u00eda de su hogar. Seg\u00fan fuentes policiales,\u00a0el hombre se dispon\u00eda a sacar el veh\u00edculo de la cochera y al abrir el port\u00f3n<a class=\"read-more\" href=\"https:\/\/elfederalmendoza.com.ar\/index.php\/2023\/05\/15\/violento-robo-a-un-hombre-de-71-anos-en-una-vivienda-de-guaymallen\/\"> [&hellip;]<\/a><\/p>\n","protected":false},"author":2,"featured_media":22763,"comment_status":"open","ping_status":"open","sticky":false,"template":"","format":"standard","meta":{"footnotes":""},"categories":[1],"tags":[],"class_list":["post-22762","post","type-post","status-publish","format-standard","has-post-thumbnail","hentry","category-mza"],"rttpg_featured_image_url":{"full":["https:\/\/elfederalmendoza.com.ar\/wp-content\/uploads\/2023\/05\/policia-mendoza6.jpg",882,556,false],"landscape":["https:\/\/elfederalmendoza.com.ar\/wp-content\/uploads\/2023\/05\/policia-mendoza6.jpg",882,556,false],"portraits":["https:\/\/elfederalmendoza.com.ar\/wp-content\/uploads\/2023\/05\/policia-mendoza6.jpg",882,556,false],"thumbnail":["https:\/\/elfederalmendoza.com.ar\/wp-content\/uploads\/2023\/05\/policia-mendoza6-150x150.jpg",150,150,true],"medium":["https:\/\/elfederalmendoza.com.ar\/wp-content\/uploads\/2023\/05\/policia-mendoza6-300x189.jpg",300,189,true],"large":["https:\/\/elfederalmendoza.com.ar\/wp-content\/uploads\/2023\/05\/policia-mendoza6.jpg",640,403,false],"1536x1536":["https:\/\/elfederalmendoza.com.ar\/wp-content\/uploads\/2023\/05\/policia-mendoza6.jpg",882,556,false],"2048x2048":["https:\/\/elfederalmendoza.com.ar\/wp-content\/uploads\/2023\/05\/policia-mendoza6.jpg",882,556,false],"ultp_layout_landscape_large":["https:\/\/elfederalmendoza.com.ar\/wp-content\/uploads\/2023\/05\/policia-mendoza6.jpg",882,556,false],"ultp_layout_landscape":["https:\/\/elfederalmendoza.com.ar\/wp-content\/uploads\/2023\/05\/policia-mendoza6-870x556.jpg",870,556,true],"ultp_layout_portrait":["https:\/\/elfederalmendoza.com.ar\/wp-content\/uploads\/2023\/05\/policia-mendoza6-600x556.jpg",600,556,true],"ultp_layout_square":["https:\/\/elfederalmendoza.com.ar\/wp-content\/uploads\/2023\/05\/policia-mendoza6-600x556.jpg",600,556,true],"rpwe-thumbnail":["https:\/\/elfederalmendoza.com.ar\/wp-content\/uploads\/2023\/05\/policia-mendoza6-45x45.jpg",45,45,true],"advps-thumb-one":["https:\/\/elfederalmendoza.com.ar\/wp-content\/uploads\/2023\/05\/policia-mendoza6-882x420.jpg",882,420,true]},"rttpg_author":{"display_name":"Redacci\u00f3n El Federal","author_link":"https:\/\/elfederalmendoza.com.ar\/index.php\/author\/angelflores\/"},"rttpg_comment":0,"rttpg_category":"<a href=\"https:\/\/elfederalmendoza.com.ar\/index.php\/category\/mza\/\" rel=\"category tag\">Mendoza<\/a>","rttpg_excerpt":"Un\u00a0hombre de 71 a\u00f1os fue golpeado duramente tras una entradera ocurrida este lunes por la ma\u00f1ana en\u00a0Guaymall\u00e9n. El\u00a0robo\u00a0ocurri\u00f3 a las 6.10 cuando la v\u00edctima \u2013se reserva su identidad por pedido de los investigadores- sal\u00eda de su hogar. Seg\u00fan fuentes policiales,\u00a0el hombre se dispon\u00eda a sacar el veh\u00edculo de la cochera y al abrir el port\u00f3n&hellip;","_links":{"self":[{"href":"https:\/\/elfederalmendoza.com.ar\/index.php\/wp-json\/wp\/v2\/posts\/22762","targetHints":{"allow":["GET"]}}],"collection":[{"href":"https:\/\/elfederalmendoza.com.ar\/index.php\/wp-json\/wp\/v2\/posts"}],"about":[{"href":"https:\/\/elfederalmendoza.com.ar\/index.php\/wp-json\/wp\/v2\/types\/post"}],"author":[{"embeddable":true,"href":"https:\/\/elfederalmendoza.com.ar\/index.php\/wp-json\/wp\/v2\/users\/2"}],"replies":[{"embeddable":true,"href":"https:\/\/elfederalmendoza.com.ar\/index.php\/wp-json\/wp\/v2\/comments?post=22762"}],"version-history":[{"count":1,"href":"https:\/\/elfederalmendoza.com.ar\/index.php\/wp-json\/wp\/v2\/posts\/22762\/revisions"}],"predecessor-version":[{"id":22764,"href":"https:\/\/elfederalmendoza.com.ar\/index.php\/wp-json\/wp\/v2\/posts\/22762\/revisions\/22764"}],"wp:featuredmedia":[{"embeddable":true,"href":"https:\/\/elfederalmendoza.com.ar\/index.php\/wp-json\/wp\/v2\/media\/22763"}],"wp:attachment":[{"href":"https:\/\/elfederalmendoza.com.ar\/index.php\/wp-json\/wp\/v2\/media?parent=22762"}],"wp:term":[{"taxonomy":"category","embeddable":true,"href":"https:\/\/elfederalmendoza.com.ar\/index.php\/wp-json\/wp\/v2\/categories?post=22762"},{"taxonomy":"post_tag","embeddable":true,"href":"https:\/\/elfederalmendoza.com.ar\/index.php\/wp-json\/wp\/v2\/tags?post=22762"}],"curies":[{"name":"wp","href":"https:\/\/api.w.org\/{rel}","templated":true}]}}