{"id":22765,"date":"2023-05-15T10:06:54","date_gmt":"2023-05-15T13:06:54","guid":{"rendered":"https:\/\/elfederalmendoza.com\/?p=22765"},"modified":"2023-05-15T10:13:58","modified_gmt":"2023-05-15T13:13:58","slug":"buscan-los-mayores-consensos-posibles-para-convertir-parte-de-la-reserva-de-uspallata-en-un-parque-nacional","status":"publish","type":"post","link":"https:\/\/elfederalmendoza.com.ar\/index.php\/2023\/05\/15\/buscan-los-mayores-consensos-posibles-para-convertir-parte-de-la-reserva-de-uspallata-en-un-parque-nacional\/","title":{"rendered":"Buscan \u00ablos mayores consensos posibles\u00bb para convertir parte de la reserva de Uspallata en un parque nacional"},"content":{"rendered":"\n<p>Unas 85 mil hect\u00e1reas de glaciares, humedales y sitios arqueol\u00f3gicos que hoy forman parte de la\u00a0<strong>Reserva Natural\u00a0<\/strong>de la Defensa \u00ab<strong>Uspallata<\/strong>\u00bb pueden convertirse en el primer Parque Nacional de la provincia de Mendoza, si el congreso provincial aprueba el proyecto en el que el Ministerio de Defensa y la\u00a0Administraci\u00f3n de\u00a0<strong>Parques Nacionales\u00a0<\/strong>(APN)\u00a0trabajan junto a las comunidades locales y organizaciones ambientalistas.<\/p>\n\n\n\n<p>Mientras que el estado mendocino mantiene bajo administraci\u00f3n provincial casi una veintena de \u00e1reas protegidas, el Ministerio de Defensa estableci\u00f3 en 2021, en coordinaci\u00f3n con&nbsp;<strong>Parques Nacionale<\/strong>s, la Reserva Natural de la Defensa \u00ab<strong>Uspallata<\/strong>\u00ab, una extensi\u00f3n de m\u00e1s de 215 mil hect\u00e1reas que rodea esa localidad, hacia el oeste es lindante con el parque provincial Aconcagua y hacia el norte con la Reserva Natural de la Defensa \u00abManantiales\u00bb en la provincia de San Juan.<\/p>\n\n\n\n<p>Dentro del \u00e1rea protegida creada por el Ministerio de Defensa en tierras del Ej\u00e9rcito Argentino nacen algunos de los r\u00edos m\u00e1s importantes de una provincia \u00e1rida, y <strong>a mediados de 2022 fue registrado en ese predio un ejemplar de gato andino, <\/strong>una especie felina en peligro conocida como \u00abel fantasma\u00bb por lo inusual de sus avistamientos.<\/p>\n\n\n\n<p>Adem\u00e1s se preservan all\u00ed <strong>sitios arqueol\u00f3gicos de culturas originarias y parte importante de la historia del Cruce de Los Andes <\/strong>encabezado por el general San Mart\u00edn en la expedici\u00f3n libertadora.<\/p>\n\n\n\n<p><strong>La iniciativa propone asignar m\u00e1s de un tercio de esa reserva a la creaci\u00f3n de un parque <\/strong>que aumente los niveles de protecci\u00f3n de la biodiversidad e impulse el desarrollo econ\u00f3mico de la zona a trav\u00e9s del turismo.<\/p>\n\n\n\n<p>Mientras que el Ej\u00e9rcito Argentino y la Fuerza A\u00e9rea Argentina establecieron cu\u00e1les son los sitios del predio que deben permanecer en la \u00f3rbita de Defensa para la continuidad se ejercicios militares, Parques Nacionales trabaja con organizaciones ambientalistas sobre las \u00e1reas de inter\u00e9s para la conservaci\u00f3n y con los representantes locales en los aspectos en los que este proyecto impulsar\u00eda la actividad tur\u00edstica.<\/p>\n\n\n\n<p><strong>La iniciativa fue presentada ante la comunidad de Uspallata a principios de mayo, mientras que legisladoras provinciales del Frente de Todos presentaron el proyecto ante el Congreso de Mendoza,<\/strong> ya que es el poder legislativo local el que tiene la potestad de cederle la jurisdicci\u00f3n al estado federal para la creaci\u00f3n de un Parque Nacional, que podr\u00eda ser el primero en una provincia que ya gestiona en su territorio cerca de una veintena de \u00e1reas protegidas.<\/p>\n\n\n\n<p>En di\u00e1logo con <em>T\u00e9lam<\/em>, el director de Inmuebles, Reservas e Infraestructura del Ministerio de Defensa, <strong>Pablo Serenelli<\/strong>, afirm\u00f3 que \u00ablas tierras de Uspallata hoy se enmarcan en la iniciativa de lo que conocemos como las &#8216;Reservas Naturales de la Defensa&#8217; que son predios de las Fuerzas Armadas o de organismos de la Defensa en los que en conjunto con Parques Nacionales identificamos intereses de conservaci\u00f3n a preservar y en los que podemos establecer medidas de protecci\u00f3n sin condicionar las actividades propias de la Defensa\u00bb.<\/p>\n\n\n\n<p>\u00abEn 2021 en Uspallata creamos una Reserva Natural de la Defensa de m\u00e1s de 215 mil hect\u00e1reas, y <strong>Parques Nacionales trabaja con organizaciones ambientalistas y representantes locales en el proyecto para que una fracci\u00f3n de unas 85 mil hect\u00e1reas aumente su grado de protecci\u00f3n a Parque Nacional,<\/strong> lo que tambi\u00e9n ser\u00eda un est\u00edmulo a la actividad tur\u00edstica y la econom\u00eda regional\u00bb, indic\u00f3.<\/p>\n\n\n\n<p>El funcionario resalt\u00f3 que \u00abel \u00e1rea propuesta no s\u00f3lo es muy importante para proteger la biodiversidad de la zona, sino que adem\u00e1s en esas tierras ocurri\u00f3 parte del cruce de Los Andes que encabez\u00f3 San Mart\u00edn, y est\u00e1 atravesada por el &#8216;Camino del Inca&#8217; y tambi\u00e9n hay sitios valiosos para nuestras culturas originarias\u00bb.<\/p>\n\n\n\n<p>El proyecto busca que un Parque Nacional le d\u00e9 protecci\u00f3n a todas estas cosas y lo que se consensu\u00f3 es que la afectaci\u00f3n de tierras no afecte el desarrollo de las actividades habituales de adiestramiento de las Fuerzas Armadas.<\/p>\n\n\n\n<p><strong>\u00abHay sectores de la Reserva Natural de la Defensa que no podr\u00edan formar parte de un Parque Nacional porque all\u00ed el Ej\u00e9rcito se entrena en actividades con mulas o porque en algunos puntos la Fuerza A\u00e9rea realiza ejercicios de tiro\u00bb<\/strong>, explic\u00f3.<\/p>\n\n\n\n<p>Un aspecto interesante de esta iniciativa es que todo el proceso de dise\u00f1o del proyecto se fue desarrollando en di\u00e1logo con los actores locales que sumaron sus miradas a la propuesta del Estado nacional.<\/p>\n\n\n\n<p>\u00abL<strong>a idea es que el proyecto sea impulsado en el congreso mendocino con los mayores consensos posibles<\/strong> para concretar algo que creemos que ser\u00eda beneficioso en muchos aspectos\u00bb, finaliz\u00f3 Serenelli.<\/p>\n\n\n\n<p>Por su parte, <strong>Federico Granato<\/strong>, presidente de la Administraci\u00f3n de Parques Nacionales, afirm\u00f3 en di\u00e1logo con <em>T\u00e9lam<\/em> que \u00absi bien desde Parques Nacionales hace tiempo que ven\u00edamos trabajando sobre este proyecto lo que hoy le da impulso es la importante demanda que plantean los habitantes de Uspallata para concretarlo, y en ese sentido tambi\u00e9n se vienen organizado para participar y darle forma\u00bb.<\/p>\n\n\n\n<p>\u00abEn las tierras que est\u00e1n propuestas para integrar un posible parque nacional est\u00e1n las nacientes de varios r\u00edos, sobre todo el r\u00edo Mendoza y la cuenca del San Alberto; <strong>estamos hablando de una provincia en la que el agua es un bien escaso y ser\u00eda fundamental otorgar la mayor categor\u00eda de protecci\u00f3n a los glaciares y humedales de esa zona<\/strong>\u00ab, enfatiz\u00f3.<\/p>\n\n\n\n<p>Granato a\u00f1adi\u00f3 que \u00abel avistamiento de un ejemplar de gato andino dentro de ese predio marca que estamos hablando de un lugar muy importante para la biodiversidad, porque es un animal en peligro que adem\u00e1s es muy infrecuente que se deje ver, no por nada le dicen &#8216;el fantasma'\u00bb.<\/p>\n\n\n\n<p>El funcionario destac\u00f3 que \u00abtanto el Ej\u00e9rcito Argentino como el Ministerio de Defensa tienen una gran predisposici\u00f3n para crear all\u00ed un Parque Nacional y estamos trabajando de manera participativa con la comunidad de Uspallata para consensuar distintos aspectos de la iniciativa; el secretario de Ambiente de Mendoza, Humberto Mingorance, se ha manifestado varias veces a favor de concretar un parque nacional en la provincia as\u00ed que esperamos poder avanzar en conjunto\u00bb.<\/p>\n\n\n\n<p>\u00abLos Parques Nacionales son la m\u00e1s importante figura de protecci\u00f3n de la biodiversidad, y adem\u00e1s han demostrado ser un gran factor de desarrollo econ\u00f3mico por lo que cada vez hay m\u00e1s conciencia de su importancia para el cuidado del medio ambiente y su potencial para el desarrollo local; en ese sentido es muy valioso que Catamarca haya comenzado el tr\u00e1mite de creaci\u00f3n de su primer \u00e1rea protegida y si avanza el proyecto de Uspallata en el congreso mendocino por primera vez en la historia todas las provincias tendr\u00edan un\u00a0<strong>Parque Nacional<\/strong>\u00ab, complet\u00f3 Granato.<\/p>\n\n\n\n<p><strong><em>Fuente: Diario Mendoza<\/em><\/strong><\/p>\n","protected":false},"excerpt":{"rendered":"<p>Unas 85 mil hect\u00e1reas de glaciares, humedales y sitios arqueol\u00f3gicos que hoy forman parte de la\u00a0Reserva Natural\u00a0de la Defensa \u00abUspallata\u00bb pueden convertirse en el primer Parque Nacional de la provincia de Mendoza, si el congreso provincial aprueba el proyecto en el que el Ministerio de Defensa y la\u00a0Administraci\u00f3n de\u00a0Parques Nacionales\u00a0(APN)\u00a0trabajan junto a las comunidades locales<a class=\"read-more\" href=\"https:\/\/elfederalmendoza.com.ar\/index.php\/2023\/05\/15\/buscan-los-mayores-consensos-posibles-para-convertir-parte-de-la-reserva-de-uspallata-en-un-parque-nacional\/\"> [&hellip;]<\/a><\/p>\n","protected":false},"author":2,"featured_media":22766,"comment_status":"open","ping_status":"open","sticky":false,"template":"","format":"standard","meta":{"footnotes":""},"categories":[1],"tags":[],"class_list":["post-22765","post","type-post","status-publish","format-standard","has-post-thumbnail","hentry","category-mza"],"rttpg_featured_image_url":{"full":["https:\/\/elfederalmendoza.com.ar\/wp-content\/uploads\/2023\/05\/whatsapp_image_2023-05-08_at_12.07.44.jpeg",1200,675,false],"landscape":["https:\/\/elfederalmendoza.com.ar\/wp-content\/uploads\/2023\/05\/whatsapp_image_2023-05-08_at_12.07.44.jpeg",1200,675,false],"portraits":["https:\/\/elfederalmendoza.com.ar\/wp-content\/uploads\/2023\/05\/whatsapp_image_2023-05-08_at_12.07.44.jpeg",1200,675,false],"thumbnail":["https:\/\/elfederalmendoza.com.ar\/wp-content\/uploads\/2023\/05\/whatsapp_image_2023-05-08_at_12.07.44-150x150.jpeg",150,150,true],"medium":["https:\/\/elfederalmendoza.com.ar\/wp-content\/uploads\/2023\/05\/whatsapp_image_2023-05-08_at_12.07.44-300x169.jpeg",300,169,true],"large":["https:\/\/elfederalmendoza.com.ar\/wp-content\/uploads\/2023\/05\/whatsapp_image_2023-05-08_at_12.07.44-1024x576.jpeg",640,360,true],"1536x1536":["https:\/\/elfederalmendoza.com.ar\/wp-content\/uploads\/2023\/05\/whatsapp_image_2023-05-08_at_12.07.44.jpeg",1200,675,false],"2048x2048":["https:\/\/elfederalmendoza.com.ar\/wp-content\/uploads\/2023\/05\/whatsapp_image_2023-05-08_at_12.07.44.jpeg",1200,675,false],"ultp_layout_landscape_large":["https:\/\/elfederalmendoza.com.ar\/wp-content\/uploads\/2023\/05\/whatsapp_image_2023-05-08_at_12.07.44.jpeg",1200,675,false],"ultp_layout_landscape":["https:\/\/elfederalmendoza.com.ar\/wp-content\/uploads\/2023\/05\/whatsapp_image_2023-05-08_at_12.07.44-870x570.jpeg",870,570,true],"ultp_layout_portrait":["https:\/\/elfederalmendoza.com.ar\/wp-content\/uploads\/2023\/05\/whatsapp_image_2023-05-08_at_12.07.44-600x675.jpeg",600,675,true],"ultp_layout_square":["https:\/\/elfederalmendoza.com.ar\/wp-content\/uploads\/2023\/05\/whatsapp_image_2023-05-08_at_12.07.44-600x600.jpeg",600,600,true],"rpwe-thumbnail":["https:\/\/elfederalmendoza.com.ar\/wp-content\/uploads\/2023\/05\/whatsapp_image_2023-05-08_at_12.07.44-45x45.jpeg",45,45,true],"advps-thumb-one":["https:\/\/elfederalmendoza.com.ar\/wp-content\/uploads\/2023\/05\/whatsapp_image_2023-05-08_at_12.07.44-1200x420.jpeg",1200,420,true]},"rttpg_author":{"display_name":"Redacci\u00f3n El Federal","author_link":"https:\/\/elfederalmendoza.com.ar\/index.php\/author\/angelflores\/"},"rttpg_comment":0,"rttpg_category":"<a href=\"https:\/\/elfederalmendoza.com.ar\/index.php\/category\/mza\/\" rel=\"category tag\">Mendoza<\/a>","rttpg_excerpt":"Unas 85 mil hect\u00e1reas de glaciares, humedales y sitios arqueol\u00f3gicos que hoy forman parte de la\u00a0Reserva Natural\u00a0de la Defensa \u00abUspallata\u00bb pueden convertirse en el primer Parque Nacional de la provincia de Mendoza, si el congreso provincial aprueba el proyecto en el que el Ministerio de Defensa y la\u00a0Administraci\u00f3n de\u00a0Parques Nacionales\u00a0(APN)\u00a0trabajan junto a las comunidades locales&hellip;","_links":{"self":[{"href":"https:\/\/elfederalmendoza.com.ar\/index.php\/wp-json\/wp\/v2\/posts\/22765","targetHints":{"allow":["GET"]}}],"collection":[{"href":"https:\/\/elfederalmendoza.com.ar\/index.php\/wp-json\/wp\/v2\/posts"}],"about":[{"href":"https:\/\/elfederalmendoza.com.ar\/index.php\/wp-json\/wp\/v2\/types\/post"}],"author":[{"embeddable":true,"href":"https:\/\/elfederalmendoza.com.ar\/index.php\/wp-json\/wp\/v2\/users\/2"}],"replies":[{"embeddable":true,"href":"https:\/\/elfederalmendoza.com.ar\/index.php\/wp-json\/wp\/v2\/comments?post=22765"}],"version-history":[{"count":2,"href":"https:\/\/elfederalmendoza.com.ar\/index.php\/wp-json\/wp\/v2\/posts\/22765\/revisions"}],"predecessor-version":[{"id":22770,"href":"https:\/\/elfederalmendoza.com.ar\/index.php\/wp-json\/wp\/v2\/posts\/22765\/revisions\/22770"}],"wp:featuredmedia":[{"embeddable":true,"href":"https:\/\/elfederalmendoza.com.ar\/index.php\/wp-json\/wp\/v2\/media\/22766"}],"wp:attachment":[{"href":"https:\/\/elfederalmendoza.com.ar\/index.php\/wp-json\/wp\/v2\/media?parent=22765"}],"wp:term":[{"taxonomy":"category","embeddable":true,"href":"https:\/\/elfederalmendoza.com.ar\/index.php\/wp-json\/wp\/v2\/categories?post=22765"},{"taxonomy":"post_tag","embeddable":true,"href":"https:\/\/elfederalmendoza.com.ar\/index.php\/wp-json\/wp\/v2\/tags?post=22765"}],"curies":[{"name":"wp","href":"https:\/\/api.w.org\/{rel}","templated":true}]}}