{"id":22769,"date":"2023-05-15T06:13:00","date_gmt":"2023-05-15T09:13:00","guid":{"rendered":"https:\/\/elfederalmendoza.com\/?p=22769"},"modified":"2023-05-15T10:20:33","modified_gmt":"2023-05-15T13:20:33","slug":"video-thelma-fardin-rompio-el-silencio-tras-la-absolucion-de-juan-darthes-estoy-cansada-pero-no-me-van-a-quebrar","status":"publish","type":"post","link":"https:\/\/elfederalmendoza.com.ar\/index.php\/2023\/05\/15\/video-thelma-fardin-rompio-el-silencio-tras-la-absolucion-de-juan-darthes-estoy-cansada-pero-no-me-van-a-quebrar\/","title":{"rendered":"-VIDEO- Thelma Fardin rompi\u00f3 el silencio tras la absoluci\u00f3n de Juan Darth\u00e9s: \u00abEstoy cansada pero no me van a quebrar\u00bb"},"content":{"rendered":"\n<p>Despu\u00e9s de que el abogado de Juan Darth\u00e9s, Fernando Burlando, revelara que la Justicia brasile\u00f1a fue absuelto por la denuncia de abuso sexual infantil, Thelma Fardin rompi\u00f3 el silencio.<\/p>\n\n\n\n<p><strong>Thelma Fardin<\/strong>\u00a0dio una conferencia de prensa despu\u00e9s de que saliera a la luz que\u00a0la Justicia brasile\u00f1a absolvi\u00f3 a Juan Darth\u00e9s. La actriz que lo denunci\u00f3 por abuso sexual infantil dijo: \u201c<strong>Est\u00e1 probado que me abus\u00f3, que me practic\u00f3 sexo oral<\/strong>\u201d.<\/p>\n\n\n\n<p>En ese sentido, la exprotagonista de \u201c<em>Patito Feo\u201d<\/em>&nbsp;apunt\u00f3 contra el Tribunal de Brasil y critic\u00f3 que \u201cle piden a las infancias que se filmen cuando las abusan\u201d. Ante esto,&nbsp;<strong>Thelma Fardin<\/strong>&nbsp;sentenci\u00f3 que con esta medida \u201cno la van a adoctrinar\u201d a ella ni a otras v\u00edctimas de abuso sexual.<\/p>\n\n\n\n<p>\u201cLa Justicia se va a ver inundada\u201d, amenaz\u00f3 y advirti\u00f3 que la absoluci\u00f3n de\u00a0<strong>Juan Darth\u00e9s<\/strong>\u00a0\u201cno sea un mensaje para volver a silenciarnos\u201d. Finalmente, manifest\u00f3: \u201c<strong>Estoy cansada pero no me van a quebrar. Esto no termina ac\u00e1<\/strong>\u201d.<\/p>\n\n\n\n<figure class=\"wp-block-embed is-type-video is-provider-youtube wp-block-embed-youtube wp-embed-aspect-16-9 wp-has-aspect-ratio\"><div class=\"wp-block-embed__wrapper\">\n<iframe loading=\"lazy\" title=\"Thelma Fardin habl\u00f3 en conferencia de prensa despu\u00e9s del fallo a favor de Darthes\" width=\"640\" height=\"360\" src=\"https:\/\/www.youtube.com\/embed\/EnTzcBKOavc?feature=oembed\" frameborder=\"0\" allow=\"accelerometer; autoplay; clipboard-write; encrypted-media; gyroscope; picture-in-picture; web-share\" referrerpolicy=\"strict-origin-when-cross-origin\" allowfullscreen><\/iframe>\n<\/div><\/figure>\n\n\n\n<h2 class=\"wp-block-heading\">Qu\u00e9 dijo Fernando Burlando sobre la absoluci\u00f3n de Juan Darth\u00e9s en Brasil<\/h2>\n\n\n\n<p>En di\u00e1logo con&nbsp;<em>Cr\u00f3nica TV<\/em>, el abogado del actor asegur\u00f3 que este fallo de la justicia brasile\u00f1a \u201ces absolutorio\u201d. Al respecto, explic\u00f3 que \u201cestaban corriendo noticias en las plataformas digitales respecto a que se hab\u00eda anulado\u201d, pero \u201c<strong>lo que no es una<\/strong><em><strong>&nbsp;fake news<\/strong><\/em><strong>&nbsp;es su absoluci\u00f3n<\/strong>\u201d.<\/p>\n\n\n\n<p>Asimismo, remarc\u00f3 que Darth\u00e9s pas\u00f3 por un proceso \u201cmuy largo donde se lo maltrat\u00f3 por dem\u00e1s en un hecho muy sensible\u201d. \u201c<strong>Se lo conden\u00f3 y se lo desterr\u00f3, fue sometido a una investigaci\u00f3n no solamente de un pa\u00eds como Nicaragua<\/strong>, donde directamente el Estado de Derecho no existe,&nbsp;<strong>sino tambi\u00e9n en la Argentina y en Brasil<\/strong>\u201d.<\/p>\n\n\n\n<p>Finalmente, Fernando Burlando sostuvo: \u201c<strong>Nadie puede decir hoy que Juan Darth\u00e9s no fue investigado a fondo<\/strong>. El resultado de toda esa investigaci\u00f3n\u00a0<strong>es obviamente muy reconfortante para su familia<\/strong>\u201d.<\/p>\n\n\n\n<p><\/p>\n","protected":false},"excerpt":{"rendered":"<p>Despu\u00e9s de que el abogado de Juan Darth\u00e9s, Fernando Burlando, revelara que la Justicia brasile\u00f1a fue absuelto por la denuncia de abuso sexual infantil, Thelma Fardin rompi\u00f3 el silencio. Thelma Fardin\u00a0dio una conferencia de prensa despu\u00e9s de que saliera a la luz que\u00a0la Justicia brasile\u00f1a absolvi\u00f3 a Juan Darth\u00e9s. La actriz que lo denunci\u00f3 por<a class=\"read-more\" href=\"https:\/\/elfederalmendoza.com.ar\/index.php\/2023\/05\/15\/video-thelma-fardin-rompio-el-silencio-tras-la-absolucion-de-juan-darthes-estoy-cansada-pero-no-me-van-a-quebrar\/\"> [&hellip;]<\/a><\/p>\n","protected":false},"author":2,"featured_media":22771,"comment_status":"open","ping_status":"open","sticky":false,"template":"","format":"standard","meta":{"footnotes":""},"categories":[5618],"tags":[],"class_list":["post-22769","post","type-post","status-publish","format-standard","has-post-thumbnail","hentry","category-arg"],"rttpg_featured_image_url":{"full":["https:\/\/elfederalmendoza.com.ar\/wp-content\/uploads\/2023\/05\/thelma-fardin.jpg",1044,560,false],"landscape":["https:\/\/elfederalmendoza.com.ar\/wp-content\/uploads\/2023\/05\/thelma-fardin.jpg",1044,560,false],"portraits":["https:\/\/elfederalmendoza.com.ar\/wp-content\/uploads\/2023\/05\/thelma-fardin.jpg",1044,560,false],"thumbnail":["https:\/\/elfederalmendoza.com.ar\/wp-content\/uploads\/2023\/05\/thelma-fardin-150x150.jpg",150,150,true],"medium":["https:\/\/elfederalmendoza.com.ar\/wp-content\/uploads\/2023\/05\/thelma-fardin-300x161.jpg",300,161,true],"large":["https:\/\/elfederalmendoza.com.ar\/wp-content\/uploads\/2023\/05\/thelma-fardin-1024x549.jpg",640,343,true],"1536x1536":["https:\/\/elfederalmendoza.com.ar\/wp-content\/uploads\/2023\/05\/thelma-fardin.jpg",1044,560,false],"2048x2048":["https:\/\/elfederalmendoza.com.ar\/wp-content\/uploads\/2023\/05\/thelma-fardin.jpg",1044,560,false],"ultp_layout_landscape_large":["https:\/\/elfederalmendoza.com.ar\/wp-content\/uploads\/2023\/05\/thelma-fardin.jpg",1044,560,false],"ultp_layout_landscape":["https:\/\/elfederalmendoza.com.ar\/wp-content\/uploads\/2023\/05\/thelma-fardin-870x560.jpg",870,560,true],"ultp_layout_portrait":["https:\/\/elfederalmendoza.com.ar\/wp-content\/uploads\/2023\/05\/thelma-fardin-600x560.jpg",600,560,true],"ultp_layout_square":["https:\/\/elfederalmendoza.com.ar\/wp-content\/uploads\/2023\/05\/thelma-fardin-600x560.jpg",600,560,true],"rpwe-thumbnail":["https:\/\/elfederalmendoza.com.ar\/wp-content\/uploads\/2023\/05\/thelma-fardin-45x45.jpg",45,45,true],"advps-thumb-one":["https:\/\/elfederalmendoza.com.ar\/wp-content\/uploads\/2023\/05\/thelma-fardin-1044x420.jpg",1044,420,true]},"rttpg_author":{"display_name":"Redacci\u00f3n El Federal","author_link":"https:\/\/elfederalmendoza.com.ar\/index.php\/author\/angelflores\/"},"rttpg_comment":0,"rttpg_category":"<a href=\"https:\/\/elfederalmendoza.com.ar\/index.php\/category\/arg\/\" rel=\"category tag\">Argentina<\/a>","rttpg_excerpt":"Despu\u00e9s de que el abogado de Juan Darth\u00e9s, Fernando Burlando, revelara que la Justicia brasile\u00f1a fue absuelto por la denuncia de abuso sexual infantil, Thelma Fardin rompi\u00f3 el silencio. Thelma Fardin\u00a0dio una conferencia de prensa despu\u00e9s de que saliera a la luz que\u00a0la Justicia brasile\u00f1a absolvi\u00f3 a Juan Darth\u00e9s. La actriz que lo denunci\u00f3 por&hellip;","_links":{"self":[{"href":"https:\/\/elfederalmendoza.com.ar\/index.php\/wp-json\/wp\/v2\/posts\/22769","targetHints":{"allow":["GET"]}}],"collection":[{"href":"https:\/\/elfederalmendoza.com.ar\/index.php\/wp-json\/wp\/v2\/posts"}],"about":[{"href":"https:\/\/elfederalmendoza.com.ar\/index.php\/wp-json\/wp\/v2\/types\/post"}],"author":[{"embeddable":true,"href":"https:\/\/elfederalmendoza.com.ar\/index.php\/wp-json\/wp\/v2\/users\/2"}],"replies":[{"embeddable":true,"href":"https:\/\/elfederalmendoza.com.ar\/index.php\/wp-json\/wp\/v2\/comments?post=22769"}],"version-history":[{"count":1,"href":"https:\/\/elfederalmendoza.com.ar\/index.php\/wp-json\/wp\/v2\/posts\/22769\/revisions"}],"predecessor-version":[{"id":22772,"href":"https:\/\/elfederalmendoza.com.ar\/index.php\/wp-json\/wp\/v2\/posts\/22769\/revisions\/22772"}],"wp:featuredmedia":[{"embeddable":true,"href":"https:\/\/elfederalmendoza.com.ar\/index.php\/wp-json\/wp\/v2\/media\/22771"}],"wp:attachment":[{"href":"https:\/\/elfederalmendoza.com.ar\/index.php\/wp-json\/wp\/v2\/media?parent=22769"}],"wp:term":[{"taxonomy":"category","embeddable":true,"href":"https:\/\/elfederalmendoza.com.ar\/index.php\/wp-json\/wp\/v2\/categories?post=22769"},{"taxonomy":"post_tag","embeddable":true,"href":"https:\/\/elfederalmendoza.com.ar\/index.php\/wp-json\/wp\/v2\/tags?post=22769"}],"curies":[{"name":"wp","href":"https:\/\/api.w.org\/{rel}","templated":true}]}}