{"id":22778,"date":"2023-05-15T03:50:00","date_gmt":"2023-05-15T06:50:00","guid":{"rendered":"https:\/\/elfederalmendoza.com\/?p=22778"},"modified":"2023-05-15T15:55:31","modified_gmt":"2023-05-15T18:55:31","slug":"secuestro-tres-dias-a-su-novio-en-una-pieza-de-la-casa-para-que-no-sea-infiel","status":"publish","type":"post","link":"https:\/\/elfederalmendoza.com.ar\/index.php\/2023\/05\/15\/secuestro-tres-dias-a-su-novio-en-una-pieza-de-la-casa-para-que-no-sea-infiel\/","title":{"rendered":"Secuestr\u00f3 tres d\u00edas a su novio en una pieza de la casa \u00abpara que no sea infiel\u00bb"},"content":{"rendered":"\n<p><strong>Un particular hecho policial tuvo lugar este s\u00e1bado en la ciudad de La Plata: un hombre de 29 a\u00f1os fue rescatado de su propia casa. S\u00ed, su novia lo mantuvo \u00absecuestrado\u00bb por casi 72 horas, incomunicado en una habitaci\u00f3n. \u00bfEl motivo? \u00abPara que no sea infiel\u00bb.<\/strong><\/p>\n\n\n\n<p>Luego de tres d\u00edas de encierro, el due\u00f1o de casa pudo quitarle el celular a su captora de 30 a\u00f1os y pedir auxilio a un amigo, quien llam\u00f3 al 911 y realiz\u00f3 la denuncia. La Polic\u00eda termin\u00f3 deteniendo a la mujer.<\/p>\n\n\n\n<p>Todo sucedi\u00f3 en una casa ubicada en la calle 126, altura 611 de Villa Ponsati, en La Plata, donde tras una fuerte discusi\u00f3n de pareja, una mujer dej\u00f3 cautivo a su novio dentro de una pieza.<\/p>\n\n\n<div class=\"wp-block-image\">\n<figure class=\"aligncenter size-full\"><img loading=\"lazy\" decoding=\"async\" width=\"565\" height=\"737\" src=\"https:\/\/elfederalmendoza.com\/wp-content\/uploads\/2023\/05\/36978_wH8rVQbLE_720x0__1.webp\" alt=\"\" class=\"wp-image-22780\" srcset=\"https:\/\/elfederalmendoza.com.ar\/wp-content\/uploads\/2023\/05\/36978_wH8rVQbLE_720x0__1.webp 565w, https:\/\/elfederalmendoza.com.ar\/wp-content\/uploads\/2023\/05\/36978_wH8rVQbLE_720x0__1-230x300.webp 230w\" sizes=\"auto, (max-width: 565px) 100vw, 565px\" \/><\/figure><\/div>\n\n\n<p>La fuerte discusi\u00f3n por celos deriv\u00f3 en que la mujer inicialmente le desinstalara la aplicaci\u00f3n WhatsApp del celular a su novio, para luego romper el aparato telef\u00f3nico de manera definitiva. As\u00ed lo dej\u00f3 incomunicado.<\/p>\n\n\n\n<p>Acto seguido, una decisi\u00f3n que le iba a costar muy cara: dejarlo cautivo dentro de una habitaci\u00f3n. Y fueron s\u00f3lo tres d\u00edas porque el hombre pudo quitarle el celular a la captora y pedir \u00absocorro\u00bb a un amigo.<\/p>\n\n\n\n<p>La Polic\u00eda complet\u00f3 el cap\u00edtulo de la saga. Al llegar al domicilio se encontraron con el hombre a los gritos, encerrado en una habitaci\u00f3n. La mujer fue detenida.<\/p>\n\n\n\n<p>Seg\u00fan public\u00f3 El D\u00eda, la pareja se hab\u00eda conocido hace seis meses, pero los tremendos celos resquebrajaron r\u00e1pidamente el v\u00ednculo.<\/p>\n\n\n\n<p>Seg\u00fan cont\u00f3 el denunciante en su declaraci\u00f3n, el primer signo de toxicidad en la relaci\u00f3n fue cuando la mujer empez\u00f3 a \u00abimponerle un horario de regreso\u00bb cada vez que sal\u00eda con sus amigos. \u00abMe amenazaba que si no llegaba a tal hora o a tal otra iba a venir al lugar que estuviera para buscarme\u00bb, declar\u00f3 la v\u00edctima. \u00abEn los \u00faltimos meses se puso peor\u00bb, advirti\u00f3.<\/p>\n\n\n\n<p>El hombre fue liberado este fin de semana por efectivos del Comando Patrulla (C.P.). En tanto, la mujer fue detenida y se le abri\u00f3 una causa caratulada preventivamente como \u201cprivaci\u00f3n ilegal de la libertad\u201d.<\/p>\n\n\n\n<p>El caso qued\u00f3 a cargo del fiscal Juan Cruz Condom\u00ed Alcorta, de la Unidad Funcional N\u00b0 16 de los tribunales de La Plata.<\/p>\n","protected":false},"excerpt":{"rendered":"<p>Un particular hecho policial tuvo lugar este s\u00e1bado en la ciudad de La Plata: un hombre de 29 a\u00f1os fue rescatado de su propia casa. S\u00ed, su novia lo mantuvo \u00absecuestrado\u00bb por casi 72 horas, incomunicado en una habitaci\u00f3n. \u00bfEl motivo? \u00abPara que no sea infiel\u00bb. Luego de tres d\u00edas de encierro, el due\u00f1o de<a class=\"read-more\" href=\"https:\/\/elfederalmendoza.com.ar\/index.php\/2023\/05\/15\/secuestro-tres-dias-a-su-novio-en-una-pieza-de-la-casa-para-que-no-sea-infiel\/\"> [&hellip;]<\/a><\/p>\n","protected":false},"author":2,"featured_media":22779,"comment_status":"open","ping_status":"open","sticky":false,"template":"","format":"standard","meta":{"footnotes":""},"categories":[5618],"tags":[],"class_list":["post-22778","post","type-post","status-publish","format-standard","has-post-thumbnail","hentry","category-arg"],"rttpg_featured_image_url":{"full":["https:\/\/elfederalmendoza.com.ar\/wp-content\/uploads\/2023\/05\/1684172957081.webp",748,420,false],"landscape":["https:\/\/elfederalmendoza.com.ar\/wp-content\/uploads\/2023\/05\/1684172957081.webp",748,420,false],"portraits":["https:\/\/elfederalmendoza.com.ar\/wp-content\/uploads\/2023\/05\/1684172957081.webp",748,420,false],"thumbnail":["https:\/\/elfederalmendoza.com.ar\/wp-content\/uploads\/2023\/05\/1684172957081-150x150.webp",150,150,true],"medium":["https:\/\/elfederalmendoza.com.ar\/wp-content\/uploads\/2023\/05\/1684172957081-300x168.webp",300,168,true],"large":["https:\/\/elfederalmendoza.com.ar\/wp-content\/uploads\/2023\/05\/1684172957081.webp",640,359,false],"1536x1536":["https:\/\/elfederalmendoza.com.ar\/wp-content\/uploads\/2023\/05\/1684172957081.webp",748,420,false],"2048x2048":["https:\/\/elfederalmendoza.com.ar\/wp-content\/uploads\/2023\/05\/1684172957081.webp",748,420,false],"ultp_layout_landscape_large":["https:\/\/elfederalmendoza.com.ar\/wp-content\/uploads\/2023\/05\/1684172957081.webp",748,420,false],"ultp_layout_landscape":["https:\/\/elfederalmendoza.com.ar\/wp-content\/uploads\/2023\/05\/1684172957081.webp",748,420,false],"ultp_layout_portrait":["https:\/\/elfederalmendoza.com.ar\/wp-content\/uploads\/2023\/05\/1684172957081-600x420.webp",600,420,true],"ultp_layout_square":["https:\/\/elfederalmendoza.com.ar\/wp-content\/uploads\/2023\/05\/1684172957081-600x420.webp",600,420,true],"rpwe-thumbnail":["https:\/\/elfederalmendoza.com.ar\/wp-content\/uploads\/2023\/05\/1684172957081-45x45.webp",45,45,true],"advps-thumb-one":["https:\/\/elfederalmendoza.com.ar\/wp-content\/uploads\/2023\/05\/1684172957081.webp",748,420,false]},"rttpg_author":{"display_name":"Redacci\u00f3n El Federal","author_link":"https:\/\/elfederalmendoza.com.ar\/index.php\/author\/angelflores\/"},"rttpg_comment":0,"rttpg_category":"<a href=\"https:\/\/elfederalmendoza.com.ar\/index.php\/category\/arg\/\" rel=\"category tag\">Argentina<\/a>","rttpg_excerpt":"Un particular hecho policial tuvo lugar este s\u00e1bado en la ciudad de La Plata: un hombre de 29 a\u00f1os fue rescatado de su propia casa. S\u00ed, su novia lo mantuvo \u00absecuestrado\u00bb por casi 72 horas, incomunicado en una habitaci\u00f3n. \u00bfEl motivo? \u00abPara que no sea infiel\u00bb. Luego de tres d\u00edas de encierro, el due\u00f1o de&hellip;","_links":{"self":[{"href":"https:\/\/elfederalmendoza.com.ar\/index.php\/wp-json\/wp\/v2\/posts\/22778","targetHints":{"allow":["GET"]}}],"collection":[{"href":"https:\/\/elfederalmendoza.com.ar\/index.php\/wp-json\/wp\/v2\/posts"}],"about":[{"href":"https:\/\/elfederalmendoza.com.ar\/index.php\/wp-json\/wp\/v2\/types\/post"}],"author":[{"embeddable":true,"href":"https:\/\/elfederalmendoza.com.ar\/index.php\/wp-json\/wp\/v2\/users\/2"}],"replies":[{"embeddable":true,"href":"https:\/\/elfederalmendoza.com.ar\/index.php\/wp-json\/wp\/v2\/comments?post=22778"}],"version-history":[{"count":1,"href":"https:\/\/elfederalmendoza.com.ar\/index.php\/wp-json\/wp\/v2\/posts\/22778\/revisions"}],"predecessor-version":[{"id":22781,"href":"https:\/\/elfederalmendoza.com.ar\/index.php\/wp-json\/wp\/v2\/posts\/22778\/revisions\/22781"}],"wp:featuredmedia":[{"embeddable":true,"href":"https:\/\/elfederalmendoza.com.ar\/index.php\/wp-json\/wp\/v2\/media\/22779"}],"wp:attachment":[{"href":"https:\/\/elfederalmendoza.com.ar\/index.php\/wp-json\/wp\/v2\/media?parent=22778"}],"wp:term":[{"taxonomy":"category","embeddable":true,"href":"https:\/\/elfederalmendoza.com.ar\/index.php\/wp-json\/wp\/v2\/categories?post=22778"},{"taxonomy":"post_tag","embeddable":true,"href":"https:\/\/elfederalmendoza.com.ar\/index.php\/wp-json\/wp\/v2\/tags?post=22778"}],"curies":[{"name":"wp","href":"https:\/\/api.w.org\/{rel}","templated":true}]}}