{"id":22782,"date":"2023-05-15T13:00:00","date_gmt":"2023-05-15T16:00:00","guid":{"rendered":"https:\/\/elfederalmendoza.com\/?p=22782"},"modified":"2023-05-15T16:03:05","modified_gmt":"2023-05-15T19:03:05","slug":"jxc-pidio-que-la-corte-suprema-suspenda-las-elecciones-en-formosa-para-evitar-la-reeleccion-indefinida-de-gildo-insfran","status":"publish","type":"post","link":"https:\/\/elfederalmendoza.com.ar\/index.php\/2023\/05\/15\/jxc-pidio-que-la-corte-suprema-suspenda-las-elecciones-en-formosa-para-evitar-la-reeleccion-indefinida-de-gildo-insfran\/","title":{"rendered":"JxC pidi\u00f3 que la Corte Suprema suspenda las elecciones en Formosa para evitar la reelecci\u00f3n indefinida de Gildo Insfr\u00e1n"},"content":{"rendered":"\n<p>Un ex juez federal devenido en diputado nacional de&nbsp;<strong>Juntos por el Cambio<\/strong>&nbsp;le pidi\u00f3 a la&nbsp;<strong>Corte Suprema<\/strong>&nbsp;que dicte una cautelar para suspender las elecciones del 25 de junio en Formosa. Como ocurri\u00f3 en<strong>&nbsp;<a target=\"_blank\" href=\"https:\/\/www.perfil.com\/noticias\/politica\/tucuman-y-san-juan-apuestan-a-hacer-caer-la-cautelar-que-suspendio-los-comicios.phtml\" rel=\"noreferrer noopener\">Tucum\u00e1n y San Juan<\/a><\/strong>, pretende evitar una nueva candidatura del gobernador&nbsp;<a target=\"_blank\" href=\"https:\/\/www.perfil.com\/noticias\/politica\/gildo-insfran-critico-a-francisco-paoltroni-y-ataco-a-los-portenos-son-unos-reverendos-hijos-de-su-madre.phtml\" rel=\"noreferrer noopener\"><strong>Gildo Insfr\u00e1n<\/strong><\/a>, que ir\u00eda por su s\u00e9ptimo mandato en la provincia.<\/p>\n\n\n\n<p>La presentaci\u00f3n lleva la firma de<strong>&nbsp;<a target=\"_blank\" href=\"https:\/\/www.perfil.com\/noticias\/politica\/quien-es-fernando-carbajal-el-ex-juez-federal-de-formosa-que-ahora-es-candidato-a-diputado-de-juntos-por-el-cambio.phtml\" rel=\"noreferrer noopener\">Fernando Carbajal<\/a><\/strong>, diputado nacional por Formosa, que ya hab\u00eda hecho una presentaci\u00f3n similar para impugnarlo en el a\u00f1o 1999, sin lograrlo en las instancias judiciales. Sin embargo, con el envi\u00f3n que generaron los precedentes San Juan y Tucum\u00e1n, donde la Corte orden\u00f3 la suspensi\u00f3n de las elecciones previstas para ayer el pasado martes, el referente opositor hizo una presentaci\u00f3n con dos puntos.&nbsp;<\/p>\n\n\n\n<p>En primer lugar, Carbajal<strong>&nbsp;le solicit\u00f3 a la Corte que se expida respecto de la constitucionalidad del art\u00edculo 132 de la Constituci\u00f3n Provincial,<\/strong>&nbsp;ya que, a su criterio, presenta un vac\u00edo legal.<\/p>\n\n\n\n<p>\u00ab<strong>Su ambig\u00fcedad permitir\u00eda &#8216;la reelecci\u00f3n indefinida&#8217; del actual gobernador Gildo Insfr\u00e1n<\/strong>\u00a0(quien ir\u00eda el d\u00eda 25 de junio de 2023 por su octavo mandato en el cargo, sumado a dos periodos como vicegobernador)\u00bb. Ello \u00abconstituye una clara contraposici\u00f3n al esp\u00edritu de la Constituci\u00f3n Nacional que, en sus arts. 1, 5 y 123, recepta para el pueblo de la Naci\u00f3n Argentina los principios republicanos de gobierno y temporalidad en el poder\u00bb.<\/p>\n\n\n\n<p>El art\u00edculo 132 de la Constituci\u00f3n de Formosa sostiene que&nbsp;<strong>\u00abel Gobernador y el Vicegobernador durar\u00e1n cuatro a\u00f1os en el ejercicio de sus cargos, y podr\u00e1n ser reelectos\u00bb<\/strong>. Esa falta de precisi\u00f3n en cuanto a la cantidad de veces que se puede reelegir es lo que presenta ambig\u00fcedad para Carbajal, que ser\u00eda uno de los candidatos a gobernador por Juntos por el Cambio.<\/p>\n\n\n\n<h2 class=\"wp-block-heading\"><strong>Pedido de cautelar<\/strong><\/h2>\n\n\n\n<p>En segundo lugar, en tanto, pidi\u00f3 a la Corte como medida cautelar gen\u00e9rica que suspensa el acto eleccionario establecido para el d\u00eda 25 de junio de 2021 para el cargo de gobernador y vicegobernador de la provincia de Formosa, de acuerdo al documento al que tuvo acceso PERFIL. Sin embargo,\u00a0<strong>la cautelar a\u00fan no puede ser resuelta, ya que la candidatura de Insfr\u00e1n todav\u00eda no fue oficializada.\u00a0<\/strong><\/p>\n\n\n\n<p>As\u00ed las cosas,&nbsp;<strong>lo que pretende Carbajal es que primero se revise la constitucionalidad del art\u00edculo<\/strong>&nbsp;referido antes y luego,&nbsp;<strong>si finalmente Insfr\u00e1n se oficializa como candidato, se eval\u00fae si corresponde la medida<\/strong>. El diputado y ex juez federal est\u00e1 convencido de que hay posibilidades de que eso ocurra a partir de los casos de San Juan y Tucum\u00e1n, que ayer no tuvieron elecciones tras las cautelares de la Corte empujadas por referentes opositores de las provincias.&nbsp;<\/p>\n\n\n\n<p>\u00abNosotros planteamos una acci\u00f3n meramente declarativa, no requiere que la acci\u00f3n est\u00e9 perfeccionada<strong>. La medida cautelar ser\u00e1 despu\u00e9s del domingo, cuando se oficialice<\/strong>. Ah\u00ed vamos a pedir que se provea la medida cautelar.&nbsp;<br>Como es una acci\u00f3n meramente declarativa, ya la planteamos para que se aclare el estado de incertidumbre respecto de si puede ser o no candidato\u00bb, le dijo Carbajal a PERFIL tras difundir la presentaci\u00f3n.<\/p>\n\n\n\n<p>En ese marco, el ex juez federal, aclar\u00f3: \u00abLo que todav\u00eda no se va a proveer seguramente es la cautelar.<strong>\u00a0El peligro en la demora, requisito de cautelar, se va a dar en el momento en el que efectivice su candidatura<\/strong>, a pesar de que la ciudad est\u00e1 repleta de carteles con su cara\u00bb.<\/p>\n\n\n\n<p>El diputado record\u00f3 que particip\u00f3 de una presentaci\u00f3n con similares t\u00e9rminos en 1999, pero que no prosper\u00f3. \u00abI<strong>nsfr\u00e1n hab\u00eda sido dos veces vicegobernador, una vez gobernador y quiso otra vez ser gobernador<\/strong>. La Constituci\u00f3n de ese momento no se lo permit\u00eda, fuimos a la Corte y nos rechaz\u00f3. Eso posibilit\u00f3 que fuera por ese cuarto mandato y despu\u00e9s haga una reforma con la reelecci\u00f3n indefinida\u00bb.&nbsp;<\/p>\n\n\n\n<p>Carbajal expres\u00f3 a este medio que su presentaci\u00f3n tiene altas posibilidades de prosperar a partir de lo que ocurri\u00f3 la semana pasada. \u00ab<strong>Este caso es m\u00e1s grave que los de San Juan y Tucum\u00e1n<\/strong>&nbsp;porque son nueve mandatos consecutivos contando los de vicegobernador tambi\u00e9n\u00bb, asegur\u00f3.<\/p>\n\n\n\n<p>D\u00edas atr\u00e1s, en un acto de inauguraci\u00f3n de obras, Insfr\u00e1n critic\u00f3 con dureza a la Corte y manifest\u00f3: \u00abNuestra Constituci\u00f3n<strong>&nbsp;dice que el mandato del gobernador y el del vice duran cuatro a\u00f1os y se pueden reelegir.<\/strong>&nbsp;En Formosa, es el pueblo el que decide la alternancia. En la provincia funcionan los tres poderes de Estado\u00bb, remarc\u00f3 el mandatario.<\/p>\n\n\n\n<h2 class=\"wp-block-heading\"><strong>La presentaci\u00f3n de Carbajal<\/strong><\/h2>\n\n\n\n<p>La presentaci\u00f3n qued\u00f3 caratulada como \u00abCARBAJAL, FERNANDO C\/ FORMOSA, PROVINCIA DE S\/ACCION DECLARATIVA DE CERTEZA\u00bb, y ya fue presentada ante la Corte Suprema. En las \u00faltimas horas, el expediente CSJ 000921\/2023-00&nbsp;<strong>pas\u00f3 a la Secretar\u00eda de Juicios Originarios<\/strong>, seg\u00fan pudo verificar este medio en el sistema inform\u00e1tico del Poder Judicial.<\/p>\n\n\n\n<p>\u00ab<strong>La violaci\u00f3n denunciada compromete la esencia de la forma republicana de gobierno&nbsp;<\/strong>poniendo en jaque los pilares de la arquitectura de la organizaci\u00f3n del poder diagramada en la ley fundamental\u00bb, dice parte del escrito presentado por Carbajal.<\/p>\n\n\n\n<p>\u00ab<strong>El actual gobernador Gildo Insfran, cumpli\u00f3 veintiocho (28) a\u00f1os de mandato ininterrumpidos en el Ejecutivo<\/strong>\u00a0(desde el a\u00f1o 1995, ocupando antes el cargo de vice gobernador periodo 1987-1995); como si esto fuera poco, pretende presentarse nuevamente a elecciones para ocupar -eventualmente de ser electo- el periodo 2023-2027, acto que se llevar\u00eda a cabo el 25 de junio de 2023&#8243;, a\u00f1adi\u00f3.<\/p>\n\n\n\n<p>En las \u00faltimas d\u00e9cadas, la Constituci\u00f3n formose\u00f1a tuvo dos reformas. En 1991, por decisi\u00f3n del entonces gobernador Vicente Bienvenido Joga, se impulsaron una serie de cambios, entre ellos en el art\u00edculo 129, que\u00a0<strong>pas\u00f3 a permitir \u201cla reelecci\u00f3n del gobernador y del vicegobernador o sucederse rec\u00edprocamente\u00a0<\/strong>por un nuevo per\u00edodo corriente\u201d. El texto constitucional tambi\u00e9n sosten\u00eda que \u00absi fueron reelectos o se sucedieron rec\u00edprocamente,\u00a0<strong>no pod\u00edan ser elegidos para ninguno de ambos cargos, sino con el intervalo de un per\u00edodo<\/strong>\u00ab.<\/p>\n","protected":false},"excerpt":{"rendered":"<p>Un ex juez federal devenido en diputado nacional de&nbsp;Juntos por el Cambio&nbsp;le pidi\u00f3 a la&nbsp;Corte Suprema&nbsp;que dicte una cautelar para suspender las elecciones del 25 de junio en Formosa. Como ocurri\u00f3 en&nbsp;Tucum\u00e1n y San Juan, pretende evitar una nueva candidatura del gobernador&nbsp;Gildo Insfr\u00e1n, que ir\u00eda por su s\u00e9ptimo mandato en la provincia. La presentaci\u00f3n lleva<a class=\"read-more\" href=\"https:\/\/elfederalmendoza.com.ar\/index.php\/2023\/05\/15\/jxc-pidio-que-la-corte-suprema-suspenda-las-elecciones-en-formosa-para-evitar-la-reeleccion-indefinida-de-gildo-insfran\/\"> [&hellip;]<\/a><\/p>\n","protected":false},"author":2,"featured_media":22784,"comment_status":"open","ping_status":"open","sticky":false,"template":"","format":"standard","meta":{"footnotes":""},"categories":[1],"tags":[],"class_list":["post-22782","post","type-post","status-publish","format-standard","has-post-thumbnail","hentry","category-mza"],"rttpg_featured_image_url":{"full":["https:\/\/elfederalmendoza.com.ar\/wp-content\/uploads\/2023\/05\/gildo-insfran-foto-gildoinsfran-884923-111445.jpeg",1280,851,false],"landscape":["https:\/\/elfederalmendoza.com.ar\/wp-content\/uploads\/2023\/05\/gildo-insfran-foto-gildoinsfran-884923-111445.jpeg",1280,851,false],"portraits":["https:\/\/elfederalmendoza.com.ar\/wp-content\/uploads\/2023\/05\/gildo-insfran-foto-gildoinsfran-884923-111445.jpeg",1280,851,false],"thumbnail":["https:\/\/elfederalmendoza.com.ar\/wp-content\/uploads\/2023\/05\/gildo-insfran-foto-gildoinsfran-884923-111445-150x150.jpeg",150,150,true],"medium":["https:\/\/elfederalmendoza.com.ar\/wp-content\/uploads\/2023\/05\/gildo-insfran-foto-gildoinsfran-884923-111445-300x199.jpeg",300,199,true],"large":["https:\/\/elfederalmendoza.com.ar\/wp-content\/uploads\/2023\/05\/gildo-insfran-foto-gildoinsfran-884923-111445-1024x681.jpeg",640,426,true],"1536x1536":["https:\/\/elfederalmendoza.com.ar\/wp-content\/uploads\/2023\/05\/gildo-insfran-foto-gildoinsfran-884923-111445.jpeg",1280,851,false],"2048x2048":["https:\/\/elfederalmendoza.com.ar\/wp-content\/uploads\/2023\/05\/gildo-insfran-foto-gildoinsfran-884923-111445.jpeg",1280,851,false],"ultp_layout_landscape_large":["https:\/\/elfederalmendoza.com.ar\/wp-content\/uploads\/2023\/05\/gildo-insfran-foto-gildoinsfran-884923-111445-1200x800.jpeg",1200,800,true],"ultp_layout_landscape":["https:\/\/elfederalmendoza.com.ar\/wp-content\/uploads\/2023\/05\/gildo-insfran-foto-gildoinsfran-884923-111445-870x570.jpeg",870,570,true],"ultp_layout_portrait":["https:\/\/elfederalmendoza.com.ar\/wp-content\/uploads\/2023\/05\/gildo-insfran-foto-gildoinsfran-884923-111445-600x851.jpeg",600,851,true],"ultp_layout_square":["https:\/\/elfederalmendoza.com.ar\/wp-content\/uploads\/2023\/05\/gildo-insfran-foto-gildoinsfran-884923-111445-600x600.jpeg",600,600,true],"rpwe-thumbnail":["https:\/\/elfederalmendoza.com.ar\/wp-content\/uploads\/2023\/05\/gildo-insfran-foto-gildoinsfran-884923-111445-45x45.jpeg",45,45,true],"advps-thumb-one":["https:\/\/elfederalmendoza.com.ar\/wp-content\/uploads\/2023\/05\/gildo-insfran-foto-gildoinsfran-884923-111445-1200x420.jpeg",1200,420,true]},"rttpg_author":{"display_name":"Redacci\u00f3n El Federal","author_link":"https:\/\/elfederalmendoza.com.ar\/index.php\/author\/angelflores\/"},"rttpg_comment":0,"rttpg_category":"<a href=\"https:\/\/elfederalmendoza.com.ar\/index.php\/category\/mza\/\" rel=\"category tag\">Mendoza<\/a>","rttpg_excerpt":"Un ex juez federal devenido en diputado nacional de&nbsp;Juntos por el Cambio&nbsp;le pidi\u00f3 a la&nbsp;Corte Suprema&nbsp;que dicte una cautelar para suspender las elecciones del 25 de junio en Formosa. Como ocurri\u00f3 en&nbsp;Tucum\u00e1n y San Juan, pretende evitar una nueva candidatura del gobernador&nbsp;Gildo Insfr\u00e1n, que ir\u00eda por su s\u00e9ptimo mandato en la provincia. La presentaci\u00f3n lleva&hellip;","_links":{"self":[{"href":"https:\/\/elfederalmendoza.com.ar\/index.php\/wp-json\/wp\/v2\/posts\/22782","targetHints":{"allow":["GET"]}}],"collection":[{"href":"https:\/\/elfederalmendoza.com.ar\/index.php\/wp-json\/wp\/v2\/posts"}],"about":[{"href":"https:\/\/elfederalmendoza.com.ar\/index.php\/wp-json\/wp\/v2\/types\/post"}],"author":[{"embeddable":true,"href":"https:\/\/elfederalmendoza.com.ar\/index.php\/wp-json\/wp\/v2\/users\/2"}],"replies":[{"embeddable":true,"href":"https:\/\/elfederalmendoza.com.ar\/index.php\/wp-json\/wp\/v2\/comments?post=22782"}],"version-history":[{"count":2,"href":"https:\/\/elfederalmendoza.com.ar\/index.php\/wp-json\/wp\/v2\/posts\/22782\/revisions"}],"predecessor-version":[{"id":22786,"href":"https:\/\/elfederalmendoza.com.ar\/index.php\/wp-json\/wp\/v2\/posts\/22782\/revisions\/22786"}],"wp:featuredmedia":[{"embeddable":true,"href":"https:\/\/elfederalmendoza.com.ar\/index.php\/wp-json\/wp\/v2\/media\/22784"}],"wp:attachment":[{"href":"https:\/\/elfederalmendoza.com.ar\/index.php\/wp-json\/wp\/v2\/media?parent=22782"}],"wp:term":[{"taxonomy":"category","embeddable":true,"href":"https:\/\/elfederalmendoza.com.ar\/index.php\/wp-json\/wp\/v2\/categories?post=22782"},{"taxonomy":"post_tag","embeddable":true,"href":"https:\/\/elfederalmendoza.com.ar\/index.php\/wp-json\/wp\/v2\/tags?post=22782"}],"curies":[{"name":"wp","href":"https:\/\/api.w.org\/{rel}","templated":true}]}}