{"id":22796,"date":"2023-05-16T09:42:24","date_gmt":"2023-05-16T12:42:24","guid":{"rendered":"https:\/\/elfederalmendoza.com\/?p=22796"},"modified":"2023-05-16T09:45:31","modified_gmt":"2023-05-16T12:45:31","slug":"el-intendente-suarez-puso-de-ejemplo-a-los-ex-combatientes-al-inaugurar-el-memorial-malvinas","status":"publish","type":"post","link":"https:\/\/elfederalmendoza.com.ar\/index.php\/2023\/05\/16\/el-intendente-suarez-puso-de-ejemplo-a-los-ex-combatientes-al-inaugurar-el-memorial-malvinas\/","title":{"rendered":"Su\u00e1rez puso de ejemplo a los ex combatientes al inaugurar el Memorial Malvinas"},"content":{"rendered":"\n<p>El Gobernador\u00a0<strong>Rodolfo Suarez<\/strong>\u00a0y el intendente de Capital,\u00a0<strong>Ulpiano Suarez<\/strong>, inauguraron el Memorial\u00a0<strong>Malvinas Argentinas<\/strong>\u00a0en el Parque Central de la\u00a0Ciudad de Mendoza. Estuvieron acompa\u00f1ados por el ministro Mario Isgr\u00f3; veteranos de\u00a0<strong>Malvinas<\/strong>; la senadora nacional Mariana Juri, y legisladores nacionales.<\/p>\n\n\n\n<p>El Gobernador destac\u00f3 la importancia de esta obra que tiene \u201cbelleza est\u00e9tica y belleza de contenido\u201d, al tiempo que agradeci\u00f3 la realizaci\u00f3n de este tipo de actividades que \u201crescatan parte de nuestra historia\u201d.<\/p>\n\n\n\n<p>Y a\u00f1adi\u00f3 que este homenaje sirve para pensar y hacer memoria sobre lo que sucedi\u00f3 \u201cdesde muchas aristas. Podemos pensarlo desde muchos lugares, desde lo que ocurri\u00f3, del proceso, de la b\u00fasqueda de la verdad, desde la legitimidad que tenemos sobre las Islas Malvinas, esa legitimidad territorial que tenemos. Tambi\u00e9n podemos hacer un an\u00e1lisis desde el aspecto que tiene que ver c\u00f3mo recuperarlas en este proceso democr\u00e1tico, sin una guerra con todo el dolor que eso implica para los seres humanos\u201d.<\/p>\n\n\n\n<figure class=\"wp-block-image size-full\"><img loading=\"lazy\" decoding=\"async\" width=\"768\" height=\"512\" src=\"https:\/\/elfederalmendoza.com\/wp-content\/uploads\/2023\/05\/image-3.png\" alt=\"\" class=\"wp-image-22798\" srcset=\"https:\/\/elfederalmendoza.com.ar\/wp-content\/uploads\/2023\/05\/image-3.png 768w, https:\/\/elfederalmendoza.com.ar\/wp-content\/uploads\/2023\/05\/image-3-300x200.png 300w\" sizes=\"auto, (max-width: 768px) 100vw, 768px\" \/><\/figure>\n\n\n\n<p><strong>Suarez<\/strong>\u00a0se\u00f1al\u00f3 la importancia de \u201cenfocarnos en el honor de estas personas, estos 6 combatientes que hoy nos acompa\u00f1an y de todos aquellos que nos dejaron en las Malvinas. Ese honor que es transversal a todo el pueblo argentino y tanto necesitamos en esta Argentina que hoy nos duele a todos y a todas por lo que estamos viviendo\u201d.<\/p>\n\n\n\n<p>El Gobernador se refiri\u00f3 a los ex combatientes presentes y dijo: \u201cUstedes nos iluminan, nos iluminan a todos para tener esperanza, para salir adelante, para seguir luchando por las\u00a0<strong>Malvinas<\/strong>, para seguir luchando por nuestro pa\u00eds, para seguir luchando en contra de la pobreza, para seguir luchando entre tantas cosas que tenemos que cambiar. En eso tenemos que estar unidos, en eso no tiene que haber diferencia de ning\u00fan tipo y a eso nos tenemos que convocar. Ese es el ejemplo que ustedes nos dan a cada uno de los argentinos\u201d.<\/p>\n\n\n\n<p><strong>Ulpiano Suarez<\/strong>, en tanto, agradeci\u00f3 la colaboraci\u00f3n y participaci\u00f3n de todos en la construcci\u00f3n del Memorial para los h\u00e9roes de\u00a0<strong>Malvinas<\/strong>, al tiempo que destac\u00f3 la importancia de la memoria activa para construir un futuro mejor.<\/p>\n\n\n\n<p>\u201cHoy no es un d\u00eda m\u00e1s para ninguno de nosotros. Hoy es un d\u00eda que llevaremos siempre en nuestra memoria, porque hoy podemos decir que estamos dando un paso m\u00e1s, un paso muy importante para construir futuro a partir de la memoria. Y lo hacemos desde el reconocimiento a la entrega de los valores de quienes hoy nos acompa\u00f1an aqu\u00ed y de quienes no volvieron con vida de las islas, valores que hoy m\u00e1s que nunca debemos rescatar\u201d.<\/p>\n\n\n\n<p>El proyecto del Memorial surgi\u00f3 de una propuesta de un grupo de veteranos de&nbsp;<strong>Malvinas<\/strong>, quienes elevaron al municipio el inter\u00e9s por tener un espacio donde se los recuerde. Durante el camino recorrido para la concreci\u00f3n del proyecto se persigui\u00f3 como \u00fanico objetivo la creaci\u00f3n de un espacio de unificaci\u00f3n de asociaciones de causas por&nbsp;<strong>Malvinas<\/strong>: ACUVEMA (Asociaci\u00f3n Cuyana de Veteranos de Malvinas), AVUM (Asociaci\u00f3n de Veteranos Unidos por&nbsp;<strong>Malvinas<\/strong>), ADEM (Asociaci\u00f3n de Ex combatientes de Malvinas) y FECUVEMA (Federaci\u00f3n Cuyana de Veteranos de Malvinas).<\/p>\n","protected":false},"excerpt":{"rendered":"<p>El Gobernador\u00a0Rodolfo Suarez\u00a0y el intendente de Capital,\u00a0Ulpiano Suarez, inauguraron el Memorial\u00a0Malvinas Argentinas\u00a0en el Parque Central de la\u00a0Ciudad de Mendoza. Estuvieron acompa\u00f1ados por el ministro Mario Isgr\u00f3; veteranos de\u00a0Malvinas; la senadora nacional Mariana Juri, y legisladores nacionales. El Gobernador destac\u00f3 la importancia de esta obra que tiene \u201cbelleza est\u00e9tica y belleza de contenido\u201d, al tiempo que<a class=\"read-more\" href=\"https:\/\/elfederalmendoza.com.ar\/index.php\/2023\/05\/16\/el-intendente-suarez-puso-de-ejemplo-a-los-ex-combatientes-al-inaugurar-el-memorial-malvinas\/\"> [&hellip;]<\/a><\/p>\n","protected":false},"author":2,"featured_media":22799,"comment_status":"open","ping_status":"open","sticky":false,"template":"","format":"standard","meta":{"footnotes":""},"categories":[1],"tags":[],"class_list":["post-22796","post","type-post","status-publish","format-standard","has-post-thumbnail","hentry","category-mza"],"rttpg_featured_image_url":{"full":["https:\/\/elfederalmendoza.com.ar\/wp-content\/uploads\/2023\/05\/f848x477-1411684_1469487_5050.webp",848,477,false],"landscape":["https:\/\/elfederalmendoza.com.ar\/wp-content\/uploads\/2023\/05\/f848x477-1411684_1469487_5050.webp",848,477,false],"portraits":["https:\/\/elfederalmendoza.com.ar\/wp-content\/uploads\/2023\/05\/f848x477-1411684_1469487_5050.webp",848,477,false],"thumbnail":["https:\/\/elfederalmendoza.com.ar\/wp-content\/uploads\/2023\/05\/f848x477-1411684_1469487_5050-150x150.webp",150,150,true],"medium":["https:\/\/elfederalmendoza.com.ar\/wp-content\/uploads\/2023\/05\/f848x477-1411684_1469487_5050-300x169.webp",300,169,true],"large":["https:\/\/elfederalmendoza.com.ar\/wp-content\/uploads\/2023\/05\/f848x477-1411684_1469487_5050.webp",640,360,false],"1536x1536":["https:\/\/elfederalmendoza.com.ar\/wp-content\/uploads\/2023\/05\/f848x477-1411684_1469487_5050.webp",848,477,false],"2048x2048":["https:\/\/elfederalmendoza.com.ar\/wp-content\/uploads\/2023\/05\/f848x477-1411684_1469487_5050.webp",848,477,false],"ultp_layout_landscape_large":["https:\/\/elfederalmendoza.com.ar\/wp-content\/uploads\/2023\/05\/f848x477-1411684_1469487_5050.webp",848,477,false],"ultp_layout_landscape":["https:\/\/elfederalmendoza.com.ar\/wp-content\/uploads\/2023\/05\/f848x477-1411684_1469487_5050.webp",848,477,false],"ultp_layout_portrait":["https:\/\/elfederalmendoza.com.ar\/wp-content\/uploads\/2023\/05\/f848x477-1411684_1469487_5050-600x477.webp",600,477,true],"ultp_layout_square":["https:\/\/elfederalmendoza.com.ar\/wp-content\/uploads\/2023\/05\/f848x477-1411684_1469487_5050-600x477.webp",600,477,true],"rpwe-thumbnail":["https:\/\/elfederalmendoza.com.ar\/wp-content\/uploads\/2023\/05\/f848x477-1411684_1469487_5050-45x45.webp",45,45,true],"advps-thumb-one":["https:\/\/elfederalmendoza.com.ar\/wp-content\/uploads\/2023\/05\/f848x477-1411684_1469487_5050-848x420.webp",848,420,true]},"rttpg_author":{"display_name":"Redacci\u00f3n El Federal","author_link":"https:\/\/elfederalmendoza.com.ar\/index.php\/author\/angelflores\/"},"rttpg_comment":0,"rttpg_category":"<a href=\"https:\/\/elfederalmendoza.com.ar\/index.php\/category\/mza\/\" rel=\"category tag\">Mendoza<\/a>","rttpg_excerpt":"El Gobernador\u00a0Rodolfo Suarez\u00a0y el intendente de Capital,\u00a0Ulpiano Suarez, inauguraron el Memorial\u00a0Malvinas Argentinas\u00a0en el Parque Central de la\u00a0Ciudad de Mendoza. Estuvieron acompa\u00f1ados por el ministro Mario Isgr\u00f3; veteranos de\u00a0Malvinas; la senadora nacional Mariana Juri, y legisladores nacionales. El Gobernador destac\u00f3 la importancia de esta obra que tiene \u201cbelleza est\u00e9tica y belleza de contenido\u201d, al tiempo que&hellip;","_links":{"self":[{"href":"https:\/\/elfederalmendoza.com.ar\/index.php\/wp-json\/wp\/v2\/posts\/22796","targetHints":{"allow":["GET"]}}],"collection":[{"href":"https:\/\/elfederalmendoza.com.ar\/index.php\/wp-json\/wp\/v2\/posts"}],"about":[{"href":"https:\/\/elfederalmendoza.com.ar\/index.php\/wp-json\/wp\/v2\/types\/post"}],"author":[{"embeddable":true,"href":"https:\/\/elfederalmendoza.com.ar\/index.php\/wp-json\/wp\/v2\/users\/2"}],"replies":[{"embeddable":true,"href":"https:\/\/elfederalmendoza.com.ar\/index.php\/wp-json\/wp\/v2\/comments?post=22796"}],"version-history":[{"count":3,"href":"https:\/\/elfederalmendoza.com.ar\/index.php\/wp-json\/wp\/v2\/posts\/22796\/revisions"}],"predecessor-version":[{"id":22805,"href":"https:\/\/elfederalmendoza.com.ar\/index.php\/wp-json\/wp\/v2\/posts\/22796\/revisions\/22805"}],"wp:featuredmedia":[{"embeddable":true,"href":"https:\/\/elfederalmendoza.com.ar\/index.php\/wp-json\/wp\/v2\/media\/22799"}],"wp:attachment":[{"href":"https:\/\/elfederalmendoza.com.ar\/index.php\/wp-json\/wp\/v2\/media?parent=22796"}],"wp:term":[{"taxonomy":"category","embeddable":true,"href":"https:\/\/elfederalmendoza.com.ar\/index.php\/wp-json\/wp\/v2\/categories?post=22796"},{"taxonomy":"post_tag","embeddable":true,"href":"https:\/\/elfederalmendoza.com.ar\/index.php\/wp-json\/wp\/v2\/tags?post=22796"}],"curies":[{"name":"wp","href":"https:\/\/api.w.org\/{rel}","templated":true}]}}