{"id":22806,"date":"2023-05-16T11:30:12","date_gmt":"2023-05-16T14:30:12","guid":{"rendered":"https:\/\/elfederalmendoza.com\/?p=22806"},"modified":"2023-05-16T11:34:51","modified_gmt":"2023-05-16T14:34:51","slug":"le-amputaron-la-pierna-a-un-motociclista-que-choco-contra-un-camion-en-las-heras","status":"publish","type":"post","link":"https:\/\/elfederalmendoza.com.ar\/index.php\/2023\/05\/16\/le-amputaron-la-pierna-a-un-motociclista-que-choco-contra-un-camion-en-las-heras\/","title":{"rendered":"Le amputaron la pierna a un motociclista que choc\u00f3 contra un cami\u00f3n en Las Heras"},"content":{"rendered":"\n<p><strong>Un joven de 18 a\u00f1os sufri\u00f3 la amputaci\u00f3n de una de sus piernas&nbsp;<\/strong>debido a un&nbsp;<strong>accidente<\/strong>&nbsp;en moto ocurrido en la tarde de este lunes&nbsp; en<strong>&nbsp;Las Heras<\/strong>.&nbsp;<\/p>\n\n\n\n<p>La v\u00edctima circulaba en una Yamaha de 125 cent\u00edmetros c\u00fabicos por calle\u00a0<strong>Pascual Segura<\/strong>\u00a0con direcci\u00f3n hacia el<strong>\u00a0Acceso Norte<\/strong>, a las 17.55 aproximadamente.\u00a0El conductor del cami\u00f3n qued\u00f3 aprehendido. En su primera declaraci\u00f3n dijo que tom\u00f3 conocimientos del accidente cuando lleg\u00f3 a San Mart\u00edn, porque lo llamaron de Cuyoonocimiento de la situaci\u00f3n ya en San Mart\u00edn cuando lo llaman de Cuyoplacas.<\/p>\n\n\n\n<p>De la estaci\u00f3n de servicio sal\u00eda un cami\u00f3n Fiat, de color blanco, conducido, conducido por un chofer de 45 a\u00f1os, que quer\u00eda retornar hacia el Acceso.<strong>&nbsp;El motoclista, identificado como Ignacio Emiliano Calle<\/strong>, intent\u00f3 pasarlo por la derecha y termin\u00f3 impactando con el rodado mayor.<\/p>\n\n\n\n<p>El conductor del cami\u00f3n qued\u00f3 aprehendido. En su primera declaraci\u00f3n dijo que tom\u00f3 conocimientos del accidente cuando lleg\u00f3 a San Mart\u00edn, porque lo llamaron de Cuyoonocimiento de la situaci\u00f3n ya en San Mart\u00edn cuando lo llaman de Cuyoplacas.<\/p>\n\n\n\n<p><\/p>\n","protected":false},"excerpt":{"rendered":"<p>Un joven de 18 a\u00f1os sufri\u00f3 la amputaci\u00f3n de una de sus piernas&nbsp;debido a un&nbsp;accidente&nbsp;en moto ocurrido en la tarde de este lunes&nbsp; en&nbsp;Las Heras.&nbsp; La v\u00edctima circulaba en una Yamaha de 125 cent\u00edmetros c\u00fabicos por calle\u00a0Pascual Segura\u00a0con direcci\u00f3n hacia el\u00a0Acceso Norte, a las 17.55 aproximadamente.\u00a0El conductor del cami\u00f3n qued\u00f3 aprehendido. En su primera declaraci\u00f3n<a class=\"read-more\" href=\"https:\/\/elfederalmendoza.com.ar\/index.php\/2023\/05\/16\/le-amputaron-la-pierna-a-un-motociclista-que-choco-contra-un-camion-en-las-heras\/\"> [&hellip;]<\/a><\/p>\n","protected":false},"author":2,"featured_media":22814,"comment_status":"open","ping_status":"open","sticky":false,"template":"","format":"standard","meta":{"footnotes":""},"categories":[1],"tags":[],"class_list":["post-22806","post","type-post","status-publish","format-standard","has-post-thumbnail","hentry","category-mza"],"rttpg_featured_image_url":{"full":["https:\/\/elfederalmendoza.com.ar\/wp-content\/uploads\/2023\/05\/WX6DK2QJORDILHI7VNY4I66DME.webp",1200,630,false],"landscape":["https:\/\/elfederalmendoza.com.ar\/wp-content\/uploads\/2023\/05\/WX6DK2QJORDILHI7VNY4I66DME.webp",1200,630,false],"portraits":["https:\/\/elfederalmendoza.com.ar\/wp-content\/uploads\/2023\/05\/WX6DK2QJORDILHI7VNY4I66DME.webp",1200,630,false],"thumbnail":["https:\/\/elfederalmendoza.com.ar\/wp-content\/uploads\/2023\/05\/WX6DK2QJORDILHI7VNY4I66DME-150x150.webp",150,150,true],"medium":["https:\/\/elfederalmendoza.com.ar\/wp-content\/uploads\/2023\/05\/WX6DK2QJORDILHI7VNY4I66DME-300x158.webp",300,158,true],"large":["https:\/\/elfederalmendoza.com.ar\/wp-content\/uploads\/2023\/05\/WX6DK2QJORDILHI7VNY4I66DME-1024x538.webp",640,336,true],"1536x1536":["https:\/\/elfederalmendoza.com.ar\/wp-content\/uploads\/2023\/05\/WX6DK2QJORDILHI7VNY4I66DME.webp",1200,630,false],"2048x2048":["https:\/\/elfederalmendoza.com.ar\/wp-content\/uploads\/2023\/05\/WX6DK2QJORDILHI7VNY4I66DME.webp",1200,630,false],"ultp_layout_landscape_large":["https:\/\/elfederalmendoza.com.ar\/wp-content\/uploads\/2023\/05\/WX6DK2QJORDILHI7VNY4I66DME.webp",1200,630,false],"ultp_layout_landscape":["https:\/\/elfederalmendoza.com.ar\/wp-content\/uploads\/2023\/05\/WX6DK2QJORDILHI7VNY4I66DME-870x570.webp",870,570,true],"ultp_layout_portrait":["https:\/\/elfederalmendoza.com.ar\/wp-content\/uploads\/2023\/05\/WX6DK2QJORDILHI7VNY4I66DME-600x630.webp",600,630,true],"ultp_layout_square":["https:\/\/elfederalmendoza.com.ar\/wp-content\/uploads\/2023\/05\/WX6DK2QJORDILHI7VNY4I66DME-600x600.webp",600,600,true],"rpwe-thumbnail":["https:\/\/elfederalmendoza.com.ar\/wp-content\/uploads\/2023\/05\/WX6DK2QJORDILHI7VNY4I66DME-45x45.webp",45,45,true],"advps-thumb-one":["https:\/\/elfederalmendoza.com.ar\/wp-content\/uploads\/2023\/05\/WX6DK2QJORDILHI7VNY4I66DME-1200x420.webp",1200,420,true]},"rttpg_author":{"display_name":"Redacci\u00f3n El Federal","author_link":"https:\/\/elfederalmendoza.com.ar\/index.php\/author\/angelflores\/"},"rttpg_comment":0,"rttpg_category":"<a href=\"https:\/\/elfederalmendoza.com.ar\/index.php\/category\/mza\/\" rel=\"category tag\">Mendoza<\/a>","rttpg_excerpt":"Un joven de 18 a\u00f1os sufri\u00f3 la amputaci\u00f3n de una de sus piernas&nbsp;debido a un&nbsp;accidente&nbsp;en moto ocurrido en la tarde de este lunes&nbsp; en&nbsp;Las Heras.&nbsp; La v\u00edctima circulaba en una Yamaha de 125 cent\u00edmetros c\u00fabicos por calle\u00a0Pascual Segura\u00a0con direcci\u00f3n hacia el\u00a0Acceso Norte, a las 17.55 aproximadamente.\u00a0El conductor del cami\u00f3n qued\u00f3 aprehendido. En su primera declaraci\u00f3n&hellip;","_links":{"self":[{"href":"https:\/\/elfederalmendoza.com.ar\/index.php\/wp-json\/wp\/v2\/posts\/22806","targetHints":{"allow":["GET"]}}],"collection":[{"href":"https:\/\/elfederalmendoza.com.ar\/index.php\/wp-json\/wp\/v2\/posts"}],"about":[{"href":"https:\/\/elfederalmendoza.com.ar\/index.php\/wp-json\/wp\/v2\/types\/post"}],"author":[{"embeddable":true,"href":"https:\/\/elfederalmendoza.com.ar\/index.php\/wp-json\/wp\/v2\/users\/2"}],"replies":[{"embeddable":true,"href":"https:\/\/elfederalmendoza.com.ar\/index.php\/wp-json\/wp\/v2\/comments?post=22806"}],"version-history":[{"count":2,"href":"https:\/\/elfederalmendoza.com.ar\/index.php\/wp-json\/wp\/v2\/posts\/22806\/revisions"}],"predecessor-version":[{"id":22818,"href":"https:\/\/elfederalmendoza.com.ar\/index.php\/wp-json\/wp\/v2\/posts\/22806\/revisions\/22818"}],"wp:featuredmedia":[{"embeddable":true,"href":"https:\/\/elfederalmendoza.com.ar\/index.php\/wp-json\/wp\/v2\/media\/22814"}],"wp:attachment":[{"href":"https:\/\/elfederalmendoza.com.ar\/index.php\/wp-json\/wp\/v2\/media?parent=22806"}],"wp:term":[{"taxonomy":"category","embeddable":true,"href":"https:\/\/elfederalmendoza.com.ar\/index.php\/wp-json\/wp\/v2\/categories?post=22806"},{"taxonomy":"post_tag","embeddable":true,"href":"https:\/\/elfederalmendoza.com.ar\/index.php\/wp-json\/wp\/v2\/tags?post=22806"}],"curies":[{"name":"wp","href":"https:\/\/api.w.org\/{rel}","templated":true}]}}