{"id":22808,"date":"2023-05-16T10:53:30","date_gmt":"2023-05-16T13:53:30","guid":{"rendered":"https:\/\/elfederalmendoza.com\/?p=22808"},"modified":"2023-05-16T10:53:31","modified_gmt":"2023-05-16T13:53:31","slug":"6-de-cada-10-ninos-en-argentina-es-pobre-y-mas-de-4-millones-tuvieron-que-reducir-su-dieta-de-alimentos-en-el-ultimo-ano","status":"publish","type":"post","link":"https:\/\/elfederalmendoza.com.ar\/index.php\/2023\/05\/16\/6-de-cada-10-ninos-en-argentina-es-pobre-y-mas-de-4-millones-tuvieron-que-reducir-su-dieta-de-alimentos-en-el-ultimo-ano\/","title":{"rendered":"6 de cada 10 ni\u00f1os en Argentina es pobre y m\u00e1s de 4 millones tuvieron que reducir su dieta de alimentos en el \u00faltimo a\u00f1o"},"content":{"rendered":"\n<p>Un informe realizado por el Bar\u00f3metro de la Deuda Social de la Infancia, mediante la Encuesta de la Deuda Social Argentina (EDSA) de la Universidad Cat\u00f3lica Argentina (UCA) mostr\u00f3 <strong>una preocupante realidad<\/strong> en materia de ingresos y alimentaci\u00f3n de los ni\u00f1os y adolescentes de 0 a 17 a\u00f1os.<\/p>\n\n\n\n<p>\u00abLa incidencia de las privaciones de recursos que experimentan ni\u00f1os, ni\u00f1as y adolescentes (NNyA) contin\u00faan siendo muy elevados y <strong>mantienen brechas desigualdad social muy significativas<\/strong>\u00ab, inicia el informe.<\/p>\n\n\n\n<p>Y agrega: \u00abLa pobreza monetaria entre los NNyA se ha elevado por encima del 60% en los \u00faltimos dos a\u00f1os de la serie de tiempo considerada, mientras que la indigencia se ubica por encima del 10%. La situaci\u00f3n de inseguridad alimentaria ha mermado tras la crisis social del ASPO-COVID-19 pero aun as\u00ed afecta a m\u00e1s del 30% de los NNyA en 2022\u00bb.<\/p>\n\n\n\n<blockquote class=\"wp-block-quote is-layout-flow wp-block-quote-is-layout-flow\">\n<p><strong>Pasando en limpio, el informe muestra que el 60% de los ni\u00f1os es pobre, 13% indigente y m\u00e1s del 12% ha pasado hambre en el \u00faltimo a\u00f1o, a pesar del incremento de la asistencia estatal<\/strong><\/p>\n<\/blockquote>\n\n\n\n<p>En el desglose de los indicadores de la UCA, <strong>8,2 millones de ni\u00f1os son pobres<\/strong>, lo que representa un 61,6%. Es decir: <strong>6 de cada 10 chicos son pobres en Argentina.<\/strong><\/p>\n\n\n\n<p>El informe considera pobre a \u00abaquel ni\u00f1o\/a en hogares cuyos ingresos no superen el umbral del ingreso monetario necesario para adquirir en el mercado el valor de una canasta de bienes y servicios b\u00e1sicos\u00bb.<\/p>\n\n\n\n<p>La indigencia por ingresos en adolescentes de hasta 17 a\u00f1os llega hasta el <strong>13,1%, alcanzado a 1,6 millones de ni\u00f1os.<\/strong><\/p>\n\n\n\n<h3 class=\"wp-block-heading\"><strong>Inseguridad alimentaria<\/strong><\/h3>\n\n\n\n<p><br>En otro pasaje del documento tambi\u00e9n evidencia otra dura realidad: <strong>el 31,4% de los ni\u00f1os (m\u00e1s de 4 millones 200 mil)<\/strong> ha tenido que reducir la dieta de alimentos en los \u00faltimos 12 meses por problemas econ\u00f3micos (Inseguridad Alimentaria Total).<\/p>\n\n\n\n<p>A su vez, alrededor de 1,6 millones de ni\u00f1os (12,3%) \u00abhan experimentado situaciones de \u00abhambre\u00bb por falta de alimentos\u00bb en el \u00faltimo a\u00f1o a ra\u00edz de complicaciones econ\u00f3micas (en el gr\u00e1fico, bajo el nombre de \u00abInseguridad Alimentaria Severa\u00bb.<\/p>\n\n\n\n<p>En ese sentido, el Estado entreg\u00f3 alimentaci\u00f3n <strong>gratuita a casi el 60% de los ni\u00f1os<\/strong> (copa de leche, refrigerio, almuerzo, otros) en comedores, en la escuela u otros espacios.<\/p>\n\n\n\n<h3 class=\"wp-block-heading\"><strong>Trabajo infantil<\/strong><\/h3>\n\n\n\n<p><br>Otro coletazo de la crisis es el incremento en la cantidad de chicos y adolescentes que tienen que salir a trabajar. A contramano de otros indicadores, por las restricciones que acompa\u00f1aron a la pandemia, el empleo infantil cay\u00f3 de manera notable entre 2020 y 2021 a valores m\u00ednimos en la \u00faltima d\u00e9cada.<\/p>\n\n\n\n<p>Ya en 2022 retorn\u00f3 al nivel que ten\u00eda antes de la crisis sanitaria. As\u00ed, el 14,8% de los chicos de hasta 17 a\u00f1os se ven obligados a trabajar en actividades econ\u00f3micas (generalmente negocios familiares o relacionados a ellos) o a realizar tareas dom\u00e9sticas de manera intensiva para complementar el ingreso de sus familias en el contexto de alta inflaci\u00f3n y de deterioro del poder de compra de los salarios.<\/p>\n","protected":false},"excerpt":{"rendered":"<p>Un informe realizado por el Bar\u00f3metro de la Deuda Social de la Infancia, mediante la Encuesta de la Deuda Social Argentina (EDSA) de la Universidad Cat\u00f3lica Argentina (UCA) mostr\u00f3 una preocupante realidad en materia de ingresos y alimentaci\u00f3n de los ni\u00f1os y adolescentes de 0 a 17 a\u00f1os. \u00abLa incidencia de las privaciones de recursos<a class=\"read-more\" href=\"https:\/\/elfederalmendoza.com.ar\/index.php\/2023\/05\/16\/6-de-cada-10-ninos-en-argentina-es-pobre-y-mas-de-4-millones-tuvieron-que-reducir-su-dieta-de-alimentos-en-el-ultimo-ano\/\"> [&hellip;]<\/a><\/p>\n","protected":false},"author":2,"featured_media":22810,"comment_status":"open","ping_status":"open","sticky":false,"template":"","format":"standard","meta":{"footnotes":""},"categories":[5618],"tags":[],"class_list":["post-22808","post","type-post","status-publish","format-standard","has-post-thumbnail","hentry","category-arg"],"rttpg_featured_image_url":{"full":["https:\/\/elfederalmendoza.com.ar\/wp-content\/uploads\/2023\/05\/nino-pobre.jpg",930,550,false],"landscape":["https:\/\/elfederalmendoza.com.ar\/wp-content\/uploads\/2023\/05\/nino-pobre.jpg",930,550,false],"portraits":["https:\/\/elfederalmendoza.com.ar\/wp-content\/uploads\/2023\/05\/nino-pobre.jpg",930,550,false],"thumbnail":["https:\/\/elfederalmendoza.com.ar\/wp-content\/uploads\/2023\/05\/nino-pobre-150x150.jpg",150,150,true],"medium":["https:\/\/elfederalmendoza.com.ar\/wp-content\/uploads\/2023\/05\/nino-pobre-300x177.jpg",300,177,true],"large":["https:\/\/elfederalmendoza.com.ar\/wp-content\/uploads\/2023\/05\/nino-pobre.jpg",640,378,false],"1536x1536":["https:\/\/elfederalmendoza.com.ar\/wp-content\/uploads\/2023\/05\/nino-pobre.jpg",930,550,false],"2048x2048":["https:\/\/elfederalmendoza.com.ar\/wp-content\/uploads\/2023\/05\/nino-pobre.jpg",930,550,false],"ultp_layout_landscape_large":["https:\/\/elfederalmendoza.com.ar\/wp-content\/uploads\/2023\/05\/nino-pobre.jpg",930,550,false],"ultp_layout_landscape":["https:\/\/elfederalmendoza.com.ar\/wp-content\/uploads\/2023\/05\/nino-pobre-870x550.jpg",870,550,true],"ultp_layout_portrait":["https:\/\/elfederalmendoza.com.ar\/wp-content\/uploads\/2023\/05\/nino-pobre-600x550.jpg",600,550,true],"ultp_layout_square":["https:\/\/elfederalmendoza.com.ar\/wp-content\/uploads\/2023\/05\/nino-pobre-600x550.jpg",600,550,true],"rpwe-thumbnail":["https:\/\/elfederalmendoza.com.ar\/wp-content\/uploads\/2023\/05\/nino-pobre-45x45.jpg",45,45,true],"advps-thumb-one":["https:\/\/elfederalmendoza.com.ar\/wp-content\/uploads\/2023\/05\/nino-pobre-930x420.jpg",930,420,true]},"rttpg_author":{"display_name":"Redacci\u00f3n El Federal","author_link":"https:\/\/elfederalmendoza.com.ar\/index.php\/author\/angelflores\/"},"rttpg_comment":0,"rttpg_category":"<a href=\"https:\/\/elfederalmendoza.com.ar\/index.php\/category\/arg\/\" rel=\"category tag\">Argentina<\/a>","rttpg_excerpt":"Un informe realizado por el Bar\u00f3metro de la Deuda Social de la Infancia, mediante la Encuesta de la Deuda Social Argentina (EDSA) de la Universidad Cat\u00f3lica Argentina (UCA) mostr\u00f3 una preocupante realidad en materia de ingresos y alimentaci\u00f3n de los ni\u00f1os y adolescentes de 0 a 17 a\u00f1os. \u00abLa incidencia de las privaciones de recursos&hellip;","_links":{"self":[{"href":"https:\/\/elfederalmendoza.com.ar\/index.php\/wp-json\/wp\/v2\/posts\/22808","targetHints":{"allow":["GET"]}}],"collection":[{"href":"https:\/\/elfederalmendoza.com.ar\/index.php\/wp-json\/wp\/v2\/posts"}],"about":[{"href":"https:\/\/elfederalmendoza.com.ar\/index.php\/wp-json\/wp\/v2\/types\/post"}],"author":[{"embeddable":true,"href":"https:\/\/elfederalmendoza.com.ar\/index.php\/wp-json\/wp\/v2\/users\/2"}],"replies":[{"embeddable":true,"href":"https:\/\/elfederalmendoza.com.ar\/index.php\/wp-json\/wp\/v2\/comments?post=22808"}],"version-history":[{"count":1,"href":"https:\/\/elfederalmendoza.com.ar\/index.php\/wp-json\/wp\/v2\/posts\/22808\/revisions"}],"predecessor-version":[{"id":22811,"href":"https:\/\/elfederalmendoza.com.ar\/index.php\/wp-json\/wp\/v2\/posts\/22808\/revisions\/22811"}],"wp:featuredmedia":[{"embeddable":true,"href":"https:\/\/elfederalmendoza.com.ar\/index.php\/wp-json\/wp\/v2\/media\/22810"}],"wp:attachment":[{"href":"https:\/\/elfederalmendoza.com.ar\/index.php\/wp-json\/wp\/v2\/media?parent=22808"}],"wp:term":[{"taxonomy":"category","embeddable":true,"href":"https:\/\/elfederalmendoza.com.ar\/index.php\/wp-json\/wp\/v2\/categories?post=22808"},{"taxonomy":"post_tag","embeddable":true,"href":"https:\/\/elfederalmendoza.com.ar\/index.php\/wp-json\/wp\/v2\/tags?post=22808"}],"curies":[{"name":"wp","href":"https:\/\/api.w.org\/{rel}","templated":true}]}}