{"id":22819,"date":"2023-05-16T11:56:58","date_gmt":"2023-05-16T14:56:58","guid":{"rendered":"https:\/\/elfederalmendoza.com\/?p=22819"},"modified":"2023-05-16T11:56:58","modified_gmt":"2023-05-16T14:56:58","slug":"el-feriado-decretado-por-el-presidente-por-el-mundial-le-costo-a-mendoza-152-millones-se-acredito-este-martes","status":"publish","type":"post","link":"https:\/\/elfederalmendoza.com.ar\/index.php\/2023\/05\/16\/el-feriado-decretado-por-el-presidente-por-el-mundial-le-costo-a-mendoza-152-millones-se-acredito-este-martes\/","title":{"rendered":"El feriado decretado por el Presidente por el Mundial le cost\u00f3 a Mendoza $152 millones: se acredit\u00f3 este martes"},"content":{"rendered":"\n<p>Cuando Argentina gan\u00f3 el Mundial de Qatar el pasado 18 de diciembre de 2022, el presidente&nbsp;<strong>Alberto Fern\u00e1ndez<\/strong>&nbsp;hab\u00eda establecido a trav\u00e9s de un Decreto de Necesidad y Urgencia (DNU) feriado nacional el 20 de ese mes, para celebrar la llegada de la Selecci\u00f3n al pa\u00eds. Esta medida fue criticada por varios gobernadores, entre ellos<strong>&nbsp;Rodolfo Suarez<\/strong>, quien lo defini\u00f3 como&nbsp;<em>\u201cpopulismo demag\u00f3gico\u201d<\/em>.<\/p>\n\n\n\n<p>Pasados casi cinco meses, la\u00a0<strong>Direcci\u00f3n General de Escuelas<\/strong>\u00a0(DGE) inform\u00f3 que docentes y celadores que trabajaron durante ese feriado tendr\u00e1n depositado este martes el pago y que\u00a0<mark>el costo total para la provincia fue de 152 millones de pesos.<\/mark><\/p>\n\n\n\n<p><em>\u201cSe pierden millones de pesos con una medida como esta\u201d,&nbsp;<\/em>hab\u00eda dicho Suarez cuando Fern\u00e1ndez comunic\u00f3 la decisi\u00f3n.<\/p>\n\n\n\n<p>Adem\u00e1s del pago por ese d\u00eda (v\u00e1lido para quienes cargaron la asistencia en el GEM fuera de tiempo), se le suman los \u00edtems Jornadas de Desarrollo Profesional Docente, Acto Eleccionario celadores y Acompa\u00f1ar-Puentes de Igualdad.<\/p>\n\n\n\n<p>Desde la\u00a0<strong>DGE\u00a0<\/strong>detallaron adem\u00e1s el costo total de estos pagos para el Estado provincial:<\/p>\n\n\n\n<ul class=\"wp-block-list\">\n<li>Jornadas de Desarrollo Profesional Docente (\u00edtem 1440).&nbsp;<mark>Total: $33 millones.<\/mark><\/li>\n\n\n\n<li>Acto Eleccionario celadores (\u00edtem 3267).&nbsp;<mark>Total: $3 millones.<\/mark><\/li>\n\n\n\n<li>Acompa\u00f1ar-Puentes de Igualdad (\u00edtem 1060).<mark>&nbsp;Total: $1,6 millones.<\/mark><\/li>\n\n\n\n<li>Feriado 20 de diciembre para quienes cargaron la asistencia en GEM fuera de tiempo (\u00edtem 3267).&nbsp;<mark>Total: $152 millones.<\/mark><\/li>\n<\/ul>\n\n\n\n<p>Luego aclararon que en el caso de los&nbsp;<strong>celadores<\/strong>, este martes cobran aquellos que tienen su asistencia cargada en el sistema GEM y que realizaron<mark>&nbsp;tareas luego de las 18 del 30 de abril en las escuelas donde se desarrollaron los comicios.<\/mark><\/p>\n\n\n\n<p><em>\u201cLos celadores que ese d\u00eda cumplieron sus tareas durante el acto eleccionario hasta las 18 recibir\u00e1n el pago en una nueva planilla suplementaria, pr\u00f3xima a depositarse, ya que la norma que lo avala fue posterior al cierre administrativo (no hay descanso compensatorio\u201d,&nbsp;<\/em>inform\u00f3 la DGE.<\/p>\n","protected":false},"excerpt":{"rendered":"<p>Cuando Argentina gan\u00f3 el Mundial de Qatar el pasado 18 de diciembre de 2022, el presidente&nbsp;Alberto Fern\u00e1ndez&nbsp;hab\u00eda establecido a trav\u00e9s de un Decreto de Necesidad y Urgencia (DNU) feriado nacional el 20 de ese mes, para celebrar la llegada de la Selecci\u00f3n al pa\u00eds. Esta medida fue criticada por varios gobernadores, entre ellos&nbsp;Rodolfo Suarez, quien<a class=\"read-more\" href=\"https:\/\/elfederalmendoza.com.ar\/index.php\/2023\/05\/16\/el-feriado-decretado-por-el-presidente-por-el-mundial-le-costo-a-mendoza-152-millones-se-acredito-este-martes\/\"> [&hellip;]<\/a><\/p>\n","protected":false},"author":2,"featured_media":22821,"comment_status":"open","ping_status":"open","sticky":false,"template":"","format":"standard","meta":{"footnotes":""},"categories":[1],"tags":[],"class_list":["post-22819","post","type-post","status-publish","format-standard","has-post-thumbnail","hentry","category-mza"],"rttpg_featured_image_url":{"full":["https:\/\/elfederalmendoza.com.ar\/wp-content\/uploads\/2023\/05\/YGZM2TRGWRACJLWPQAM3WMHLCY.jpg",1170,658,false],"landscape":["https:\/\/elfederalmendoza.com.ar\/wp-content\/uploads\/2023\/05\/YGZM2TRGWRACJLWPQAM3WMHLCY.jpg",1170,658,false],"portraits":["https:\/\/elfederalmendoza.com.ar\/wp-content\/uploads\/2023\/05\/YGZM2TRGWRACJLWPQAM3WMHLCY.jpg",1170,658,false],"thumbnail":["https:\/\/elfederalmendoza.com.ar\/wp-content\/uploads\/2023\/05\/YGZM2TRGWRACJLWPQAM3WMHLCY-150x150.jpg",150,150,true],"medium":["https:\/\/elfederalmendoza.com.ar\/wp-content\/uploads\/2023\/05\/YGZM2TRGWRACJLWPQAM3WMHLCY-300x169.jpg",300,169,true],"large":["https:\/\/elfederalmendoza.com.ar\/wp-content\/uploads\/2023\/05\/YGZM2TRGWRACJLWPQAM3WMHLCY-1024x576.jpg",640,360,true],"1536x1536":["https:\/\/elfederalmendoza.com.ar\/wp-content\/uploads\/2023\/05\/YGZM2TRGWRACJLWPQAM3WMHLCY.jpg",1170,658,false],"2048x2048":["https:\/\/elfederalmendoza.com.ar\/wp-content\/uploads\/2023\/05\/YGZM2TRGWRACJLWPQAM3WMHLCY.jpg",1170,658,false],"ultp_layout_landscape_large":["https:\/\/elfederalmendoza.com.ar\/wp-content\/uploads\/2023\/05\/YGZM2TRGWRACJLWPQAM3WMHLCY.jpg",1170,658,false],"ultp_layout_landscape":["https:\/\/elfederalmendoza.com.ar\/wp-content\/uploads\/2023\/05\/YGZM2TRGWRACJLWPQAM3WMHLCY-870x570.jpg",870,570,true],"ultp_layout_portrait":["https:\/\/elfederalmendoza.com.ar\/wp-content\/uploads\/2023\/05\/YGZM2TRGWRACJLWPQAM3WMHLCY-600x658.jpg",600,658,true],"ultp_layout_square":["https:\/\/elfederalmendoza.com.ar\/wp-content\/uploads\/2023\/05\/YGZM2TRGWRACJLWPQAM3WMHLCY-600x600.jpg",600,600,true],"rpwe-thumbnail":["https:\/\/elfederalmendoza.com.ar\/wp-content\/uploads\/2023\/05\/YGZM2TRGWRACJLWPQAM3WMHLCY-45x45.jpg",45,45,true],"advps-thumb-one":["https:\/\/elfederalmendoza.com.ar\/wp-content\/uploads\/2023\/05\/YGZM2TRGWRACJLWPQAM3WMHLCY-1170x420.jpg",1170,420,true]},"rttpg_author":{"display_name":"Redacci\u00f3n El Federal","author_link":"https:\/\/elfederalmendoza.com.ar\/index.php\/author\/angelflores\/"},"rttpg_comment":0,"rttpg_category":"<a href=\"https:\/\/elfederalmendoza.com.ar\/index.php\/category\/mza\/\" rel=\"category tag\">Mendoza<\/a>","rttpg_excerpt":"Cuando Argentina gan\u00f3 el Mundial de Qatar el pasado 18 de diciembre de 2022, el presidente&nbsp;Alberto Fern\u00e1ndez&nbsp;hab\u00eda establecido a trav\u00e9s de un Decreto de Necesidad y Urgencia (DNU) feriado nacional el 20 de ese mes, para celebrar la llegada de la Selecci\u00f3n al pa\u00eds. Esta medida fue criticada por varios gobernadores, entre ellos&nbsp;Rodolfo Suarez, quien&hellip;","_links":{"self":[{"href":"https:\/\/elfederalmendoza.com.ar\/index.php\/wp-json\/wp\/v2\/posts\/22819","targetHints":{"allow":["GET"]}}],"collection":[{"href":"https:\/\/elfederalmendoza.com.ar\/index.php\/wp-json\/wp\/v2\/posts"}],"about":[{"href":"https:\/\/elfederalmendoza.com.ar\/index.php\/wp-json\/wp\/v2\/types\/post"}],"author":[{"embeddable":true,"href":"https:\/\/elfederalmendoza.com.ar\/index.php\/wp-json\/wp\/v2\/users\/2"}],"replies":[{"embeddable":true,"href":"https:\/\/elfederalmendoza.com.ar\/index.php\/wp-json\/wp\/v2\/comments?post=22819"}],"version-history":[{"count":1,"href":"https:\/\/elfederalmendoza.com.ar\/index.php\/wp-json\/wp\/v2\/posts\/22819\/revisions"}],"predecessor-version":[{"id":22822,"href":"https:\/\/elfederalmendoza.com.ar\/index.php\/wp-json\/wp\/v2\/posts\/22819\/revisions\/22822"}],"wp:featuredmedia":[{"embeddable":true,"href":"https:\/\/elfederalmendoza.com.ar\/index.php\/wp-json\/wp\/v2\/media\/22821"}],"wp:attachment":[{"href":"https:\/\/elfederalmendoza.com.ar\/index.php\/wp-json\/wp\/v2\/media?parent=22819"}],"wp:term":[{"taxonomy":"category","embeddable":true,"href":"https:\/\/elfederalmendoza.com.ar\/index.php\/wp-json\/wp\/v2\/categories?post=22819"},{"taxonomy":"post_tag","embeddable":true,"href":"https:\/\/elfederalmendoza.com.ar\/index.php\/wp-json\/wp\/v2\/tags?post=22819"}],"curies":[{"name":"wp","href":"https:\/\/api.w.org\/{rel}","templated":true}]}}