{"id":22825,"date":"2023-05-16T13:35:30","date_gmt":"2023-05-16T16:35:30","guid":{"rendered":"https:\/\/elfederalmendoza.com\/?p=22825"},"modified":"2023-05-16T13:40:29","modified_gmt":"2023-05-16T16:40:29","slug":"tras-la-restriccion-en-supermercados-a-extranjeros-la-prensa-chilena-da-consejos-sobre-como-hacer-los-tours-de-compras-a-mendoza","status":"publish","type":"post","link":"https:\/\/elfederalmendoza.com.ar\/index.php\/2023\/05\/16\/tras-la-restriccion-en-supermercados-a-extranjeros-la-prensa-chilena-da-consejos-sobre-como-hacer-los-tours-de-compras-a-mendoza\/","title":{"rendered":"Tras la restricci\u00f3n en supermercados a extranjeros, la prensa chilena da consejos sobre c\u00f3mo hacer los tours de compras a Mendoza"},"content":{"rendered":"\n<p>Los medios de Chile le dieron amplia difusi\u00f3n a las medidas tomadas en Mendoza por parte de supermercados para atender la \u00abinvasi\u00f3n\u00bb de chilenos que llegan a comprar cosas que les parecen baratas cuando para los argentinos resultan caras, y con aumentos casi a diario, debido a la galopante inflaci\u00f3n. Los chilenos en lugar de ver un ordenamiento de horarios para atenderlos mejor, calificaron la medida desde la mirada de una \u00abrestricci\u00f3n\u00bb limitante.<\/p>\n\n\n\n<p>Concretamente, se refirieron a las filas exclusivas para atender a chilenos y los horarios diferenciados, con preferencias Tambi\u00e9n hablaron de la posibilidad de que se queden sin stock debido a la inyecci\u00f3n de demanda existente y, tambi\u00e9n, abordaron la \u00abalternativa Uspallata\u00bb, para no llegar hasta el Gran Mendoza.<\/p>\n\n\n\n<figure class=\"wp-block-embed is-type-video is-provider-youtube wp-block-embed-youtube wp-embed-aspect-16-9 wp-has-aspect-ratio\"><div class=\"wp-block-embed__wrapper\">\n<iframe loading=\"lazy\" title=\"Supermercados de Argentina establecen restricci\u00f3n horaria a extranjeros en Mendoza - CHV Noticias\" width=\"640\" height=\"360\" src=\"https:\/\/www.youtube.com\/embed\/g1soKr1o2Kg?feature=oembed\" frameborder=\"0\" allow=\"accelerometer; autoplay; clipboard-write; encrypted-media; gyroscope; picture-in-picture; web-share\" referrerpolicy=\"strict-origin-when-cross-origin\" allowfullscreen><\/iframe>\n<\/div><\/figure>\n\n\n\n<p><em><strong>Meganoticias<\/strong><\/em>, por su parte, inform\u00f3 que \u00abfrente a esta situaci\u00f3n, uno de los principales supermercados mendocinos, el&nbsp;<strong>mayorista Oscar David<\/strong>, tuvo que imponer horarios especiales para los extranjeros e incluso tomar otras medidas\u00bb.&nbsp;<\/p>\n\n\n\n<p>Rub\u00e9n David comenta que ante la alta demanda,<strong>\u00a0aument\u00f3 el personal del supermercado en un 20% para mantener 36 cajas abiertas durante el d\u00eda<\/strong>.<\/p>\n\n\n\n<p>A pesar de esto, reconoce que hay incertidumbre en el futuro.&nbsp;<strong>\u00abEs complicado enfrentar estas situaciones porque no se sabe cu\u00e1nto van a durar. Algo as\u00ed, de esta intensidad, nunca hab\u00eda sucedido.<\/strong>&nbsp;Estamos tratando de hacer todo lo que m\u00e1s podamos, lo mejor que podamos. Pero no puedes prepararte tampoco durante mucho tiempo porque, basta una medida de Chile o Argentina de restricci\u00f3n a este comercio para que cambie el negocio en un ratito\u00bb, cont\u00f3 a&nbsp;<em><strong>La Tercera<\/strong><\/em>.<\/p>\n\n\n\n<p>Por su parte, el portal&nbsp;<em><strong>Biob\u00edo<\/strong><\/em>, analiz\u00f3 que \u00abun boom econ\u00f3mico se vive al otro lado de la cordillera con la masiva llegada de chilenos que van a comprar a diferentes ciudades de Argentina por los precios de una gran variedad de productos\u00bb.<\/p>\n\n\n\n<p>Apuntalando tambi\u00e9n la repentina fama adquirida por el supermercadista Rub\u00e9n David, titul\u00f3:\u00a0<strong>\u00abDue\u00f1o de mercado mayorista en Mendoza: &#8216;Estamos viendo un poco de incertidumbre en cuanto al stock'\u00bb.<\/strong><\/p>\n\n\n\n<p>Cit\u00f3 seguidamente sus declaraciones: \u00abLa llegada del turismo crea mucho empleo en forma directa y r\u00e1pida. La verdad que todo eso se incrementa y al tener nosotros el mayorista hace que tengamos que atender a los clientes que tenemos de toda la vida tambi\u00e9n. Por eso el horario que tuvimos que implementar pero es solo para atender mejor y abastecer el negocio\u00bb, expres\u00f3.<\/p>\n\n\n\n<p>Y agreg\u00f3: \u00abTuvimos que poner esa restricci\u00f3n de horario para atender mejor. La reposici\u00f3n es mucho m\u00e1s dif\u00edcil porqu\u00e9 no se puede hacer manual y estamos abriendo antes para poder estar con toda la mercader\u00eda a disposici\u00f3n\u00bb.<\/p>\n\n\n\n<p>\u00abEl consumidor chileno le conviene llevar otro tipo de productos como limpieza, perfumer\u00eda, cuidado personal y alguna que otra bebida alcoh\u00f3lica. Es verdad que no tenemos tantos productos, es un tema a resolver que estamos viendo. Si sigue llegando mucho p\u00fablico del extranjero se nos va a complicar el abastecimiento\u00bb, enfatiz\u00f3.<\/p>\n\n\n\n<p>E insisti\u00f3: \u00abSobre todo los importados, hay una restricci\u00f3n grande entonces las compa\u00f1\u00edas que importan se ven afectadas y ah\u00ed es donde mayor faltante puede haber. Aquellos derivados del campo podemos tener una sequ\u00eda importante y hemos tenido una p\u00e9rdida casi del 50% este a\u00f1o por eso\u00bb.<\/p>\n\n\n\n<p>\u00abEstamos viendo un poco de incertidumbre en cuanto al stock que tengamos disponibles. El l\u00edmite que tiene el chileno es el que le coloca la Aduana que son hasta 300 d\u00f3lares por persona mayor de 18 a\u00f1os y nosotros no tenemos restricci\u00f3n de compra\u00bb, enfatiz\u00f3.<\/p>\n\n\n\n<p>El portal&nbsp;<em><strong>The Clinic<\/strong><\/em>&nbsp;hace referencias a las medidas del mayorista Oscar David en su edici\u00f3n de este martes. Sostiene que \u00abtras las verdaderas&nbsp;<strong>oleadas de chilenos<\/strong>&nbsp;que han viajado hasta las ciudades fronterizas de Argentina&nbsp; para comprar v\u00edveres a precios m\u00e1s econ\u00f3micos, comercios de Mendoza&nbsp;<strong>&nbsp;<\/strong>han tenido que&nbsp;<strong>establecer medidas<\/strong>&nbsp;para que sus propios ciudadanos puedan abastecerse\u00bb.<\/p>\n\n\n\n<p>Agreg\u00f3 sobre el tema con el ejemplo aludido por todos: \u00abTal es el caso del\u00a0<strong>mayorista Oscar David<\/strong>, uno de los principales supermercados mendocinos que tuvo que imponer horarios especiales para los clientes extranjeros, aparte de tener que implementar otras reglas para evitar que se vac\u00eden las g\u00f3ndolas del local\u00bb.<\/p>\n\n\n\n<p>El diario&nbsp;<em><strong>El D\u00ednamo<\/strong><\/em>&nbsp;analiz\u00f3 que un promedio de 5 mil chilenos por d\u00eda llegan a Mendoza de compras. Inform\u00f3 que \u00abla&nbsp;<strong>Delegaci\u00f3n de Migraciones de Mendoza<\/strong>&nbsp;en abril se registr\u00f3 un r\u00e9cord de visitas donde&nbsp;<strong>194.345 personas ingresaron desde Chile<\/strong>. De ellos, cerca del 80% son connacionales que viajaron a realizar compras a supermercados\u00bb.<\/p>\n\n\n\n<p>\u00abDebido a esta situaci\u00f3n,\u00a0<strong>algunos supermercados mayoristas de Mendoza decidieron limitar el horario de atenci\u00f3n de los turistas extranjeros<\/strong>\u00a0para no afectar las compras de los argentinos\u00bb, agreg\u00f3 el portal trasandino.\u00a0<\/p>\n\n\n\n<p>El suplemento econ\u00f3mico&nbsp;<em><strong>Pulso<\/strong><\/em>, del diario chileno&nbsp;<em><strong>La Tercera<\/strong><\/em>, le otorg\u00f3 este lunes un lugar preponderante al empresario mendocino Rub\u00e9n David, cara visible del boom de trasandinos que llegan a Mendoza a comprar.<\/p>\n\n\n\n<p>El diario chileno dio cuenta que su empresa \u00abse triplic\u00f3\u00bb debido a la \u00abinvasi\u00f3n\u00bb que sufre, atento a los beneficios del cambio para los vecinos de Chile.<\/p>\n\n\n\n<p><em>Fuente: Memo<\/em><\/p>\n","protected":false},"excerpt":{"rendered":"<p>Los medios de Chile le dieron amplia difusi\u00f3n a las medidas tomadas en Mendoza por parte de supermercados para atender la \u00abinvasi\u00f3n\u00bb de chilenos que llegan a comprar cosas que les parecen baratas cuando para los argentinos resultan caras, y con aumentos casi a diario, debido a la galopante inflaci\u00f3n. Los chilenos en lugar de<a class=\"read-more\" href=\"https:\/\/elfederalmendoza.com.ar\/index.php\/2023\/05\/16\/tras-la-restriccion-en-supermercados-a-extranjeros-la-prensa-chilena-da-consejos-sobre-como-hacer-los-tours-de-compras-a-mendoza\/\"> [&hellip;]<\/a><\/p>\n","protected":false},"author":2,"featured_media":22281,"comment_status":"open","ping_status":"open","sticky":false,"template":"","format":"standard","meta":{"footnotes":""},"categories":[1],"tags":[],"class_list":["post-22825","post","type-post","status-publish","format-standard","has-post-thumbnail","hentry","category-mza"],"rttpg_featured_image_url":{"full":["https:\/\/elfederalmendoza.com.ar\/wp-content\/uploads\/2023\/04\/13-08-2019-NEUQUEN-SUPERMERCADO-MAYORISTA-MAKRO-MAURO-PEREZDSC_1251-scaled.jpg",2560,1518,false],"landscape":["https:\/\/elfederalmendoza.com.ar\/wp-content\/uploads\/2023\/04\/13-08-2019-NEUQUEN-SUPERMERCADO-MAYORISTA-MAKRO-MAURO-PEREZDSC_1251-scaled.jpg",2560,1518,false],"portraits":["https:\/\/elfederalmendoza.com.ar\/wp-content\/uploads\/2023\/04\/13-08-2019-NEUQUEN-SUPERMERCADO-MAYORISTA-MAKRO-MAURO-PEREZDSC_1251-scaled.jpg",2560,1518,false],"thumbnail":["https:\/\/elfederalmendoza.com.ar\/wp-content\/uploads\/2023\/04\/13-08-2019-NEUQUEN-SUPERMERCADO-MAYORISTA-MAKRO-MAURO-PEREZDSC_1251-150x150.jpg",150,150,true],"medium":["https:\/\/elfederalmendoza.com.ar\/wp-content\/uploads\/2023\/04\/13-08-2019-NEUQUEN-SUPERMERCADO-MAYORISTA-MAKRO-MAURO-PEREZDSC_1251-300x178.jpg",300,178,true],"large":["https:\/\/elfederalmendoza.com.ar\/wp-content\/uploads\/2023\/04\/13-08-2019-NEUQUEN-SUPERMERCADO-MAYORISTA-MAKRO-MAURO-PEREZDSC_1251-1024x607.jpg",640,379,true],"1536x1536":["https:\/\/elfederalmendoza.com.ar\/wp-content\/uploads\/2023\/04\/13-08-2019-NEUQUEN-SUPERMERCADO-MAYORISTA-MAKRO-MAURO-PEREZDSC_1251-1536x911.jpg",1536,911,true],"2048x2048":["https:\/\/elfederalmendoza.com.ar\/wp-content\/uploads\/2023\/04\/13-08-2019-NEUQUEN-SUPERMERCADO-MAYORISTA-MAKRO-MAURO-PEREZDSC_1251-2048x1214.jpg",2048,1214,true],"ultp_layout_landscape_large":["https:\/\/elfederalmendoza.com.ar\/wp-content\/uploads\/2023\/04\/13-08-2019-NEUQUEN-SUPERMERCADO-MAYORISTA-MAKRO-MAURO-PEREZDSC_1251-1200x800.jpg",1200,800,true],"ultp_layout_landscape":["https:\/\/elfederalmendoza.com.ar\/wp-content\/uploads\/2023\/04\/13-08-2019-NEUQUEN-SUPERMERCADO-MAYORISTA-MAKRO-MAURO-PEREZDSC_1251-870x570.jpg",870,570,true],"ultp_layout_portrait":["https:\/\/elfederalmendoza.com.ar\/wp-content\/uploads\/2023\/04\/13-08-2019-NEUQUEN-SUPERMERCADO-MAYORISTA-MAKRO-MAURO-PEREZDSC_1251-600x900.jpg",600,900,true],"ultp_layout_square":["https:\/\/elfederalmendoza.com.ar\/wp-content\/uploads\/2023\/04\/13-08-2019-NEUQUEN-SUPERMERCADO-MAYORISTA-MAKRO-MAURO-PEREZDSC_1251-600x600.jpg",600,600,true],"rpwe-thumbnail":["https:\/\/elfederalmendoza.com.ar\/wp-content\/uploads\/2023\/04\/13-08-2019-NEUQUEN-SUPERMERCADO-MAYORISTA-MAKRO-MAURO-PEREZDSC_1251-45x45.jpg",45,45,true],"advps-thumb-one":["https:\/\/elfederalmendoza.com.ar\/wp-content\/uploads\/2023\/04\/13-08-2019-NEUQUEN-SUPERMERCADO-MAYORISTA-MAKRO-MAURO-PEREZDSC_1251-1200x420.jpg",1200,420,true]},"rttpg_author":{"display_name":"Redacci\u00f3n El Federal","author_link":"https:\/\/elfederalmendoza.com.ar\/index.php\/author\/angelflores\/"},"rttpg_comment":0,"rttpg_category":"<a href=\"https:\/\/elfederalmendoza.com.ar\/index.php\/category\/mza\/\" rel=\"category tag\">Mendoza<\/a>","rttpg_excerpt":"Los medios de Chile le dieron amplia difusi\u00f3n a las medidas tomadas en Mendoza por parte de supermercados para atender la \u00abinvasi\u00f3n\u00bb de chilenos que llegan a comprar cosas que les parecen baratas cuando para los argentinos resultan caras, y con aumentos casi a diario, debido a la galopante inflaci\u00f3n. Los chilenos en lugar de&hellip;","_links":{"self":[{"href":"https:\/\/elfederalmendoza.com.ar\/index.php\/wp-json\/wp\/v2\/posts\/22825","targetHints":{"allow":["GET"]}}],"collection":[{"href":"https:\/\/elfederalmendoza.com.ar\/index.php\/wp-json\/wp\/v2\/posts"}],"about":[{"href":"https:\/\/elfederalmendoza.com.ar\/index.php\/wp-json\/wp\/v2\/types\/post"}],"author":[{"embeddable":true,"href":"https:\/\/elfederalmendoza.com.ar\/index.php\/wp-json\/wp\/v2\/users\/2"}],"replies":[{"embeddable":true,"href":"https:\/\/elfederalmendoza.com.ar\/index.php\/wp-json\/wp\/v2\/comments?post=22825"}],"version-history":[{"count":2,"href":"https:\/\/elfederalmendoza.com.ar\/index.php\/wp-json\/wp\/v2\/posts\/22825\/revisions"}],"predecessor-version":[{"id":22830,"href":"https:\/\/elfederalmendoza.com.ar\/index.php\/wp-json\/wp\/v2\/posts\/22825\/revisions\/22830"}],"wp:featuredmedia":[{"embeddable":true,"href":"https:\/\/elfederalmendoza.com.ar\/index.php\/wp-json\/wp\/v2\/media\/22281"}],"wp:attachment":[{"href":"https:\/\/elfederalmendoza.com.ar\/index.php\/wp-json\/wp\/v2\/media?parent=22825"}],"wp:term":[{"taxonomy":"category","embeddable":true,"href":"https:\/\/elfederalmendoza.com.ar\/index.php\/wp-json\/wp\/v2\/categories?post=22825"},{"taxonomy":"post_tag","embeddable":true,"href":"https:\/\/elfederalmendoza.com.ar\/index.php\/wp-json\/wp\/v2\/tags?post=22825"}],"curies":[{"name":"wp","href":"https:\/\/api.w.org\/{rel}","templated":true}]}}