{"id":22832,"date":"2023-05-17T10:05:45","date_gmt":"2023-05-17T13:05:45","guid":{"rendered":"https:\/\/elfederalmendoza.com\/?p=22832"},"modified":"2023-05-17T10:08:11","modified_gmt":"2023-05-17T13:08:11","slug":"desmejoro-la-salud-de-alejandro-bermejo-presento-complicaciones-respiratorias-y-su-estado-es-critico","status":"publish","type":"post","link":"https:\/\/elfederalmendoza.com.ar\/index.php\/2023\/05\/17\/desmejoro-la-salud-de-alejandro-bermejo-presento-complicaciones-respiratorias-y-su-estado-es-critico\/","title":{"rendered":"Desmejor\u00f3 la salud de Alejandro Bermejo: present\u00f3 complicaciones respiratorias y su estado es cr\u00edtico"},"content":{"rendered":"\n<p>La salud del senador\u00a0<strong>Alejandro Bermejo<\/strong>\u00a0lamentablemente desmejor\u00f3 en las \u00faltimas horas y\u00a0<strong>su estado actual es cr\u00edtico<\/strong>. Permanece\u00a0<strong>internado en terapia intensiva<\/strong>\u00a0de la Cl\u00ednica de Cuyo, desde que sufri\u00f3 un<strong>\u00a0Accidente Cerebro Vascular (ACV)<\/strong>\u00a0el pasado 1 de mayo durante el acto de apertura de sesiones legislativas.<\/p>\n\n\n\n<p>Seg\u00fan el parte m\u00e9dico difundido por su hermano, el diputado nacional\u00a0<strong>Adolfo Bermejo<\/strong>, \u201cen las \u00faltimas horas<strong>\u00a0present\u00f3 complicaciones en su aparato respiratorio<\/strong>\u201d por lo que su estado de salud que\u00a0<strong>era hasta ayer estable pas\u00f3 a ser cr\u00edtico.<\/strong><\/p>\n\n\n\n<p>El legislador provincial contin\u00faa en&nbsp;<strong>\u201cterapia intensiva con asistencia respiratoria mec\u00e1nica y pron\u00f3stico reservado\u201d<\/strong>.<\/p>\n\n\n\n<p>La familia agradeci\u00f3, como todos los d\u00edas, \u201cel esfuerzo constante de los profesionales que cuidan de \u00e9l\u201d y las muestras de cari\u00f1o hacia el exintendente de Maip\u00fa.<\/p>\n","protected":false},"excerpt":{"rendered":"<p>La salud del senador\u00a0Alejandro Bermejo\u00a0lamentablemente desmejor\u00f3 en las \u00faltimas horas y\u00a0su estado actual es cr\u00edtico. Permanece\u00a0internado en terapia intensiva\u00a0de la Cl\u00ednica de Cuyo, desde que sufri\u00f3 un\u00a0Accidente Cerebro Vascular (ACV)\u00a0el pasado 1 de mayo durante el acto de apertura de sesiones legislativas. Seg\u00fan el parte m\u00e9dico difundido por su hermano, el diputado nacional\u00a0Adolfo Bermejo, \u201cen<a class=\"read-more\" href=\"https:\/\/elfederalmendoza.com.ar\/index.php\/2023\/05\/17\/desmejoro-la-salud-de-alejandro-bermejo-presento-complicaciones-respiratorias-y-su-estado-es-critico\/\"> [&hellip;]<\/a><\/p>\n","protected":false},"author":2,"featured_media":22834,"comment_status":"open","ping_status":"open","sticky":false,"template":"","format":"standard","meta":{"footnotes":""},"categories":[1],"tags":[],"class_list":["post-22832","post","type-post","status-publish","format-standard","has-post-thumbnail","hentry","category-mza"],"rttpg_featured_image_url":{"full":["https:\/\/elfederalmendoza.com.ar\/wp-content\/uploads\/2023\/05\/alejandro-bermejo-parte-medicojpg.webp",1200,700,false],"landscape":["https:\/\/elfederalmendoza.com.ar\/wp-content\/uploads\/2023\/05\/alejandro-bermejo-parte-medicojpg.webp",1200,700,false],"portraits":["https:\/\/elfederalmendoza.com.ar\/wp-content\/uploads\/2023\/05\/alejandro-bermejo-parte-medicojpg.webp",1200,700,false],"thumbnail":["https:\/\/elfederalmendoza.com.ar\/wp-content\/uploads\/2023\/05\/alejandro-bermejo-parte-medicojpg-150x150.webp",150,150,true],"medium":["https:\/\/elfederalmendoza.com.ar\/wp-content\/uploads\/2023\/05\/alejandro-bermejo-parte-medicojpg-300x175.webp",300,175,true],"large":["https:\/\/elfederalmendoza.com.ar\/wp-content\/uploads\/2023\/05\/alejandro-bermejo-parte-medicojpg-1024x597.webp",640,373,true],"1536x1536":["https:\/\/elfederalmendoza.com.ar\/wp-content\/uploads\/2023\/05\/alejandro-bermejo-parte-medicojpg.webp",1200,700,false],"2048x2048":["https:\/\/elfederalmendoza.com.ar\/wp-content\/uploads\/2023\/05\/alejandro-bermejo-parte-medicojpg.webp",1200,700,false],"ultp_layout_landscape_large":["https:\/\/elfederalmendoza.com.ar\/wp-content\/uploads\/2023\/05\/alejandro-bermejo-parte-medicojpg.webp",1200,700,false],"ultp_layout_landscape":["https:\/\/elfederalmendoza.com.ar\/wp-content\/uploads\/2023\/05\/alejandro-bermejo-parte-medicojpg-870x570.webp",870,570,true],"ultp_layout_portrait":["https:\/\/elfederalmendoza.com.ar\/wp-content\/uploads\/2023\/05\/alejandro-bermejo-parte-medicojpg-600x700.webp",600,700,true],"ultp_layout_square":["https:\/\/elfederalmendoza.com.ar\/wp-content\/uploads\/2023\/05\/alejandro-bermejo-parte-medicojpg-600x600.webp",600,600,true],"rpwe-thumbnail":["https:\/\/elfederalmendoza.com.ar\/wp-content\/uploads\/2023\/05\/alejandro-bermejo-parte-medicojpg-45x45.webp",45,45,true],"advps-thumb-one":["https:\/\/elfederalmendoza.com.ar\/wp-content\/uploads\/2023\/05\/alejandro-bermejo-parte-medicojpg-1200x420.webp",1200,420,true]},"rttpg_author":{"display_name":"Redacci\u00f3n El Federal","author_link":"https:\/\/elfederalmendoza.com.ar\/index.php\/author\/angelflores\/"},"rttpg_comment":0,"rttpg_category":"<a href=\"https:\/\/elfederalmendoza.com.ar\/index.php\/category\/mza\/\" rel=\"category tag\">Mendoza<\/a>","rttpg_excerpt":"La salud del senador\u00a0Alejandro Bermejo\u00a0lamentablemente desmejor\u00f3 en las \u00faltimas horas y\u00a0su estado actual es cr\u00edtico. Permanece\u00a0internado en terapia intensiva\u00a0de la Cl\u00ednica de Cuyo, desde que sufri\u00f3 un\u00a0Accidente Cerebro Vascular (ACV)\u00a0el pasado 1 de mayo durante el acto de apertura de sesiones legislativas. Seg\u00fan el parte m\u00e9dico difundido por su hermano, el diputado nacional\u00a0Adolfo Bermejo, \u201cen&hellip;","_links":{"self":[{"href":"https:\/\/elfederalmendoza.com.ar\/index.php\/wp-json\/wp\/v2\/posts\/22832","targetHints":{"allow":["GET"]}}],"collection":[{"href":"https:\/\/elfederalmendoza.com.ar\/index.php\/wp-json\/wp\/v2\/posts"}],"about":[{"href":"https:\/\/elfederalmendoza.com.ar\/index.php\/wp-json\/wp\/v2\/types\/post"}],"author":[{"embeddable":true,"href":"https:\/\/elfederalmendoza.com.ar\/index.php\/wp-json\/wp\/v2\/users\/2"}],"replies":[{"embeddable":true,"href":"https:\/\/elfederalmendoza.com.ar\/index.php\/wp-json\/wp\/v2\/comments?post=22832"}],"version-history":[{"count":2,"href":"https:\/\/elfederalmendoza.com.ar\/index.php\/wp-json\/wp\/v2\/posts\/22832\/revisions"}],"predecessor-version":[{"id":22839,"href":"https:\/\/elfederalmendoza.com.ar\/index.php\/wp-json\/wp\/v2\/posts\/22832\/revisions\/22839"}],"wp:featuredmedia":[{"embeddable":true,"href":"https:\/\/elfederalmendoza.com.ar\/index.php\/wp-json\/wp\/v2\/media\/22834"}],"wp:attachment":[{"href":"https:\/\/elfederalmendoza.com.ar\/index.php\/wp-json\/wp\/v2\/media?parent=22832"}],"wp:term":[{"taxonomy":"category","embeddable":true,"href":"https:\/\/elfederalmendoza.com.ar\/index.php\/wp-json\/wp\/v2\/categories?post=22832"},{"taxonomy":"post_tag","embeddable":true,"href":"https:\/\/elfederalmendoza.com.ar\/index.php\/wp-json\/wp\/v2\/tags?post=22832"}],"curies":[{"name":"wp","href":"https:\/\/api.w.org\/{rel}","templated":true}]}}