{"id":22840,"date":"2023-05-17T10:16:38","date_gmt":"2023-05-17T13:16:38","guid":{"rendered":"https:\/\/elfederalmendoza.com\/?p=22840"},"modified":"2023-05-17T10:16:39","modified_gmt":"2023-05-17T13:16:39","slug":"un-hombre-que-estaba-acostado-en-una-calle-de-san-martin-fue-atropellado-y-murio","status":"publish","type":"post","link":"https:\/\/elfederalmendoza.com.ar\/index.php\/2023\/05\/17\/un-hombre-que-estaba-acostado-en-una-calle-de-san-martin-fue-atropellado-y-murio\/","title":{"rendered":"Un hombre que estaba acostado en una calle de San Mart\u00edn fue atropellado y muri\u00f3"},"content":{"rendered":"\n<p>El accidente ocurri\u00f3 este martes en&nbsp;<strong>San Mart\u00edn<\/strong>. La v\u00edctima fue embestida por la conductora de una camioneta. La mujer qued\u00f3 a disposici\u00f3n de la Justicia porque no ten\u00eda permiso de conducir.<\/p>\n\n\n\n<p>Un hombre de 70 a\u00f1os muri\u00f3 este martes en San Mart\u00edn luego de ser arrollado por una conductora mientras\u00a0<strong>se encontraba recostado al costado de una calle<\/strong>. Una hermana de la v\u00edctima cont\u00f3 a los investigadores del caso que ten\u00eda problemas de alcoholismo.<\/p>\n\n\n\n<p>La informaci\u00f3n policial sostiene que el hecho se produjo a las 17.30 sobre&nbsp;<strong>calle Carletto<\/strong>, en la zona de El Divisadero. Por causas que son motivo de investigaci\u00f3n, una mujer que circulaba hacia el oeste al mando de una&nbsp;<strong>Ford EcoSport<\/strong>&nbsp;impact\u00f3 a un&nbsp;<strong>Juan Antonio Vila<\/strong>. Quien se encontraba recostado sobre el costado norte de la calzada, con sus extremidades hacia el sur.<\/p>\n\n\n\n<p>Personal m\u00e9dico lleg\u00f3 hasta la escena y traslad\u00f3 al septuagenario hasta el&nbsp;<strong>Hospital Perrupato<\/strong>. En la guardia poco pudieron hacer los profesionales de la salud, debido a que ingres\u00f3 sin vida.<\/p>\n\n\n\n<p>Una hermana de Vila lleg\u00f3 hasta el nosocomio y relat\u00f3 que el hombre presentaba problemas de alcoholismo y se encontraba medicado.<\/p>\n\n\n\n<p>Por su parte,&nbsp;la conductora, de 35 a\u00f1os, qued\u00f3 a disposici\u00f3n de la Justicia porque no present\u00f3 el carnet de conducir cuando lo requirieron las autoridades policiales en la escena.<\/p>\n\n\n\n<p><em>Fuente: El Sol<\/em><\/p>\n","protected":false},"excerpt":{"rendered":"<p>El accidente ocurri\u00f3 este martes en&nbsp;San Mart\u00edn. La v\u00edctima fue embestida por la conductora de una camioneta. La mujer qued\u00f3 a disposici\u00f3n de la Justicia porque no ten\u00eda permiso de conducir. Un hombre de 70 a\u00f1os muri\u00f3 este martes en San Mart\u00edn luego de ser arrollado por una conductora mientras\u00a0se encontraba recostado al costado de<a class=\"read-more\" href=\"https:\/\/elfederalmendoza.com.ar\/index.php\/2023\/05\/17\/un-hombre-que-estaba-acostado-en-una-calle-de-san-martin-fue-atropellado-y-murio\/\"> [&hellip;]<\/a><\/p>\n","protected":false},"author":2,"featured_media":22842,"comment_status":"open","ping_status":"open","sticky":false,"template":"","format":"standard","meta":{"footnotes":""},"categories":[1],"tags":[],"class_list":["post-22840","post","type-post","status-publish","format-standard","has-post-thumbnail","hentry","category-mza"],"rttpg_featured_image_url":{"full":["https:\/\/elfederalmendoza.com.ar\/wp-content\/uploads\/2023\/05\/1593028186235perrupato-scaled-1.jpg",1200,800,false],"landscape":["https:\/\/elfederalmendoza.com.ar\/wp-content\/uploads\/2023\/05\/1593028186235perrupato-scaled-1.jpg",1200,800,false],"portraits":["https:\/\/elfederalmendoza.com.ar\/wp-content\/uploads\/2023\/05\/1593028186235perrupato-scaled-1.jpg",1200,800,false],"thumbnail":["https:\/\/elfederalmendoza.com.ar\/wp-content\/uploads\/2023\/05\/1593028186235perrupato-scaled-1-150x150.jpg",150,150,true],"medium":["https:\/\/elfederalmendoza.com.ar\/wp-content\/uploads\/2023\/05\/1593028186235perrupato-scaled-1-300x200.jpg",300,200,true],"large":["https:\/\/elfederalmendoza.com.ar\/wp-content\/uploads\/2023\/05\/1593028186235perrupato-scaled-1-1024x683.jpg",640,427,true],"1536x1536":["https:\/\/elfederalmendoza.com.ar\/wp-content\/uploads\/2023\/05\/1593028186235perrupato-scaled-1.jpg",1200,800,false],"2048x2048":["https:\/\/elfederalmendoza.com.ar\/wp-content\/uploads\/2023\/05\/1593028186235perrupato-scaled-1.jpg",1200,800,false],"ultp_layout_landscape_large":["https:\/\/elfederalmendoza.com.ar\/wp-content\/uploads\/2023\/05\/1593028186235perrupato-scaled-1.jpg",1200,800,false],"ultp_layout_landscape":["https:\/\/elfederalmendoza.com.ar\/wp-content\/uploads\/2023\/05\/1593028186235perrupato-scaled-1-870x570.jpg",870,570,true],"ultp_layout_portrait":["https:\/\/elfederalmendoza.com.ar\/wp-content\/uploads\/2023\/05\/1593028186235perrupato-scaled-1-600x800.jpg",600,800,true],"ultp_layout_square":["https:\/\/elfederalmendoza.com.ar\/wp-content\/uploads\/2023\/05\/1593028186235perrupato-scaled-1-600x600.jpg",600,600,true],"rpwe-thumbnail":["https:\/\/elfederalmendoza.com.ar\/wp-content\/uploads\/2023\/05\/1593028186235perrupato-scaled-1-45x45.jpg",45,45,true],"advps-thumb-one":["https:\/\/elfederalmendoza.com.ar\/wp-content\/uploads\/2023\/05\/1593028186235perrupato-scaled-1-1200x420.jpg",1200,420,true]},"rttpg_author":{"display_name":"Redacci\u00f3n El Federal","author_link":"https:\/\/elfederalmendoza.com.ar\/index.php\/author\/angelflores\/"},"rttpg_comment":0,"rttpg_category":"<a href=\"https:\/\/elfederalmendoza.com.ar\/index.php\/category\/mza\/\" rel=\"category tag\">Mendoza<\/a>","rttpg_excerpt":"El accidente ocurri\u00f3 este martes en&nbsp;San Mart\u00edn. La v\u00edctima fue embestida por la conductora de una camioneta. La mujer qued\u00f3 a disposici\u00f3n de la Justicia porque no ten\u00eda permiso de conducir. Un hombre de 70 a\u00f1os muri\u00f3 este martes en San Mart\u00edn luego de ser arrollado por una conductora mientras\u00a0se encontraba recostado al costado de&hellip;","_links":{"self":[{"href":"https:\/\/elfederalmendoza.com.ar\/index.php\/wp-json\/wp\/v2\/posts\/22840","targetHints":{"allow":["GET"]}}],"collection":[{"href":"https:\/\/elfederalmendoza.com.ar\/index.php\/wp-json\/wp\/v2\/posts"}],"about":[{"href":"https:\/\/elfederalmendoza.com.ar\/index.php\/wp-json\/wp\/v2\/types\/post"}],"author":[{"embeddable":true,"href":"https:\/\/elfederalmendoza.com.ar\/index.php\/wp-json\/wp\/v2\/users\/2"}],"replies":[{"embeddable":true,"href":"https:\/\/elfederalmendoza.com.ar\/index.php\/wp-json\/wp\/v2\/comments?post=22840"}],"version-history":[{"count":1,"href":"https:\/\/elfederalmendoza.com.ar\/index.php\/wp-json\/wp\/v2\/posts\/22840\/revisions"}],"predecessor-version":[{"id":22843,"href":"https:\/\/elfederalmendoza.com.ar\/index.php\/wp-json\/wp\/v2\/posts\/22840\/revisions\/22843"}],"wp:featuredmedia":[{"embeddable":true,"href":"https:\/\/elfederalmendoza.com.ar\/index.php\/wp-json\/wp\/v2\/media\/22842"}],"wp:attachment":[{"href":"https:\/\/elfederalmendoza.com.ar\/index.php\/wp-json\/wp\/v2\/media?parent=22840"}],"wp:term":[{"taxonomy":"category","embeddable":true,"href":"https:\/\/elfederalmendoza.com.ar\/index.php\/wp-json\/wp\/v2\/categories?post=22840"},{"taxonomy":"post_tag","embeddable":true,"href":"https:\/\/elfederalmendoza.com.ar\/index.php\/wp-json\/wp\/v2\/tags?post=22840"}],"curies":[{"name":"wp","href":"https:\/\/api.w.org\/{rel}","templated":true}]}}