{"id":22846,"date":"2023-05-17T08:19:00","date_gmt":"2023-05-17T11:19:00","guid":{"rendered":"https:\/\/elfederalmendoza.com\/?p=22846"},"modified":"2023-05-17T10:24:26","modified_gmt":"2023-05-17T13:24:26","slug":"la-oposicion-tras-la-carta-de-cristina-queria-verla-salir-tercera-en-las-elecciones","status":"publish","type":"post","link":"https:\/\/elfederalmendoza.com.ar\/index.php\/2023\/05\/17\/la-oposicion-tras-la-carta-de-cristina-queria-verla-salir-tercera-en-las-elecciones\/","title":{"rendered":"La oposici\u00f3n, tras la carta de Cristina: \u00abQuer\u00eda verla salir tercera en las elecciones\u00bb"},"content":{"rendered":"\n<p><strong>Cristina Kirchner\u00a0confirm\u00f3 que no ser\u00e1 candidata en las pr\u00f3ximas elecciones presidenciales<\/strong>\u00a0a trav\u00e9s de una carta publicada en su sitio web titulada\u00a0\u00abA los compa\u00f1eros y compa\u00f1eras\u00bb, y los dirigentes de la oposici\u00f3n opinaron sobre su decisi\u00f3n.<\/p>\n\n\n\n<p>\u00abYa lo dije el 6 de diciembre del 2022.<strong>&nbsp;No voy a ser mascota del poder por ninguna candidatura.&nbsp;<\/strong>He dado muestras, como nadie, de privilegiar el proyecto colectivo sobre la ubicaci\u00f3n personal\u00bb, escribi\u00f3 la vicepresidenta.<\/p>\n\n\n\n<h2 class=\"wp-block-heading\" id=\"que-dijeron-los-dirigentes-de-la-oposicion\">\u00bfQu\u00e9 dijeron los dirigentes de la oposici\u00f3n?<\/h2>\n\n\n\n<p>Mientras tanto, el precandidato a presidente en Juntos por el Cambio,<strong>\u00a0Jos\u00e9 Luis Espert,<\/strong>\u00a0al enterarse de la noticia apunt\u00f3 de forma sarc\u00e1stica contra Cristina Kirchner:\u00a0\u00ab\u00a1Que l\u00e1stima! Hubiera sido genial asistir a tu entierro pol\u00edtico\u00bb.<\/p>\n\n\n\n<figure class=\"wp-block-image size-full\"><img loading=\"lazy\" decoding=\"async\" width=\"578\" height=\"93\" src=\"https:\/\/elfederalmendoza.com\/wp-content\/uploads\/2023\/05\/image-4.png\" alt=\"\" class=\"wp-image-22848\" srcset=\"https:\/\/elfederalmendoza.com.ar\/wp-content\/uploads\/2023\/05\/image-4.png 578w, https:\/\/elfederalmendoza.com.ar\/wp-content\/uploads\/2023\/05\/image-4-300x48.png 300w\" sizes=\"auto, (max-width: 578px) 100vw, 578px\" \/><\/figure>\n\n\n\n<p>La senadora nacional y candidata a\u00a0<a href=\"https:\/\/www.cronista.com\/economia-politica\/elecciones-2023-carolina-losada-lanzo-su-candidatura-a-gobernadora-de-santa-fe\/\" target=\"_blank\" rel=\"noreferrer noopener\">gobernadora de Santa Fe<\/a>,\u00a0<strong>Carolina Losada<\/strong>, tambi\u00e9n opin\u00f3 sobre la decisi\u00f3n: \u00abVictimizaci\u00f3n y mentiras para distanciarse del desastre q generaron. SON ESTE GOBIERNO\u00bb.<\/p>\n\n\n\n<p>Por otro lado, el legislador porte\u00f1o por la Libertad Avanza,<strong>\u00a0Ramiro Marra,<\/strong>\u00a0mediante Twitter escribi\u00f3:\u00a0\u00abQuer\u00eda\u00a0verte tercera y que te vayas bien perdedora por los votos, ahora te vas perdedora por la p\u00e9sima gesti\u00f3n de tu gobierno\u00bb.<\/p>\n\n\n\n<figure class=\"wp-block-embed is-type-rich is-provider-twitter wp-block-embed-twitter\"><div class=\"wp-block-embed__wrapper\">\n<blockquote class=\"twitter-tweet\" data-width=\"550\" data-dnt=\"true\"><p lang=\"es\" dir=\"ltr\">QUE CAGADA CHE<br><br>Queria verte tercera y que te vayas bien perdedora por los votos, ahora te vas perdedora por la pesima gestion de tu gobierno <a href=\"https:\/\/t.co\/OhYrs0H66o\">https:\/\/t.co\/OhYrs0H66o<\/a><\/p>&mdash; Ramiro Marra (@RAMIROMARRA) <a href=\"https:\/\/twitter.com\/RAMIROMARRA\/status\/1658592323427618822?ref_src=twsrc%5Etfw\">May 16, 2023<\/a><\/blockquote><script async src=\"https:\/\/platform.twitter.com\/widgets.js\" charset=\"utf-8\"><\/script>\n<\/div><\/figure>\n\n\n\n<p>Tambi\u00e9n habl\u00f3\u00a0<strong>Mario Negri,<\/strong>\u00a0diputado nacional y presidente de la UCR, y la compar\u00f3 con el expresidente Carlos Menem: \u00abUna sentencia en primera instancia no inhabilita a que alguien sea candidato. Menem fue senador hasta el d\u00eda de su fallecimiento porque no tuvo sentencia firme. La \u00abproscripci\u00f3n\u00bb es un relato para tapar la falta de ideas de c\u00f3mo resolver la propia herencia del Frente de Todos\u00bb.<\/p>\n\n\n\n<figure class=\"wp-block-embed is-type-rich is-provider-twitter wp-block-embed-twitter\"><div class=\"wp-block-embed__wrapper\">\n<blockquote class=\"twitter-tweet\" data-width=\"550\" data-dnt=\"true\"><p lang=\"es\" dir=\"ltr\">Una sentencia en primera instancia no inhabilita a que alguien sea candidato. <br>Menem fue senador hasta el d\u00eda de su fallecimiento porque no tuvo sentencia firme. <br>La &quot;proscripci\u00f3n&quot; es un relato para tapar la falta de ideas de c\u00f3mo resolver la propia herencia del Frente de Todos.<\/p>&mdash; Mario Ra\u00fal Negri (@marioraulnegri) <a href=\"https:\/\/twitter.com\/marioraulnegri\/status\/1658596537914515456?ref_src=twsrc%5Etfw\">May 16, 2023<\/a><\/blockquote><script async src=\"https:\/\/platform.twitter.com\/widgets.js\" charset=\"utf-8\"><\/script>\n<\/div><\/figure>\n\n\n\n<p>En la misma lineal, el diputado Nacional<strong>\u00a0Mart\u00edn Tetaz<\/strong>, en relaci\u00f3n a la carta de Cristina Kirchner, explic\u00f3 que:\u00a0\u00abCon estabilidad monetaria la gente volver\u00e1 a planificar su futuro en el pa\u00eds y los que se fueron volver\u00e1n\u00bb.<\/p>\n\n\n\n<p>Adem\u00e1s, la culp\u00f3 de\u00a0\u00abque viol\u00f3 la independencia del Banco Central fue usted, cuando ech\u00f3 a\u00a0a Martin Redrado\u00a0y reform\u00f3 la Carta Org\u00e1nica. En chile, Colombia, Brasil o Paraguay no hay inflaci\u00f3n aunque tienen grupos econ\u00f3micos concentrados. En Peru incluso son bimonetarios\u00bb.<\/p>\n","protected":false},"excerpt":{"rendered":"<p>Cristina Kirchner\u00a0confirm\u00f3 que no ser\u00e1 candidata en las pr\u00f3ximas elecciones presidenciales\u00a0a trav\u00e9s de una carta publicada en su sitio web titulada\u00a0\u00abA los compa\u00f1eros y compa\u00f1eras\u00bb, y los dirigentes de la oposici\u00f3n opinaron sobre su decisi\u00f3n. \u00abYa lo dije el 6 de diciembre del 2022.&nbsp;No voy a ser mascota del poder por ninguna candidatura.&nbsp;He dado muestras,<a class=\"read-more\" href=\"https:\/\/elfederalmendoza.com.ar\/index.php\/2023\/05\/17\/la-oposicion-tras-la-carta-de-cristina-queria-verla-salir-tercera-en-las-elecciones\/\"> [&hellip;]<\/a><\/p>\n","protected":false},"author":2,"featured_media":18978,"comment_status":"open","ping_status":"open","sticky":false,"template":"","format":"standard","meta":{"footnotes":""},"categories":[1],"tags":[],"class_list":["post-22846","post","type-post","status-publish","format-standard","has-post-thumbnail","hentry","category-mza"],"rttpg_featured_image_url":{"full":["https:\/\/elfederalmendoza.com.ar\/wp-content\/uploads\/2022\/08\/cristina.png",730,443,false],"landscape":["https:\/\/elfederalmendoza.com.ar\/wp-content\/uploads\/2022\/08\/cristina.png",730,443,false],"portraits":["https:\/\/elfederalmendoza.com.ar\/wp-content\/uploads\/2022\/08\/cristina.png",730,443,false],"thumbnail":["https:\/\/elfederalmendoza.com.ar\/wp-content\/uploads\/2022\/08\/cristina-150x150.png",150,150,true],"medium":["https:\/\/elfederalmendoza.com.ar\/wp-content\/uploads\/2022\/08\/cristina-300x182.png",300,182,true],"large":["https:\/\/elfederalmendoza.com.ar\/wp-content\/uploads\/2022\/08\/cristina.png",640,388,false],"1536x1536":["https:\/\/elfederalmendoza.com.ar\/wp-content\/uploads\/2022\/08\/cristina.png",730,443,false],"2048x2048":["https:\/\/elfederalmendoza.com.ar\/wp-content\/uploads\/2022\/08\/cristina.png",730,443,false],"ultp_layout_landscape_large":["https:\/\/elfederalmendoza.com.ar\/wp-content\/uploads\/2022\/08\/cristina.png",730,443,false],"ultp_layout_landscape":["https:\/\/elfederalmendoza.com.ar\/wp-content\/uploads\/2022\/08\/cristina.png",730,443,false],"ultp_layout_portrait":["https:\/\/elfederalmendoza.com.ar\/wp-content\/uploads\/2022\/08\/cristina-600x443.png",600,443,true],"ultp_layout_square":["https:\/\/elfederalmendoza.com.ar\/wp-content\/uploads\/2022\/08\/cristina-600x443.png",600,443,true],"rpwe-thumbnail":["https:\/\/elfederalmendoza.com.ar\/wp-content\/uploads\/2022\/08\/cristina-45x45.png",45,45,true],"advps-thumb-one":["https:\/\/elfederalmendoza.com.ar\/wp-content\/uploads\/2022\/08\/cristina-730x420.png",730,420,true]},"rttpg_author":{"display_name":"Redacci\u00f3n El Federal","author_link":"https:\/\/elfederalmendoza.com.ar\/index.php\/author\/angelflores\/"},"rttpg_comment":0,"rttpg_category":"<a href=\"https:\/\/elfederalmendoza.com.ar\/index.php\/category\/mza\/\" rel=\"category tag\">Mendoza<\/a>","rttpg_excerpt":"Cristina Kirchner\u00a0confirm\u00f3 que no ser\u00e1 candidata en las pr\u00f3ximas elecciones presidenciales\u00a0a trav\u00e9s de una carta publicada en su sitio web titulada\u00a0\u00abA los compa\u00f1eros y compa\u00f1eras\u00bb, y los dirigentes de la oposici\u00f3n opinaron sobre su decisi\u00f3n. \u00abYa lo dije el 6 de diciembre del 2022.&nbsp;No voy a ser mascota del poder por ninguna candidatura.&nbsp;He dado muestras,&hellip;","_links":{"self":[{"href":"https:\/\/elfederalmendoza.com.ar\/index.php\/wp-json\/wp\/v2\/posts\/22846","targetHints":{"allow":["GET"]}}],"collection":[{"href":"https:\/\/elfederalmendoza.com.ar\/index.php\/wp-json\/wp\/v2\/posts"}],"about":[{"href":"https:\/\/elfederalmendoza.com.ar\/index.php\/wp-json\/wp\/v2\/types\/post"}],"author":[{"embeddable":true,"href":"https:\/\/elfederalmendoza.com.ar\/index.php\/wp-json\/wp\/v2\/users\/2"}],"replies":[{"embeddable":true,"href":"https:\/\/elfederalmendoza.com.ar\/index.php\/wp-json\/wp\/v2\/comments?post=22846"}],"version-history":[{"count":1,"href":"https:\/\/elfederalmendoza.com.ar\/index.php\/wp-json\/wp\/v2\/posts\/22846\/revisions"}],"predecessor-version":[{"id":22849,"href":"https:\/\/elfederalmendoza.com.ar\/index.php\/wp-json\/wp\/v2\/posts\/22846\/revisions\/22849"}],"wp:featuredmedia":[{"embeddable":true,"href":"https:\/\/elfederalmendoza.com.ar\/index.php\/wp-json\/wp\/v2\/media\/18978"}],"wp:attachment":[{"href":"https:\/\/elfederalmendoza.com.ar\/index.php\/wp-json\/wp\/v2\/media?parent=22846"}],"wp:term":[{"taxonomy":"category","embeddable":true,"href":"https:\/\/elfederalmendoza.com.ar\/index.php\/wp-json\/wp\/v2\/categories?post=22846"},{"taxonomy":"post_tag","embeddable":true,"href":"https:\/\/elfederalmendoza.com.ar\/index.php\/wp-json\/wp\/v2\/tags?post=22846"}],"curies":[{"name":"wp","href":"https:\/\/api.w.org\/{rel}","templated":true}]}}