{"id":22852,"date":"2023-05-17T07:44:00","date_gmt":"2023-05-17T10:44:00","guid":{"rendered":"https:\/\/elfederalmendoza.com\/?p=22852"},"modified":"2023-05-17T10:46:27","modified_gmt":"2023-05-17T13:46:27","slug":"una-familia-mendocina-necesita-193-000-al-mes-para-no-ser-pobre","status":"publish","type":"post","link":"https:\/\/elfederalmendoza.com.ar\/index.php\/2023\/05\/17\/una-familia-mendocina-necesita-193-000-al-mes-para-no-ser-pobre\/","title":{"rendered":"Una familia mendocina necesita $193.000 al mes para no ser pobre"},"content":{"rendered":"\n<p>Las l\u00edneas de pobreza e indigencia de Abril en Mendoza para una familia Tipo 2, con dos adultos y dos chicos,\u00a0<strong>son de $193.886,20 y $79.788,56 respectivamente.<\/strong>\u00a0La primera de las cifras corresponde al valor mensual de la Canasta B\u00e1sica Total (CBT) y la segunda a la Canasta B\u00e1sica de Alimentos (CBA).<\/p>\n\n\n\n<p>Tras conocerse la inflaci\u00f3n de abril el viernes pasado, marcando un r\u00e9cord de 8,4% a nivel nacional y 8.9% en Mendoza, se esperaba por los n\u00fameros de las canastas, las cuales aumentaron por debajo del IPC general medido por la DEIE.<\/p>\n\n\n\n<p><strong>Con respecto a marzo, la CBT de abril fue un 6,4% m\u00e1s cara, por debajo del \u00edndice provincial.&nbsp;<\/strong><\/p>\n\n\n\n<p>En tanto, la CBA marc\u00f3 una suba del 6.8% respecto al mes anterior, principalmente por el efecto de la suba de los alimentos que en Mendoza fue del 9,7%.<\/p>\n","protected":false},"excerpt":{"rendered":"<p>Las l\u00edneas de pobreza e indigencia de Abril en Mendoza para una familia Tipo 2, con dos adultos y dos chicos,\u00a0son de $193.886,20 y $79.788,56 respectivamente.\u00a0La primera de las cifras corresponde al valor mensual de la Canasta B\u00e1sica Total (CBT) y la segunda a la Canasta B\u00e1sica de Alimentos (CBA). Tras conocerse la inflaci\u00f3n de<a class=\"read-more\" href=\"https:\/\/elfederalmendoza.com.ar\/index.php\/2023\/05\/17\/una-familia-mendocina-necesita-193-000-al-mes-para-no-ser-pobre\/\"> [&hellip;]<\/a><\/p>\n","protected":false},"author":2,"featured_media":22854,"comment_status":"open","ping_status":"open","sticky":false,"template":"","format":"standard","meta":{"footnotes":""},"categories":[1],"tags":[],"class_list":["post-22852","post","type-post","status-publish","format-standard","has-post-thumbnail","hentry","category-mza"],"rttpg_featured_image_url":{"full":["https:\/\/elfederalmendoza.com.ar\/wp-content\/uploads\/2023\/05\/canasta-basica-alimentaria.webp",1920,1080,false],"landscape":["https:\/\/elfederalmendoza.com.ar\/wp-content\/uploads\/2023\/05\/canasta-basica-alimentaria.webp",1920,1080,false],"portraits":["https:\/\/elfederalmendoza.com.ar\/wp-content\/uploads\/2023\/05\/canasta-basica-alimentaria.webp",1920,1080,false],"thumbnail":["https:\/\/elfederalmendoza.com.ar\/wp-content\/uploads\/2023\/05\/canasta-basica-alimentaria-150x150.webp",150,150,true],"medium":["https:\/\/elfederalmendoza.com.ar\/wp-content\/uploads\/2023\/05\/canasta-basica-alimentaria-300x169.webp",300,169,true],"large":["https:\/\/elfederalmendoza.com.ar\/wp-content\/uploads\/2023\/05\/canasta-basica-alimentaria-1024x576.webp",640,360,true],"1536x1536":["https:\/\/elfederalmendoza.com.ar\/wp-content\/uploads\/2023\/05\/canasta-basica-alimentaria-1536x864.webp",1536,864,true],"2048x2048":["https:\/\/elfederalmendoza.com.ar\/wp-content\/uploads\/2023\/05\/canasta-basica-alimentaria.webp",1920,1080,false],"ultp_layout_landscape_large":["https:\/\/elfederalmendoza.com.ar\/wp-content\/uploads\/2023\/05\/canasta-basica-alimentaria-1200x800.webp",1200,800,true],"ultp_layout_landscape":["https:\/\/elfederalmendoza.com.ar\/wp-content\/uploads\/2023\/05\/canasta-basica-alimentaria-870x570.webp",870,570,true],"ultp_layout_portrait":["https:\/\/elfederalmendoza.com.ar\/wp-content\/uploads\/2023\/05\/canasta-basica-alimentaria-600x900.webp",600,900,true],"ultp_layout_square":["https:\/\/elfederalmendoza.com.ar\/wp-content\/uploads\/2023\/05\/canasta-basica-alimentaria-600x600.webp",600,600,true],"rpwe-thumbnail":["https:\/\/elfederalmendoza.com.ar\/wp-content\/uploads\/2023\/05\/canasta-basica-alimentaria-45x45.webp",45,45,true],"advps-thumb-one":["https:\/\/elfederalmendoza.com.ar\/wp-content\/uploads\/2023\/05\/canasta-basica-alimentaria-1200x420.webp",1200,420,true]},"rttpg_author":{"display_name":"Redacci\u00f3n El Federal","author_link":"https:\/\/elfederalmendoza.com.ar\/index.php\/author\/angelflores\/"},"rttpg_comment":0,"rttpg_category":"<a href=\"https:\/\/elfederalmendoza.com.ar\/index.php\/category\/mza\/\" rel=\"category tag\">Mendoza<\/a>","rttpg_excerpt":"Las l\u00edneas de pobreza e indigencia de Abril en Mendoza para una familia Tipo 2, con dos adultos y dos chicos,\u00a0son de $193.886,20 y $79.788,56 respectivamente.\u00a0La primera de las cifras corresponde al valor mensual de la Canasta B\u00e1sica Total (CBT) y la segunda a la Canasta B\u00e1sica de Alimentos (CBA). Tras conocerse la inflaci\u00f3n de&hellip;","_links":{"self":[{"href":"https:\/\/elfederalmendoza.com.ar\/index.php\/wp-json\/wp\/v2\/posts\/22852","targetHints":{"allow":["GET"]}}],"collection":[{"href":"https:\/\/elfederalmendoza.com.ar\/index.php\/wp-json\/wp\/v2\/posts"}],"about":[{"href":"https:\/\/elfederalmendoza.com.ar\/index.php\/wp-json\/wp\/v2\/types\/post"}],"author":[{"embeddable":true,"href":"https:\/\/elfederalmendoza.com.ar\/index.php\/wp-json\/wp\/v2\/users\/2"}],"replies":[{"embeddable":true,"href":"https:\/\/elfederalmendoza.com.ar\/index.php\/wp-json\/wp\/v2\/comments?post=22852"}],"version-history":[{"count":1,"href":"https:\/\/elfederalmendoza.com.ar\/index.php\/wp-json\/wp\/v2\/posts\/22852\/revisions"}],"predecessor-version":[{"id":22855,"href":"https:\/\/elfederalmendoza.com.ar\/index.php\/wp-json\/wp\/v2\/posts\/22852\/revisions\/22855"}],"wp:featuredmedia":[{"embeddable":true,"href":"https:\/\/elfederalmendoza.com.ar\/index.php\/wp-json\/wp\/v2\/media\/22854"}],"wp:attachment":[{"href":"https:\/\/elfederalmendoza.com.ar\/index.php\/wp-json\/wp\/v2\/media?parent=22852"}],"wp:term":[{"taxonomy":"category","embeddable":true,"href":"https:\/\/elfederalmendoza.com.ar\/index.php\/wp-json\/wp\/v2\/categories?post=22852"},{"taxonomy":"post_tag","embeddable":true,"href":"https:\/\/elfederalmendoza.com.ar\/index.php\/wp-json\/wp\/v2\/tags?post=22852"}],"curies":[{"name":"wp","href":"https:\/\/api.w.org\/{rel}","templated":true}]}}