{"id":22858,"date":"2023-05-17T11:52:56","date_gmt":"2023-05-17T14:52:56","guid":{"rendered":"https:\/\/elfederalmendoza.com\/?p=22858"},"modified":"2023-05-17T11:52:56","modified_gmt":"2023-05-17T14:52:56","slug":"desesperada-busqueda-de-un-nino-de-mendoza-que-desaparecio-el-5-de-mayo","status":"publish","type":"post","link":"https:\/\/elfederalmendoza.com.ar\/index.php\/2023\/05\/17\/desesperada-busqueda-de-un-nino-de-mendoza-que-desaparecio-el-5-de-mayo\/","title":{"rendered":"Desesperada b\u00fasqueda de un ni\u00f1o de Mendoza que desapareci\u00f3 el 5 de mayo"},"content":{"rendered":"\n<p>Un&nbsp;<strong>ni\u00f1o<\/strong>&nbsp;de tan solo 8 a\u00f1os es intensamente&nbsp;<strong>buscado<\/strong>&nbsp;en la provincia de&nbsp;<strong>Mendoza<\/strong>. Se trata del peque\u00f1o&nbsp;<strong>Felipe Mohammad Loncarich,<\/strong>&nbsp;quien fue visto por \u00faltima vez el pasado 5 de mayo. Cualquier informaci\u00f3n debe comunicarse al 911.<\/p>\n\n\n\n<p>El&nbsp;<strong>Tribunal de Gesti\u00f3n Judicial Asociada en Familia (GEJUAF)&nbsp;<\/strong>de Guaymall\u00e9n, bajo la direcci\u00f3n del juez de Familia y Violencia Familiar, Rodolfo Gabriel D\u00edaz, autorizaron la difusi\u00f3n de la fotograf\u00eda del menor con el objetivo de dar con el paradero de&nbsp;<strong>Felipe.&nbsp;<\/strong>El ni\u00f1o fue visto el 5 de mayo cuando sali\u00f3 de la escuela Belgrano y desde ese d\u00eda nada se sabe de \u00e9l.&nbsp;<\/p>\n\n\n\n<p>Seg\u00fan datos que aportaron allegados y familiares, la madre del ni\u00f1o lo retir\u00f3 de la instituci\u00f3n escolar y desde ese entonces perdieron la comunicaci\u00f3n con ambos. Aseguraron adem\u00e1s que la mujer no tiene la tenencia del menor.<\/p>\n\n\n\n<figure class=\"wp-block-image size-full is-resized\"><img loading=\"lazy\" decoding=\"async\" src=\"https:\/\/elfederalmendoza.com\/wp-content\/uploads\/2023\/05\/felipe-almonacid.jpg\" alt=\"\" class=\"wp-image-22860\" width=\"837\" height=\"640\" srcset=\"https:\/\/elfederalmendoza.com.ar\/wp-content\/uploads\/2023\/05\/felipe-almonacid.jpg 570w, https:\/\/elfederalmendoza.com.ar\/wp-content\/uploads\/2023\/05\/felipe-almonacid-300x229.jpg 300w\" sizes=\"auto, (max-width: 837px) 100vw, 837px\" \/><figcaption class=\"wp-element-caption\">&nbsp;<strong>Felipe Mohammad Loncarich,<\/strong>&nbsp;quien fue visto por \u00faltima vez el pasado 5 de mayo<\/figcaption><\/figure>\n\n\n\n<p>Con el apoyo de la asociaci\u00f3n especializada en la b\u00fasqueda de personas,&nbsp;<strong>Missing Children<\/strong>, el juzgado de familia present\u00f3 un oficio en busca de ayuda en esta investigaci\u00f3n crucial. Su objetivo principal es localizar a&nbsp;<strong>Felipe<\/strong>&nbsp;y tomar las medidas necesarias para garantizar su protecci\u00f3n y el cumplimiento de sus derechos.<\/p>\n\n\n\n<p>En consecuencia, el juez solicit\u00f3 formalmente la difusi\u00f3n de la imagen de&nbsp;<strong>Felipe<\/strong>&nbsp;en los medios de comunicaci\u00f3n a nivel local, provincial y nacional. Se insta a la poblaci\u00f3n en general a proporcionar cualquier informaci\u00f3n relevante o avistamiento del ni\u00f1o, poni\u00e9ndose en contacto con el n\u00famero de emergencias 911.&nbsp;<\/p>\n\n\n\n<p>Adem\u00e1s, se han facilitado v\u00edas de comunicaci\u00f3n adicionales, como el correo electr\u00f3nico&nbsp;<a href=\"mailto:gejaf_gllen@jus.mendoza.gov.ar\">gejaf_gllen@jus.mendoza.gov.ar<\/a>&nbsp;y el n\u00famero de<strong> WhatsApp 2612151581<\/strong>, para aquellos que deseen compartir datos relevantes o brindar informaci\u00f3n adicional sobre el caso.<\/p>\n\n\n\n<figure class=\"wp-block-image is-resized\"><img loading=\"lazy\" decoding=\"async\" src=\"https:\/\/www.mendozapost.com\/files\/image\/481\/481571\/6464cae079a3d_570_1014!.jpg?s=5292dc726b5d33613d7f4e50c6161a5b&amp;d=1684327139\" alt=\"\" width=\"830\" height=\"1477\"\/><\/figure>\n","protected":false},"excerpt":{"rendered":"<p>Un&nbsp;ni\u00f1o&nbsp;de tan solo 8 a\u00f1os es intensamente&nbsp;buscado&nbsp;en la provincia de&nbsp;Mendoza. Se trata del peque\u00f1o&nbsp;Felipe Mohammad Loncarich,&nbsp;quien fue visto por \u00faltima vez el pasado 5 de mayo. Cualquier informaci\u00f3n debe comunicarse al 911. El&nbsp;Tribunal de Gesti\u00f3n Judicial Asociada en Familia (GEJUAF)&nbsp;de Guaymall\u00e9n, bajo la direcci\u00f3n del juez de Familia y Violencia Familiar, Rodolfo Gabriel D\u00edaz, autorizaron<a class=\"read-more\" href=\"https:\/\/elfederalmendoza.com.ar\/index.php\/2023\/05\/17\/desesperada-busqueda-de-un-nino-de-mendoza-que-desaparecio-el-5-de-mayo\/\"> [&hellip;]<\/a><\/p>\n","protected":false},"author":2,"featured_media":22860,"comment_status":"open","ping_status":"open","sticky":false,"template":"","format":"standard","meta":{"footnotes":""},"categories":[1],"tags":[],"class_list":["post-22858","post","type-post","status-publish","format-standard","has-post-thumbnail","hentry","category-mza"],"rttpg_featured_image_url":{"full":["https:\/\/elfederalmendoza.com.ar\/wp-content\/uploads\/2023\/05\/felipe-almonacid.jpg",570,436,false],"landscape":["https:\/\/elfederalmendoza.com.ar\/wp-content\/uploads\/2023\/05\/felipe-almonacid.jpg",570,436,false],"portraits":["https:\/\/elfederalmendoza.com.ar\/wp-content\/uploads\/2023\/05\/felipe-almonacid.jpg",570,436,false],"thumbnail":["https:\/\/elfederalmendoza.com.ar\/wp-content\/uploads\/2023\/05\/felipe-almonacid-150x150.jpg",150,150,true],"medium":["https:\/\/elfederalmendoza.com.ar\/wp-content\/uploads\/2023\/05\/felipe-almonacid-300x229.jpg",300,229,true],"large":["https:\/\/elfederalmendoza.com.ar\/wp-content\/uploads\/2023\/05\/felipe-almonacid.jpg",570,436,false],"1536x1536":["https:\/\/elfederalmendoza.com.ar\/wp-content\/uploads\/2023\/05\/felipe-almonacid.jpg",570,436,false],"2048x2048":["https:\/\/elfederalmendoza.com.ar\/wp-content\/uploads\/2023\/05\/felipe-almonacid.jpg",570,436,false],"ultp_layout_landscape_large":["https:\/\/elfederalmendoza.com.ar\/wp-content\/uploads\/2023\/05\/felipe-almonacid.jpg",570,436,false],"ultp_layout_landscape":["https:\/\/elfederalmendoza.com.ar\/wp-content\/uploads\/2023\/05\/felipe-almonacid.jpg",570,436,false],"ultp_layout_portrait":["https:\/\/elfederalmendoza.com.ar\/wp-content\/uploads\/2023\/05\/felipe-almonacid.jpg",570,436,false],"ultp_layout_square":["https:\/\/elfederalmendoza.com.ar\/wp-content\/uploads\/2023\/05\/felipe-almonacid.jpg",570,436,false],"rpwe-thumbnail":["https:\/\/elfederalmendoza.com.ar\/wp-content\/uploads\/2023\/05\/felipe-almonacid-45x45.jpg",45,45,true],"advps-thumb-one":["https:\/\/elfederalmendoza.com.ar\/wp-content\/uploads\/2023\/05\/felipe-almonacid-570x420.jpg",570,420,true]},"rttpg_author":{"display_name":"Redacci\u00f3n El Federal","author_link":"https:\/\/elfederalmendoza.com.ar\/index.php\/author\/angelflores\/"},"rttpg_comment":0,"rttpg_category":"<a href=\"https:\/\/elfederalmendoza.com.ar\/index.php\/category\/mza\/\" rel=\"category tag\">Mendoza<\/a>","rttpg_excerpt":"Un&nbsp;ni\u00f1o&nbsp;de tan solo 8 a\u00f1os es intensamente&nbsp;buscado&nbsp;en la provincia de&nbsp;Mendoza. Se trata del peque\u00f1o&nbsp;Felipe Mohammad Loncarich,&nbsp;quien fue visto por \u00faltima vez el pasado 5 de mayo. Cualquier informaci\u00f3n debe comunicarse al 911. El&nbsp;Tribunal de Gesti\u00f3n Judicial Asociada en Familia (GEJUAF)&nbsp;de Guaymall\u00e9n, bajo la direcci\u00f3n del juez de Familia y Violencia Familiar, Rodolfo Gabriel D\u00edaz, autorizaron&hellip;","_links":{"self":[{"href":"https:\/\/elfederalmendoza.com.ar\/index.php\/wp-json\/wp\/v2\/posts\/22858","targetHints":{"allow":["GET"]}}],"collection":[{"href":"https:\/\/elfederalmendoza.com.ar\/index.php\/wp-json\/wp\/v2\/posts"}],"about":[{"href":"https:\/\/elfederalmendoza.com.ar\/index.php\/wp-json\/wp\/v2\/types\/post"}],"author":[{"embeddable":true,"href":"https:\/\/elfederalmendoza.com.ar\/index.php\/wp-json\/wp\/v2\/users\/2"}],"replies":[{"embeddable":true,"href":"https:\/\/elfederalmendoza.com.ar\/index.php\/wp-json\/wp\/v2\/comments?post=22858"}],"version-history":[{"count":1,"href":"https:\/\/elfederalmendoza.com.ar\/index.php\/wp-json\/wp\/v2\/posts\/22858\/revisions"}],"predecessor-version":[{"id":22861,"href":"https:\/\/elfederalmendoza.com.ar\/index.php\/wp-json\/wp\/v2\/posts\/22858\/revisions\/22861"}],"wp:featuredmedia":[{"embeddable":true,"href":"https:\/\/elfederalmendoza.com.ar\/index.php\/wp-json\/wp\/v2\/media\/22860"}],"wp:attachment":[{"href":"https:\/\/elfederalmendoza.com.ar\/index.php\/wp-json\/wp\/v2\/media?parent=22858"}],"wp:term":[{"taxonomy":"category","embeddable":true,"href":"https:\/\/elfederalmendoza.com.ar\/index.php\/wp-json\/wp\/v2\/categories?post=22858"},{"taxonomy":"post_tag","embeddable":true,"href":"https:\/\/elfederalmendoza.com.ar\/index.php\/wp-json\/wp\/v2\/tags?post=22858"}],"curies":[{"name":"wp","href":"https:\/\/api.w.org\/{rel}","templated":true}]}}