{"id":22871,"date":"2023-05-18T10:21:56","date_gmt":"2023-05-18T13:21:56","guid":{"rendered":"https:\/\/elfederalmendoza.com\/?p=22871"},"modified":"2023-05-18T10:21:56","modified_gmt":"2023-05-18T13:21:56","slug":"macri-festejo-el-triunfo-del-city-con-guardiola-las-fotos-que-fueron-las-mas-vistas-en-argentina","status":"publish","type":"post","link":"https:\/\/elfederalmendoza.com.ar\/index.php\/2023\/05\/18\/macri-festejo-el-triunfo-del-city-con-guardiola-las-fotos-que-fueron-las-mas-vistas-en-argentina\/","title":{"rendered":"Macri festej\u00f3 el triunfo del City con Guardiola: las fotos que fueron las m\u00e1s vistas en Argentina"},"content":{"rendered":"\n<p>El ex presidente\u00a0<strong>Mauricio Macri\u00a0<\/strong>volvi\u00f3 a mostrar su costado futbolero, totalmente ajeno a la interna del PRO en la definici\u00f3n de candidaturas. Amigos, cerveza y festejos.<\/p>\n\n\n\n<p>El ex mandatario, en su rol de presidente de la Fundaci\u00f3n FIFA, estuvo en el Reino Unido, donde el\u00a0Manchester City le gan\u00f3 por 4 a 0 al Real Madrid\u00a0y pas\u00f3 a la final de la Champions Ligue.<\/p>\n\n\n\n<p>En sus redes sociales, Macri public\u00f3 varias fotograf\u00edas junto al\u00a0<strong>entrenador del equipo ganador, Pep Guardiola,<\/strong>\u00a0y otros dirigentes.\u00a0<\/p>\n\n\n\n<figure class=\"wp-block-image is-resized\"><img loading=\"lazy\" decoding=\"async\" src=\"https:\/\/www.mendozapost.com\/files\/image\/481\/481871\/64660eb57d042_570_419!.jpg?s=f714015a117993ef79f33766567bf88f&amp;d=1684410040\" alt=\"\" width=\"835\" height=\"614\"\/><figcaption class=\"wp-element-caption\">El expresidente festejando el triunfo con una bufanda del Manchester City<\/figcaption><\/figure>\n\n\n\n<p>El l\u00edder del PRO asisti\u00f3 al Etihad Stadium invitado por\u00a0<strong>Khaldoon Al Mubarak<\/strong>, presidente del Manchester City.<\/p>\n\n\n\n<blockquote class=\"twitter-tweet\"><p lang=\"es\" dir=\"ltr\">4!!! Felicitaciones <a href=\"https:\/\/twitter.com\/ManCity?ref_src=twsrc%5Etfw\">@ManCity<\/a>, Pep y Khaldoon Al Mubarak <a href=\"https:\/\/t.co\/BxDPlQgf5x\">pic.twitter.com\/BxDPlQgf5x<\/a><\/p>&mdash; Mauricio Macri (@mauriciomacri) <a href=\"https:\/\/twitter.com\/mauriciomacri\/status\/1658980831279423488?ref_src=twsrc%5Etfw\">May 17, 2023<\/a><\/blockquote> <script async src=\"https:\/\/platform.twitter.com\/widgets.js\" charset=\"utf-8\"><\/script>\n\n\n\n<p>En una de las im\u00e1genes,&nbsp;<strong>Macri y Guardiola hicieron el n\u00famero cuatro con los dedos de la mano<\/strong>, para celebrar el 4 a 0 ante el Real Madrid que les dio el pase a la final de la Champions Ligue.<\/p>\n\n\n\n<figure class=\"wp-block-image is-resized\"><img loading=\"lazy\" decoding=\"async\" src=\"https:\/\/www.mendozapost.com\/files\/image\/481\/481873\/64660edbc4263_570_417!.jpg?s=e40ac3e60ff6ed4df1a9629860d57ac2&amp;d=1684410078\" alt=\"\" width=\"836\" height=\"612\"\/><\/figure>\n","protected":false},"excerpt":{"rendered":"<p>El ex presidente\u00a0Mauricio Macri\u00a0volvi\u00f3 a mostrar su costado futbolero, totalmente ajeno a la interna del PRO en la definici\u00f3n de candidaturas. Amigos, cerveza y festejos. El ex mandatario, en su rol de presidente de la Fundaci\u00f3n FIFA, estuvo en el Reino Unido, donde el\u00a0Manchester City le gan\u00f3 por 4 a 0 al Real Madrid\u00a0y pas\u00f3<a class=\"read-more\" href=\"https:\/\/elfederalmendoza.com.ar\/index.php\/2023\/05\/18\/macri-festejo-el-triunfo-del-city-con-guardiola-las-fotos-que-fueron-las-mas-vistas-en-argentina\/\"> [&hellip;]<\/a><\/p>\n","protected":false},"author":2,"featured_media":22873,"comment_status":"open","ping_status":"open","sticky":false,"template":"","format":"standard","meta":{"footnotes":""},"categories":[5620],"tags":[],"class_list":["post-22871","post","type-post","status-publish","format-standard","has-post-thumbnail","hentry","category-deportes"],"rttpg_featured_image_url":{"full":["https:\/\/elfederalmendoza.com.ar\/wp-content\/uploads\/2023\/05\/guardiola-macri.jpg",958,636,false],"landscape":["https:\/\/elfederalmendoza.com.ar\/wp-content\/uploads\/2023\/05\/guardiola-macri.jpg",958,636,false],"portraits":["https:\/\/elfederalmendoza.com.ar\/wp-content\/uploads\/2023\/05\/guardiola-macri.jpg",958,636,false],"thumbnail":["https:\/\/elfederalmendoza.com.ar\/wp-content\/uploads\/2023\/05\/guardiola-macri-150x150.jpg",150,150,true],"medium":["https:\/\/elfederalmendoza.com.ar\/wp-content\/uploads\/2023\/05\/guardiola-macri-300x199.jpg",300,199,true],"large":["https:\/\/elfederalmendoza.com.ar\/wp-content\/uploads\/2023\/05\/guardiola-macri.jpg",640,425,false],"1536x1536":["https:\/\/elfederalmendoza.com.ar\/wp-content\/uploads\/2023\/05\/guardiola-macri.jpg",958,636,false],"2048x2048":["https:\/\/elfederalmendoza.com.ar\/wp-content\/uploads\/2023\/05\/guardiola-macri.jpg",958,636,false],"ultp_layout_landscape_large":["https:\/\/elfederalmendoza.com.ar\/wp-content\/uploads\/2023\/05\/guardiola-macri.jpg",958,636,false],"ultp_layout_landscape":["https:\/\/elfederalmendoza.com.ar\/wp-content\/uploads\/2023\/05\/guardiola-macri-870x570.jpg",870,570,true],"ultp_layout_portrait":["https:\/\/elfederalmendoza.com.ar\/wp-content\/uploads\/2023\/05\/guardiola-macri-600x636.jpg",600,636,true],"ultp_layout_square":["https:\/\/elfederalmendoza.com.ar\/wp-content\/uploads\/2023\/05\/guardiola-macri-600x600.jpg",600,600,true],"rpwe-thumbnail":["https:\/\/elfederalmendoza.com.ar\/wp-content\/uploads\/2023\/05\/guardiola-macri-45x45.jpg",45,45,true],"advps-thumb-one":["https:\/\/elfederalmendoza.com.ar\/wp-content\/uploads\/2023\/05\/guardiola-macri-958x420.jpg",958,420,true]},"rttpg_author":{"display_name":"Redacci\u00f3n El Federal","author_link":"https:\/\/elfederalmendoza.com.ar\/index.php\/author\/angelflores\/"},"rttpg_comment":0,"rttpg_category":"<a href=\"https:\/\/elfederalmendoza.com.ar\/index.php\/category\/deportes\/\" rel=\"category tag\">Deportes<\/a>","rttpg_excerpt":"El ex presidente\u00a0Mauricio Macri\u00a0volvi\u00f3 a mostrar su costado futbolero, totalmente ajeno a la interna del PRO en la definici\u00f3n de candidaturas. Amigos, cerveza y festejos. El ex mandatario, en su rol de presidente de la Fundaci\u00f3n FIFA, estuvo en el Reino Unido, donde el\u00a0Manchester City le gan\u00f3 por 4 a 0 al Real Madrid\u00a0y pas\u00f3&hellip;","_links":{"self":[{"href":"https:\/\/elfederalmendoza.com.ar\/index.php\/wp-json\/wp\/v2\/posts\/22871","targetHints":{"allow":["GET"]}}],"collection":[{"href":"https:\/\/elfederalmendoza.com.ar\/index.php\/wp-json\/wp\/v2\/posts"}],"about":[{"href":"https:\/\/elfederalmendoza.com.ar\/index.php\/wp-json\/wp\/v2\/types\/post"}],"author":[{"embeddable":true,"href":"https:\/\/elfederalmendoza.com.ar\/index.php\/wp-json\/wp\/v2\/users\/2"}],"replies":[{"embeddable":true,"href":"https:\/\/elfederalmendoza.com.ar\/index.php\/wp-json\/wp\/v2\/comments?post=22871"}],"version-history":[{"count":1,"href":"https:\/\/elfederalmendoza.com.ar\/index.php\/wp-json\/wp\/v2\/posts\/22871\/revisions"}],"predecessor-version":[{"id":22874,"href":"https:\/\/elfederalmendoza.com.ar\/index.php\/wp-json\/wp\/v2\/posts\/22871\/revisions\/22874"}],"wp:featuredmedia":[{"embeddable":true,"href":"https:\/\/elfederalmendoza.com.ar\/index.php\/wp-json\/wp\/v2\/media\/22873"}],"wp:attachment":[{"href":"https:\/\/elfederalmendoza.com.ar\/index.php\/wp-json\/wp\/v2\/media?parent=22871"}],"wp:term":[{"taxonomy":"category","embeddable":true,"href":"https:\/\/elfederalmendoza.com.ar\/index.php\/wp-json\/wp\/v2\/categories?post=22871"},{"taxonomy":"post_tag","embeddable":true,"href":"https:\/\/elfederalmendoza.com.ar\/index.php\/wp-json\/wp\/v2\/tags?post=22871"}],"curies":[{"name":"wp","href":"https:\/\/api.w.org\/{rel}","templated":true}]}}