{"id":22877,"date":"2023-05-18T10:48:45","date_gmt":"2023-05-18T13:48:45","guid":{"rendered":"https:\/\/elfederalmendoza.com\/?p=22877"},"modified":"2023-05-18T10:48:46","modified_gmt":"2023-05-18T13:48:46","slug":"fotos-el-velorio-de-alejandro-bermejo-que-convoco-a-una-masiva-concurrencia-en-el-ultimo-adios-al-senador-del-pj","status":"publish","type":"post","link":"https:\/\/elfederalmendoza.com.ar\/index.php\/2023\/05\/18\/fotos-el-velorio-de-alejandro-bermejo-que-convoco-a-una-masiva-concurrencia-en-el-ultimo-adios-al-senador-del-pj\/","title":{"rendered":"-FOTOS- El velorio de Alejandro Bermejo que convoc\u00f3 a una masiva concurrencia en el \u00faltimo adi\u00f3s al senador del PJ"},"content":{"rendered":"\n<p>El velorio de\u00a0<strong>Alejandro Bermejo<\/strong>, quien muri\u00f3 este mi\u00e9rcoles\u00a0poco despu\u00e9s del mediod\u00eda, se convirti\u00f3 en un aut\u00e9ntica muestra de sentimiento popular. <\/p>\n\n\n\n<figure class=\"wp-block-image size-full is-resized\"><img loading=\"lazy\" decoding=\"async\" src=\"https:\/\/elfederalmendoza.com\/wp-content\/uploads\/2023\/05\/velorio3.jpg\" alt=\"\" class=\"wp-image-22880\" width=\"837\" height=\"514\" srcset=\"https:\/\/elfederalmendoza.com.ar\/wp-content\/uploads\/2023\/05\/velorio3.jpg 741w, https:\/\/elfederalmendoza.com.ar\/wp-content\/uploads\/2023\/05\/velorio3-300x184.jpg 300w\" sizes=\"auto, (max-width: 837px) 100vw, 837px\" \/><\/figure>\n\n\n\n<p>Cientos de vecinos de Maip\u00fa y mucha gente que lleg\u00f3 desde otros puntos se acercaron para darle el \u00faltimo adi\u00f3s al Pulga, en medio de una gran congoja. Tambi\u00e9n confluyeron dirigentes de todos los espacios pol\u00edticos y todo transcurri\u00f3 en un marco de absoluto respeto, muy lejos de la grieta.<\/p>\n\n\n\n<figure class=\"wp-block-image size-full is-resized\"><img loading=\"lazy\" decoding=\"async\" src=\"https:\/\/elfederalmendoza.com\/wp-content\/uploads\/2023\/05\/velorio4.jpg\" alt=\"\" class=\"wp-image-22881\" width=\"833\" height=\"512\" srcset=\"https:\/\/elfederalmendoza.com.ar\/wp-content\/uploads\/2023\/05\/velorio4.jpg 738w, https:\/\/elfederalmendoza.com.ar\/wp-content\/uploads\/2023\/05\/velorio4-300x185.jpg 300w\" sizes=\"auto, (max-width: 833px) 100vw, 833px\" \/><\/figure>\n\n\n\n<p>El servicio funerario comenz\u00f3 alrededor de las 17.30 con la intenci\u00f3n de finaliz\u00f3 antes de las 19 para luego llevar el cuerpo del maipucino a un crematorio de Luj\u00e1n.<\/p>\n\n\n\n<figure class=\"wp-block-image\"><img decoding=\"async\" src=\"https:\/\/media.diariouno.com.ar\/p\/e2a7e2dd57ba34dfcd03691483f07c40\/adjuntos\/298\/imagenes\/009\/158\/0009158725\/1200x0\/smart\/velorio-alejandro-bermejo-1jpg.jpg\" alt=\"El ata&uacute;d con el cuerpo de Alejandro Daniel Bermejo.\"\/><figcaption class=\"wp-element-caption\">El ata\u00fad con el cuerpo de Alejandro Daniel Bermejo<\/figcaption><\/figure>\n\n\n\n<p>La sala velatoria, ubicada en la calle Ozamis Sur se llen\u00f3 de gente en pocos minutos mientras llegaban personalidades como el gobernador<strong>\u00a0Rodolfo Suarez\u00a0<\/strong>y el vicegobernador\u00a0<strong>Mario Abed.<\/strong><\/p>\n\n\n\n<figure class=\"wp-block-image\"><img decoding=\"async\" src=\"https:\/\/media.diariouno.com.ar\/p\/029401cbaf5644eb4cf6e1ef70cf3a36\/adjuntos\/298\/imagenes\/009\/158\/0009158647\/1200x0\/smart\/alejandro-bermejo-anabel-fernandez-sagastijpg.jpg\" alt=\"Muy triste llega Anabel Fern\u00e1ndez Sagasti.\"\/><\/figure>\n\n\n\n<p>Muy triste llega Anabel Fern\u00e1ndez Sagasti.<\/p>\n\n\n\n<h2 class=\"wp-block-heading\">Presencia pol\u00edtica de todos los partidos y una corona de M\u00e1ximo Kirchner<\/h2>\n\n\n\n<figure class=\"wp-block-image\"><img decoding=\"async\" src=\"https:\/\/media.diariouno.com.ar\/p\/30c7dc80881fdb2a3428f888ed9d905f\/adjuntos\/298\/imagenes\/009\/158\/0009158726\/1200x0\/smart\/velorio-alejandro-bermejojpg.jpg\" alt=\"M&aacute;ximo Kirchner envi&oacute; una corona.\"\/><\/figure>\n\n\n\n<p>M\u00e1ximo Kirchner envi\u00f3 una corona.<\/p>\n\n\n\n<p>Del Partido Justicialista no falt\u00f3 pr\u00e1cticamente nadie. As\u00ed es como se vio a<strong>&nbsp;Anabel Fern\u00e1ndez Sagasti, Marisa Uceda, Lucas Ilardo, Omar Parisi y Rub\u00e9n Miranda,&nbsp;<\/strong>entre otros. Desde San Rafael viajaron el intendente&nbsp;<strong>Emir F\u00e9lix&nbsp;<\/strong>y su hermano, el diputado provincial y precandidato a intendente&nbsp;<strong>Omar F\u00e9lix<\/strong>. Por supuesto estuvo tambi\u00e9n, muy compungido, el intendente Mat\u00cdas Stevanato. Fue, adem\u00e1s, el ex jefe comunal&nbsp;<strong>Francisco Chiqui Garc\u00eda.<\/strong><\/p>\n\n\n\n<p>Sorprendi\u00f3 ver entre las coronas una enviada por el diputado nacional&nbsp;<strong>M\u00e1ximo Kirchner y<\/strong>&nbsp;otra de la&nbsp;<strong>C\u00e1mara de Diputados de la Naci\u00f3n<\/strong><\/p>\n\n\n\n<p>Tambi\u00e9n llegaron el l\u00edder de La Uni\u00f3n Mendocina,&nbsp;<strong>Omar De Marchi&nbsp;<\/strong>y el vicerrector de la UNCuyo,&nbsp;<strong>Gabriel Fidel.&nbsp;<\/strong>Poco antes del final se hizo presente el senador nacional y precandidato a gobernador por Cambia Mendoza,&nbsp;<strong>Alfredo Cornejo.<\/strong>&nbsp;Tambi\u00e9n lo hicieron el presidente de la UCR Mendoza,<strong>&nbsp;Tadeo Garc\u00eda Zalazar,&nbsp;<\/strong>acompa\u00f1ado por&nbsp;<strong>Diego Costarelli,&nbsp;<\/strong>precandidato radical a la intendencia de Godoy Cruz y el funcionario de Seguridad,<strong>&nbsp;N\u00e9stor Majul.<\/strong><\/p>\n\n\n\n<p>La intenci\u00f3n de la familia, en principio, era no hacer el velorio. Sin embargo, quien insisti\u00f3 para que se realizara fue el hermano de Alejandro, Adolfo Bermejo, frente a la intenci\u00f3n de centenares de personas que quer\u00edan despedir al legislador provincial.<\/p>\n\n\n\n<figure class=\"wp-block-image\"><img decoding=\"async\" src=\"https:\/\/media.diariouno.com.ar\/p\/e2f7e1314540f11b02795d0f0dbbd851\/adjuntos\/298\/imagenes\/009\/158\/0009158675\/1200x0\/smart\/coronas-el-velorio-alejandro-bermejojpg.jpg\" alt=\"Conmovedor. El coche que llev\u00f3 el cuerpo de Alejandro Bermejo fue repleto de coronas.\"\/><\/figure>\n\n\n\n<p>Conmovedor. El coche que llev\u00f3 el cuerpo de Alejandro Bermejo fue repleto de coronas.<\/p>\n\n\n\n<p>Antes de las 19 comenz\u00f3 la despedida y fue asombrosa la cantidad de coronas con que cargaron el coche f\u00fanebre.<\/p>\n","protected":false},"excerpt":{"rendered":"<p>El velorio de\u00a0Alejandro Bermejo, quien muri\u00f3 este mi\u00e9rcoles\u00a0poco despu\u00e9s del mediod\u00eda, se convirti\u00f3 en un aut\u00e9ntica muestra de sentimiento popular. Cientos de vecinos de Maip\u00fa y mucha gente que lleg\u00f3 desde otros puntos se acercaron para darle el \u00faltimo adi\u00f3s al Pulga, en medio de una gran congoja. Tambi\u00e9n confluyeron dirigentes de todos los espacios<a class=\"read-more\" href=\"https:\/\/elfederalmendoza.com.ar\/index.php\/2023\/05\/18\/fotos-el-velorio-de-alejandro-bermejo-que-convoco-a-una-masiva-concurrencia-en-el-ultimo-adios-al-senador-del-pj\/\"> [&hellip;]<\/a><\/p>\n","protected":false},"author":2,"featured_media":22879,"comment_status":"open","ping_status":"open","sticky":false,"template":"","format":"standard","meta":{"footnotes":""},"categories":[1],"tags":[],"class_list":["post-22877","post","type-post","status-publish","format-standard","has-post-thumbnail","hentry","category-mza"],"rttpg_featured_image_url":{"full":["https:\/\/elfederalmendoza.com.ar\/wp-content\/uploads\/2023\/05\/velorio2.jpg",894,526,false],"landscape":["https:\/\/elfederalmendoza.com.ar\/wp-content\/uploads\/2023\/05\/velorio2.jpg",894,526,false],"portraits":["https:\/\/elfederalmendoza.com.ar\/wp-content\/uploads\/2023\/05\/velorio2.jpg",894,526,false],"thumbnail":["https:\/\/elfederalmendoza.com.ar\/wp-content\/uploads\/2023\/05\/velorio2-150x150.jpg",150,150,true],"medium":["https:\/\/elfederalmendoza.com.ar\/wp-content\/uploads\/2023\/05\/velorio2-300x177.jpg",300,177,true],"large":["https:\/\/elfederalmendoza.com.ar\/wp-content\/uploads\/2023\/05\/velorio2.jpg",640,377,false],"1536x1536":["https:\/\/elfederalmendoza.com.ar\/wp-content\/uploads\/2023\/05\/velorio2.jpg",894,526,false],"2048x2048":["https:\/\/elfederalmendoza.com.ar\/wp-content\/uploads\/2023\/05\/velorio2.jpg",894,526,false],"ultp_layout_landscape_large":["https:\/\/elfederalmendoza.com.ar\/wp-content\/uploads\/2023\/05\/velorio2.jpg",894,526,false],"ultp_layout_landscape":["https:\/\/elfederalmendoza.com.ar\/wp-content\/uploads\/2023\/05\/velorio2-870x526.jpg",870,526,true],"ultp_layout_portrait":["https:\/\/elfederalmendoza.com.ar\/wp-content\/uploads\/2023\/05\/velorio2-600x526.jpg",600,526,true],"ultp_layout_square":["https:\/\/elfederalmendoza.com.ar\/wp-content\/uploads\/2023\/05\/velorio2-600x526.jpg",600,526,true],"rpwe-thumbnail":["https:\/\/elfederalmendoza.com.ar\/wp-content\/uploads\/2023\/05\/velorio2-45x45.jpg",45,45,true],"advps-thumb-one":["https:\/\/elfederalmendoza.com.ar\/wp-content\/uploads\/2023\/05\/velorio2-894x420.jpg",894,420,true]},"rttpg_author":{"display_name":"Redacci\u00f3n El Federal","author_link":"https:\/\/elfederalmendoza.com.ar\/index.php\/author\/angelflores\/"},"rttpg_comment":0,"rttpg_category":"<a href=\"https:\/\/elfederalmendoza.com.ar\/index.php\/category\/mza\/\" rel=\"category tag\">Mendoza<\/a>","rttpg_excerpt":"El velorio de\u00a0Alejandro Bermejo, quien muri\u00f3 este mi\u00e9rcoles\u00a0poco despu\u00e9s del mediod\u00eda, se convirti\u00f3 en un aut\u00e9ntica muestra de sentimiento popular. Cientos de vecinos de Maip\u00fa y mucha gente que lleg\u00f3 desde otros puntos se acercaron para darle el \u00faltimo adi\u00f3s al Pulga, en medio de una gran congoja. Tambi\u00e9n confluyeron dirigentes de todos los espacios&hellip;","_links":{"self":[{"href":"https:\/\/elfederalmendoza.com.ar\/index.php\/wp-json\/wp\/v2\/posts\/22877","targetHints":{"allow":["GET"]}}],"collection":[{"href":"https:\/\/elfederalmendoza.com.ar\/index.php\/wp-json\/wp\/v2\/posts"}],"about":[{"href":"https:\/\/elfederalmendoza.com.ar\/index.php\/wp-json\/wp\/v2\/types\/post"}],"author":[{"embeddable":true,"href":"https:\/\/elfederalmendoza.com.ar\/index.php\/wp-json\/wp\/v2\/users\/2"}],"replies":[{"embeddable":true,"href":"https:\/\/elfederalmendoza.com.ar\/index.php\/wp-json\/wp\/v2\/comments?post=22877"}],"version-history":[{"count":1,"href":"https:\/\/elfederalmendoza.com.ar\/index.php\/wp-json\/wp\/v2\/posts\/22877\/revisions"}],"predecessor-version":[{"id":22882,"href":"https:\/\/elfederalmendoza.com.ar\/index.php\/wp-json\/wp\/v2\/posts\/22877\/revisions\/22882"}],"wp:featuredmedia":[{"embeddable":true,"href":"https:\/\/elfederalmendoza.com.ar\/index.php\/wp-json\/wp\/v2\/media\/22879"}],"wp:attachment":[{"href":"https:\/\/elfederalmendoza.com.ar\/index.php\/wp-json\/wp\/v2\/media?parent=22877"}],"wp:term":[{"taxonomy":"category","embeddable":true,"href":"https:\/\/elfederalmendoza.com.ar\/index.php\/wp-json\/wp\/v2\/categories?post=22877"},{"taxonomy":"post_tag","embeddable":true,"href":"https:\/\/elfederalmendoza.com.ar\/index.php\/wp-json\/wp\/v2\/tags?post=22877"}],"curies":[{"name":"wp","href":"https:\/\/api.w.org\/{rel}","templated":true}]}}