{"id":22891,"date":"2023-05-18T11:54:27","date_gmt":"2023-05-18T14:54:27","guid":{"rendered":"https:\/\/elfederalmendoza.com\/?p=22891"},"modified":"2023-05-18T11:58:07","modified_gmt":"2023-05-18T14:58:07","slug":"perdono-a-los-que-mataron-a-su-marido-durante-un-robo-en-guaymallen-pero-pidio-que-sigan-presos","status":"publish","type":"post","link":"https:\/\/elfederalmendoza.com.ar\/index.php\/2023\/05\/18\/perdono-a-los-que-mataron-a-su-marido-durante-un-robo-en-guaymallen-pero-pidio-que-sigan-presos\/","title":{"rendered":"Perdon\u00f3 a los que mataron a su hijo durante un robo en Guaymall\u00e9n, pero pidi\u00f3 que sigan presos"},"content":{"rendered":"\n<p>Los cinco acusados por el asesinato durante un asalto del comerciante<strong>&nbsp;Norberto Mart\u00edn Salzmann&nbsp;<\/strong>(51), ocurrido a mediados de febrero en&nbsp;<strong>Guaymall\u00e9n<\/strong>, escucharon la tarde de este mi\u00e9rcoles las pruebas en su contra durante una audiencia que se desarroll\u00f3 en la Sala 15 del&nbsp;<strong>Polo Judicial Penal<\/strong>.<\/p>\n\n\n\n<p>La fiscal de Homicidios\u00a0<strong>Claudia R\u00edos<\/strong>, quien lidera la instrucci\u00f3n, solicit\u00f3 la prisi\u00f3n preventiva de\u00a0<strong>Brian Exequiel Garro<\/strong>\u00a0(27),\u00a0<strong>Jorge Daniel Romero<\/strong>\u00a0(27), conocido como\u00a0<em>Zurdo<\/em>;\u00a0<strong>Ariel Iv\u00e1n Colo Quar\u00f1olo<\/strong>\u00a0(28),\u00a0<strong>Sebasti\u00e1n Marcos Palacio Masmutti<\/strong>\u00a0(28), alias\u00a0<em>Polo<\/em>, y\u00a0<strong>Mart\u00edn Carlos Falc\u00f3n<\/strong>\u00a0(35).<\/p>\n\n\n\n<p>En el recinto estuvieron presentes la pareja y los padres de Salzmann, quienes presenciaron el video de las c\u00e1maras de seguridad, que captaron el accionar de los delincuentes y el momento en que la v\u00edctima fue ultimada de un disparo en el pecho.<\/p>\n\n\n\n<p>Hacia el final de la audiencia, la madre de Salzmann pidi\u00f3 la palabra, se dirigi\u00f3 a los cinco sospechosos y sorprendi\u00f3 a todas las partes. La mujer le dijo a los imputados que los perdonaba, pero pidi\u00f3 que sigan tras las rejas:\u00a0<em>\u201cNo comprendo c\u00f3mo piden la libertad despu\u00e9s de lo que le hicieron a mi hijo, a los abogados, si tienen hijos, deber\u00edan entender\u201d<\/em>, expres\u00f3.<\/p>\n\n\n\n<p>Pasadas las 14, la representante del Ministerio P\u00fablico comenz\u00f3 a exponer su teor\u00eda del caso, acompa\u00f1ando sus argumentos con el material probatorio reunido a lo largo de estos tres meses.<\/p>\n\n\n\n<p>B\u00e1sicamente, la hip\u00f3tesis que armaron los detectives sostiene que la banda de asaltantes que irrumpi\u00f3 el 16 de febrero en el lubricentro de Salzmann y que luego consigui\u00f3 acceder a su domicilio colindante, lleg\u00f3 hasta ese lugar&nbsp;<mark>con el dato de que la v\u00edctima hab\u00eda comprado en los d\u00edas previos una importante cantidad de d\u00f3lares para irse de vacaciones a Brasil junto a su familia<\/mark>.<\/p>\n\n\n\n<p>De la pesquisa surge que la informaci\u00f3n sobre el dinero que guardaba el comerciante dentro de una caja fuerte en su vivienda,&nbsp;<mark>fue aportada a la gavilla por un empleado de confianza de Salzmann, que llevaba varios a\u00f1os trabajando en su negocio de calle Mitre: el&nbsp;<em>Colo&nbsp;<\/em>Quar\u00f1olo<\/mark>.<\/p>\n\n\n\n<p>Las averiguaciones y el cruzamiento de datos practicados por los sabuesos de Homicidios apuntaron desde un principio contra el trabajador del lubricentro, pero para demostrar su participaci\u00f3n en el golpe debieron moverse con sigilo, ya que exist\u00eda un trasfondo vinculado al ambiente narco y el consumo de estupefacientes.<\/p>\n\n\n\n<p>Fuentes allegadas a la causa se\u00f1alaron que&nbsp;<mark>Quar\u00f1olo ten\u00eda un problema de adicci\u00f3n a las drogas, que lo condujo a acumular una abultada deuda con vendedores de sustancias ilegales<\/mark>. Con la intenci\u00f3n de saldar ese pasivo, le aport\u00f3 informaci\u00f3n detallada sobre el dinero que ten\u00eda ahorrado Salzmann y c\u00f3mo deb\u00edan moverse en el interior de comercio y tambi\u00e9n en la casa de la v\u00edctima.<\/p>\n\n\n\n<p>Pero el empleado no tuvo en cuenta las c\u00e1maras de seguridad de ambas propiedades, las cuales terminaron por comprometer a los asaltantes y, por ende, a \u00e9l mismo.&nbsp;<mark>Gracias a las im\u00e1genes captadas por los aparatos, los detectives pudieron encaminar la investigaci\u00f3n e identificar a cada uno de los miembros de la gavilla<\/mark>.<\/p>\n\n\n\n<p>Las filmaciones fueron una de las pruebas decisivas que la fiscal R\u00edos exhibi\u00f3 durante la audiencia de prisi\u00f3n preventiva. As\u00ed, por primera vez, los acusados se vieron a ellos mismos durante el asalto que termin\u00f3 con la vida Salzmann.<\/p>\n\n\n\n<p>Otro elemento determinante para la instrucci\u00f3n fue<mark>\u00a0la declaraci\u00f3n de Brian Garro, quien se transform\u00f3 en una suerte de arrepentido, colabor\u00f3 con la investigaci\u00f3n, con la intenci\u00f3n de obtener alg\u00fan beneficio a futuro<\/mark>, y aport\u00f3 datos sobre otros dos imputados, que por ese entonces no estaban identificados: el\u00a0<em>Zurdo\u00a0<\/em>Romero y\u00a0<em>Polo\u00a0<\/em>Palacios.<\/p>\n\n\n\n<p>A eso se le suman las llamadas con informaci\u00f3n que ingresaron a partir del mill\u00f3n de pesos que ofreci\u00f3 como recompensa el Ministerio de Seguridad, an\u00e1lisis de celulares y escuchas, entre otras pruebas.<\/p>\n\n\n\n<p>La jueza&nbsp;<strong>Mirna Montaldi<\/strong>, del<strong>&nbsp;Juzgado Penal Colegiado N\u00ba 2<\/strong>, escuch\u00f3 los argumentos presentados por R\u00edos, as\u00ed como tambi\u00e9n por la querella, a cargo de Claudia V\u00e9lez, y las respectivas defensas -que pidieron la libertad de sus clientes o, en subsidio, la domiciliaria-, para luego pasar a un cuarto intermedio. As\u00ed las cosas, en los pr\u00f3ximos d\u00edas se deber\u00e1 fijar una nueva audiencia para que la magistrada dicte la resoluci\u00f3n.<\/p>\n\n\n\n<h2 class=\"wp-block-heading\" id=\"h-el-crimen\">El crimen<\/h2>\n\n\n\n<p>El asesinato de Salzmann se produjo en plena siesta del jueves 16 de febrero. Ese d\u00eda, cuatro malvivientes irrumpieron en el local<strong>&nbsp;Penta Repuestos<\/strong>, propiedad de la v\u00edctima, ubicado junto a su casa de calle Mitre, casi Mathus Hoyos, en el distrito de<strong>&nbsp;Pedro Molina<\/strong>.<\/p>\n\n\n\n<p>Los autores utilizaron una barreta para abrir la puerta que separaba el local comercial y la vivienda. As\u00ed, abordaron primero a una hija de Salzmann, quien se estaba ba\u00f1ando mientras todo suced\u00eda.<\/p>\n\n\n\n<p>El due\u00f1o del lubricentro se encontr\u00f3 con esa situaci\u00f3n y los maleantes le exigieron que les facilitara la combinaci\u00f3n de la caja fuerte. Ante la resistencia de la v\u00edctima,\u00a0<mark>uno de los asaltantes le dio un fierrazo en la cabeza y, seguidamente, otro le propin\u00f3 un disparo en el pecho<\/mark>.<\/p>\n\n\n\n<p>As\u00ed, los ladrones consiguieron hacerse con el bot\u00edn que buscaban y escaparon a bordo de una camioneta&nbsp;<strong>Chevrolet S10<\/strong>, que hab\u00eda sido robada un d\u00eda antes (por esa causa est\u00e1n imputados Garro y Falc\u00f3n). Luego, el rodado fue hallado totalmente incinerado en un terreno bald\u00edo cercano al&nbsp;<strong>barrio Capilla de Nieve<\/strong>.<\/p>\n\n\n\n<p>Mientras todo eso ocurr\u00eda, efectivos policiales y m\u00e9dicos del\u00a0<strong>Servicio de Emergencias Coordinadas<\/strong>\u00a0(<strong>SEC<\/strong>) llegaron a la escena, donde\u00a0<mark>constataron que el comerciante falleci\u00f3 a ra\u00edz del balazo que recibi\u00f3 en el pecho<\/mark>.<\/p>\n\n\n\n<p><em>Fuente: El Sol<\/em><\/p>\n","protected":false},"excerpt":{"rendered":"<p>Los cinco acusados por el asesinato durante un asalto del comerciante&nbsp;Norberto Mart\u00edn Salzmann&nbsp;(51), ocurrido a mediados de febrero en&nbsp;Guaymall\u00e9n, escucharon la tarde de este mi\u00e9rcoles las pruebas en su contra durante una audiencia que se desarroll\u00f3 en la Sala 15 del&nbsp;Polo Judicial Penal. La fiscal de Homicidios\u00a0Claudia R\u00edos, quien lidera la instrucci\u00f3n, solicit\u00f3 la prisi\u00f3n<a class=\"read-more\" href=\"https:\/\/elfederalmendoza.com.ar\/index.php\/2023\/05\/18\/perdono-a-los-que-mataron-a-su-marido-durante-un-robo-en-guaymallen-pero-pidio-que-sigan-presos\/\"> [&hellip;]<\/a><\/p>\n","protected":false},"author":2,"featured_media":22893,"comment_status":"open","ping_status":"open","sticky":false,"template":"","format":"standard","meta":{"footnotes":""},"categories":[1],"tags":[],"class_list":["post-22891","post","type-post","status-publish","format-standard","has-post-thumbnail","hentry","category-mza"],"rttpg_featured_image_url":{"full":["https:\/\/elfederalmendoza.com.ar\/wp-content\/uploads\/2023\/05\/IMG_8547-scaled-1.webp",1200,825,false],"landscape":["https:\/\/elfederalmendoza.com.ar\/wp-content\/uploads\/2023\/05\/IMG_8547-scaled-1.webp",1200,825,false],"portraits":["https:\/\/elfederalmendoza.com.ar\/wp-content\/uploads\/2023\/05\/IMG_8547-scaled-1.webp",1200,825,false],"thumbnail":["https:\/\/elfederalmendoza.com.ar\/wp-content\/uploads\/2023\/05\/IMG_8547-scaled-1-150x150.webp",150,150,true],"medium":["https:\/\/elfederalmendoza.com.ar\/wp-content\/uploads\/2023\/05\/IMG_8547-scaled-1-300x206.webp",300,206,true],"large":["https:\/\/elfederalmendoza.com.ar\/wp-content\/uploads\/2023\/05\/IMG_8547-scaled-1-1024x704.webp",640,440,true],"1536x1536":["https:\/\/elfederalmendoza.com.ar\/wp-content\/uploads\/2023\/05\/IMG_8547-scaled-1.webp",1200,825,false],"2048x2048":["https:\/\/elfederalmendoza.com.ar\/wp-content\/uploads\/2023\/05\/IMG_8547-scaled-1.webp",1200,825,false],"ultp_layout_landscape_large":["https:\/\/elfederalmendoza.com.ar\/wp-content\/uploads\/2023\/05\/IMG_8547-scaled-1-1200x800.webp",1200,800,true],"ultp_layout_landscape":["https:\/\/elfederalmendoza.com.ar\/wp-content\/uploads\/2023\/05\/IMG_8547-scaled-1-870x570.webp",870,570,true],"ultp_layout_portrait":["https:\/\/elfederalmendoza.com.ar\/wp-content\/uploads\/2023\/05\/IMG_8547-scaled-1-600x825.webp",600,825,true],"ultp_layout_square":["https:\/\/elfederalmendoza.com.ar\/wp-content\/uploads\/2023\/05\/IMG_8547-scaled-1-600x600.webp",600,600,true],"rpwe-thumbnail":["https:\/\/elfederalmendoza.com.ar\/wp-content\/uploads\/2023\/05\/IMG_8547-scaled-1-45x45.webp",45,45,true],"advps-thumb-one":["https:\/\/elfederalmendoza.com.ar\/wp-content\/uploads\/2023\/05\/IMG_8547-scaled-1-1200x420.webp",1200,420,true]},"rttpg_author":{"display_name":"Redacci\u00f3n El Federal","author_link":"https:\/\/elfederalmendoza.com.ar\/index.php\/author\/angelflores\/"},"rttpg_comment":0,"rttpg_category":"<a href=\"https:\/\/elfederalmendoza.com.ar\/index.php\/category\/mza\/\" rel=\"category tag\">Mendoza<\/a>","rttpg_excerpt":"Los cinco acusados por el asesinato durante un asalto del comerciante&nbsp;Norberto Mart\u00edn Salzmann&nbsp;(51), ocurrido a mediados de febrero en&nbsp;Guaymall\u00e9n, escucharon la tarde de este mi\u00e9rcoles las pruebas en su contra durante una audiencia que se desarroll\u00f3 en la Sala 15 del&nbsp;Polo Judicial Penal. La fiscal de Homicidios\u00a0Claudia R\u00edos, quien lidera la instrucci\u00f3n, solicit\u00f3 la prisi\u00f3n&hellip;","_links":{"self":[{"href":"https:\/\/elfederalmendoza.com.ar\/index.php\/wp-json\/wp\/v2\/posts\/22891","targetHints":{"allow":["GET"]}}],"collection":[{"href":"https:\/\/elfederalmendoza.com.ar\/index.php\/wp-json\/wp\/v2\/posts"}],"about":[{"href":"https:\/\/elfederalmendoza.com.ar\/index.php\/wp-json\/wp\/v2\/types\/post"}],"author":[{"embeddable":true,"href":"https:\/\/elfederalmendoza.com.ar\/index.php\/wp-json\/wp\/v2\/users\/2"}],"replies":[{"embeddable":true,"href":"https:\/\/elfederalmendoza.com.ar\/index.php\/wp-json\/wp\/v2\/comments?post=22891"}],"version-history":[{"count":2,"href":"https:\/\/elfederalmendoza.com.ar\/index.php\/wp-json\/wp\/v2\/posts\/22891\/revisions"}],"predecessor-version":[{"id":22897,"href":"https:\/\/elfederalmendoza.com.ar\/index.php\/wp-json\/wp\/v2\/posts\/22891\/revisions\/22897"}],"wp:featuredmedia":[{"embeddable":true,"href":"https:\/\/elfederalmendoza.com.ar\/index.php\/wp-json\/wp\/v2\/media\/22893"}],"wp:attachment":[{"href":"https:\/\/elfederalmendoza.com.ar\/index.php\/wp-json\/wp\/v2\/media?parent=22891"}],"wp:term":[{"taxonomy":"category","embeddable":true,"href":"https:\/\/elfederalmendoza.com.ar\/index.php\/wp-json\/wp\/v2\/categories?post=22891"},{"taxonomy":"post_tag","embeddable":true,"href":"https:\/\/elfederalmendoza.com.ar\/index.php\/wp-json\/wp\/v2\/tags?post=22891"}],"curies":[{"name":"wp","href":"https:\/\/api.w.org\/{rel}","templated":true}]}}