{"id":22898,"date":"2023-05-18T00:18:00","date_gmt":"2023-05-18T03:18:00","guid":{"rendered":"https:\/\/elfederalmendoza.com\/?p=22898"},"modified":"2023-05-18T12:53:31","modified_gmt":"2023-05-18T15:53:31","slug":"alberto-fernandez-le-respondio-a-cristina-me-voy-con-la-tranquilidad-de-que-ningun-amigo-mio-hizo-negocios","status":"publish","type":"post","link":"https:\/\/elfederalmendoza.com.ar\/index.php\/2023\/05\/18\/alberto-fernandez-le-respondio-a-cristina-me-voy-con-la-tranquilidad-de-que-ningun-amigo-mio-hizo-negocios\/","title":{"rendered":"Alberto Fern\u00e1ndez le respondi\u00f3 a Cristina: \u201cMe voy con la tranquilidad de que ning\u00fan amigo m\u00edo hizo negocios\u201d"},"content":{"rendered":"\n<p>El Frente de Todos est\u00e1 en un fuerte panorama de crisis desde hace meses, con peleas internas que complican la gesti\u00f3n y la definici\u00f3n de candidaturas para las elecciones de octubre.<br><strong>En este marco, Alberto Fern\u00e1ndez pidi\u00f3 a sus compa\u00f1eros dejar de lado las peleas internas.<\/strong><br>\u201cLa discusi\u00f3n del presente es una discusi\u00f3n de la econom\u00eda, pero es tambi\u00e9n una discusi\u00f3n del modelo de pa\u00eds que queremos construir. Es un modelo de pa\u00eds m\u00e1s justo el que queremos nosotros, es un pa\u00eds para pocos el que proponen ellos, es un pa\u00eds que se incluye en el mundo el que queremos nosotros, es un pa\u00eds s\u00fabdito de los poderosos el que ellos proponen. No nos equivoquemos. Y dejemos de discutir entre nosotros, porque el problema no est\u00e1 entre nosotros, est\u00e1 con nosotros\u201d, expres\u00f3 el presidente.<\/p>\n\n\n\n<p>El mandatario comparti\u00f3 este mensaje luego de que la vicepresidenta cristina Kirchner compartiera una carta p\u00fablica en la que ratifica que no ser\u00e1 candidata para las pr\u00f3ximas elecciones.<\/p>\n\n\n\n<p><strong>\u201cYo estoy fuera de la contienda electoral\u201d, volvi\u00f3 a decir Fern\u00e1ndez.<\/strong><br>Durante su discurso, Alberto apunt\u00f3 contra candidatos de la oposici\u00f3n sin animarse a nombrarlos.<\/p>\n\n\n\n<p>\u201cLos que dicen ser antisistema, son los que m\u00e1s defienden el sistema. Esos que dicen que hay que tirar el Banco Central por la borda, que hay que dolarizar la econom\u00eda, que hay que privatizar las calles de las ciudades, que hay que terminar con la escuela p\u00fablica porque es un sistema de adoctrinamiento, esos son los que m\u00e1s defienden el sistema injusto que existe en el mundo actual. No se equivoquen. Y los que nos dicen a nosotros c\u00f3mo arreglar el problema del d\u00e9ficit, c\u00f3mo arreglar el problema de deuda, son los mismos que lo crearon y que adem\u00e1s hicieron sus negocios con sus primos y sus amigos\u201d, expres\u00f3.<br><strong>\u201cYo me voy con la tranquilidad de que ning\u00fan amigo m\u00edo hizo negocios, ning\u00fan hermano m\u00edo se volvi\u00f3 billonario porque yo fui presidente y me voy con lo mismo que llegu\u00e9. No se equivoquen, por favor\u201d<\/strong>, agreg\u00f3.<\/p>\n\n\n\n<p>Inauguran la exposici\u00f3n Conecta del Banco de la Naci\u00f3n Argentina<\/p>\n\n\n\n<p>El Jefe de Estado realiz\u00f3 estas declaraciones en la inauguraci\u00f3n de la exposici\u00f3n BNA Conecta, que busca promover el crecimiento y desarrollo de las empresas en todo el pa\u00eds.<\/p>\n\n\n\n<p>Durante la presentaci\u00f3n anunci\u00f3 50 mil millones de pesos de la l\u00ednea de Cr\u00e9dito Argentino (CreAr) para inversiones PyME.<\/p>\n\n\n\n<p>\u201cTenemos que defender mucho a la banca p\u00fablica porque cada dos por tres vienen a proponernos, como plan de soluci\u00f3n, privatizarla, pero ella es central para el desarrollo del pa\u00eds porque muchos no pueden acceder a un cr\u00e9dito en un banco privado para producir y crecer\u201d, afirm\u00f3 fern\u00e1ndez acompa\u00f1ado por Agust\u00edn Rossi, el jefe de Gabinete, y Carlos Caserio, el vicepresidente del Banco Naci\u00f3n.<\/p>\n","protected":false},"excerpt":{"rendered":"<p>El Frente de Todos est\u00e1 en un fuerte panorama de crisis desde hace meses, con peleas internas que complican la gesti\u00f3n y la definici\u00f3n de candidaturas para las elecciones de octubre.En este marco, Alberto Fern\u00e1ndez pidi\u00f3 a sus compa\u00f1eros dejar de lado las peleas internas.\u201cLa discusi\u00f3n del presente es una discusi\u00f3n de la econom\u00eda, pero<a class=\"read-more\" href=\"https:\/\/elfederalmendoza.com.ar\/index.php\/2023\/05\/18\/alberto-fernandez-le-respondio-a-cristina-me-voy-con-la-tranquilidad-de-que-ningun-amigo-mio-hizo-negocios\/\"> [&hellip;]<\/a><\/p>\n","protected":false},"author":2,"featured_media":22900,"comment_status":"open","ping_status":"open","sticky":false,"template":"","format":"standard","meta":{"footnotes":""},"categories":[1],"tags":[],"class_list":["post-22898","post","type-post","status-publish","format-standard","has-post-thumbnail","hentry","category-mza"],"rttpg_featured_image_url":{"full":["https:\/\/elfederalmendoza.com.ar\/wp-content\/uploads\/2023\/05\/AlbertoFernandez-scaled-1-e1679347549427.webp",1200,800,false],"landscape":["https:\/\/elfederalmendoza.com.ar\/wp-content\/uploads\/2023\/05\/AlbertoFernandez-scaled-1-e1679347549427.webp",1200,800,false],"portraits":["https:\/\/elfederalmendoza.com.ar\/wp-content\/uploads\/2023\/05\/AlbertoFernandez-scaled-1-e1679347549427.webp",1200,800,false],"thumbnail":["https:\/\/elfederalmendoza.com.ar\/wp-content\/uploads\/2023\/05\/AlbertoFernandez-scaled-1-e1679347549427-150x150.webp",150,150,true],"medium":["https:\/\/elfederalmendoza.com.ar\/wp-content\/uploads\/2023\/05\/AlbertoFernandez-scaled-1-e1679347549427-300x200.webp",300,200,true],"large":["https:\/\/elfederalmendoza.com.ar\/wp-content\/uploads\/2023\/05\/AlbertoFernandez-scaled-1-e1679347549427-1024x683.webp",640,427,true],"1536x1536":["https:\/\/elfederalmendoza.com.ar\/wp-content\/uploads\/2023\/05\/AlbertoFernandez-scaled-1-e1679347549427.webp",1200,800,false],"2048x2048":["https:\/\/elfederalmendoza.com.ar\/wp-content\/uploads\/2023\/05\/AlbertoFernandez-scaled-1-e1679347549427.webp",1200,800,false],"ultp_layout_landscape_large":["https:\/\/elfederalmendoza.com.ar\/wp-content\/uploads\/2023\/05\/AlbertoFernandez-scaled-1-e1679347549427.webp",1200,800,false],"ultp_layout_landscape":["https:\/\/elfederalmendoza.com.ar\/wp-content\/uploads\/2023\/05\/AlbertoFernandez-scaled-1-e1679347549427-870x570.webp",870,570,true],"ultp_layout_portrait":["https:\/\/elfederalmendoza.com.ar\/wp-content\/uploads\/2023\/05\/AlbertoFernandez-scaled-1-e1679347549427-600x800.webp",600,800,true],"ultp_layout_square":["https:\/\/elfederalmendoza.com.ar\/wp-content\/uploads\/2023\/05\/AlbertoFernandez-scaled-1-e1679347549427-600x600.webp",600,600,true],"rpwe-thumbnail":["https:\/\/elfederalmendoza.com.ar\/wp-content\/uploads\/2023\/05\/AlbertoFernandez-scaled-1-e1679347549427-45x45.webp",45,45,true],"advps-thumb-one":["https:\/\/elfederalmendoza.com.ar\/wp-content\/uploads\/2023\/05\/AlbertoFernandez-scaled-1-e1679347549427-1200x420.webp",1200,420,true]},"rttpg_author":{"display_name":"Redacci\u00f3n El Federal","author_link":"https:\/\/elfederalmendoza.com.ar\/index.php\/author\/angelflores\/"},"rttpg_comment":0,"rttpg_category":"<a href=\"https:\/\/elfederalmendoza.com.ar\/index.php\/category\/mza\/\" rel=\"category tag\">Mendoza<\/a>","rttpg_excerpt":"El Frente de Todos est\u00e1 en un fuerte panorama de crisis desde hace meses, con peleas internas que complican la gesti\u00f3n y la definici\u00f3n de candidaturas para las elecciones de octubre.En este marco, Alberto Fern\u00e1ndez pidi\u00f3 a sus compa\u00f1eros dejar de lado las peleas internas.\u201cLa discusi\u00f3n del presente es una discusi\u00f3n de la econom\u00eda, pero&hellip;","_links":{"self":[{"href":"https:\/\/elfederalmendoza.com.ar\/index.php\/wp-json\/wp\/v2\/posts\/22898","targetHints":{"allow":["GET"]}}],"collection":[{"href":"https:\/\/elfederalmendoza.com.ar\/index.php\/wp-json\/wp\/v2\/posts"}],"about":[{"href":"https:\/\/elfederalmendoza.com.ar\/index.php\/wp-json\/wp\/v2\/types\/post"}],"author":[{"embeddable":true,"href":"https:\/\/elfederalmendoza.com.ar\/index.php\/wp-json\/wp\/v2\/users\/2"}],"replies":[{"embeddable":true,"href":"https:\/\/elfederalmendoza.com.ar\/index.php\/wp-json\/wp\/v2\/comments?post=22898"}],"version-history":[{"count":2,"href":"https:\/\/elfederalmendoza.com.ar\/index.php\/wp-json\/wp\/v2\/posts\/22898\/revisions"}],"predecessor-version":[{"id":22905,"href":"https:\/\/elfederalmendoza.com.ar\/index.php\/wp-json\/wp\/v2\/posts\/22898\/revisions\/22905"}],"wp:featuredmedia":[{"embeddable":true,"href":"https:\/\/elfederalmendoza.com.ar\/index.php\/wp-json\/wp\/v2\/media\/22900"}],"wp:attachment":[{"href":"https:\/\/elfederalmendoza.com.ar\/index.php\/wp-json\/wp\/v2\/media?parent=22898"}],"wp:term":[{"taxonomy":"category","embeddable":true,"href":"https:\/\/elfederalmendoza.com.ar\/index.php\/wp-json\/wp\/v2\/categories?post=22898"},{"taxonomy":"post_tag","embeddable":true,"href":"https:\/\/elfederalmendoza.com.ar\/index.php\/wp-json\/wp\/v2\/tags?post=22898"}],"curies":[{"name":"wp","href":"https:\/\/api.w.org\/{rel}","templated":true}]}}