{"id":22907,"date":"2023-05-18T05:50:00","date_gmt":"2023-05-18T08:50:00","guid":{"rendered":"https:\/\/elfederalmendoza.com\/?p=22907"},"modified":"2023-05-18T18:01:14","modified_gmt":"2023-05-18T21:01:14","slug":"fotografian-a-un-gato-andino-en-lujan-de-cuyo-un-animal-protegido-y-en-peligro-de-extincion","status":"publish","type":"post","link":"https:\/\/elfederalmendoza.com.ar\/index.php\/2023\/05\/18\/fotografian-a-un-gato-andino-en-lujan-de-cuyo-un-animal-protegido-y-en-peligro-de-extincion\/","title":{"rendered":"Fotograf\u00edan a un gato andino en Luj\u00e1n de Cuyo: Un animal protegido y en peligro de extinci\u00f3n"},"content":{"rendered":"\n<p>El departamento de Fauna Silvestre, de\u00a0<strong>Recursos Naturales<\/strong>\u00a0<strong>de la provincia<\/strong>,\u00a0inform\u00f3 que d\u00edas atr\u00e1s recibi\u00f3 la informaci\u00f3n por parte de personas que estaban en las inmediaciones del r\u00edo Mendoza, sobre un avistaje de\u00a0<strong>gato andino<\/strong>\u00a0en un lugar en el que no se sab\u00eda que habitaba.<\/p>\n\n\n\n<p>Uno de los privilegiados espectadores se encontraba haciendo trekking y el otro\u00a0era un pescador. Ambos, se manifestaron\u00a0muy interesados en dar a conocer su hallazgo, <strong>entendiendo que la especie silvestre se encuentra protegida.<\/strong><\/p>\n\n\n\n<p>\u00abGracias a sus registros fotogr\u00e1ficos y testimonios podemos confirmar un nuevo sitio de distribuci\u00f3n de la especie en la Provincia\u00bb, explic\u00f3 el director de Recursos Naturales,\u00a0<strong>Sebasti\u00e1n Melchor<\/strong>.\u00a0<\/p>\n\n\n\n<figure class=\"wp-block-image is-resized\"><img loading=\"lazy\" decoding=\"async\" src=\"https:\/\/www.mendozapost.com\/files\/image\/481\/481919\/64663810efc09_570_314!.jpg?s=1a384dd4990889682cf270f5e926fdb7&amp;d=1684420628\" alt=\"\" width=\"836\" height=\"461\"\/><figcaption class=\"wp-element-caption\">Foto gato andino en el R\u00edo Mendoza<\/figcaption><\/figure>\n\n\n\n<p>El animal fue observado semanas atr\u00e1s por una persona que se encontraba realizando trekking por una <strong>zona cercana al r\u00edo Mendoza<\/strong>, quien tuvo la posibilidad de tomar una foto, generando con ello un documento v\u00e1lido para constatar la especie.<\/p>\n\n\n\n<p>Asimismo d\u00edas atr\u00e1s, un pescador que se encontraba pasando el d\u00eda a la vera del r\u00edo, tambi\u00e9n tuvo la posibilidad de observar al animal movi\u00e9ndose entre las rocas, hasta acceder a la vera del r\u00edo para tomar agua.<\/p>\n\n\n\n<p>El\u00a0<strong>gato andino<\/strong>\u00a0(Leopardus jacobita) es un felino solitario de tama\u00f1o peque\u00f1o, tan s\u00f3lo un poco m\u00e1s grande que un gato dom\u00e9stico, que habita en ambientes \u00e1ridos, desde el centro de Per\u00fa hasta Mendoza y Neuqu\u00e9n en Argentina.\u00a0<\/p>\n\n\n\n<figure class=\"wp-block-image is-resized\"><img loading=\"lazy\" decoding=\"async\" src=\"https:\/\/www.mendozapost.com\/files\/image\/481\/481921\/646638aa11d42_570_325!.jpg?s=aa7199927a1830e2bff07c030a8b0b47&amp;d=1684420781\" alt=\"\" width=\"836\" height=\"477\"\/><\/figure>\n\n\n\n<p>Prefiere sitios aislados, caracterizados por la presencia de afloramientos rocosos donde habita su presa principal, el chinchill\u00f3n (Lagidium viscacia).<\/p>\n\n\n\n<p>Esta dependencia de los roquedales, que est\u00e1n naturalmente aislados en el paisaje, asociada al dif\u00edcil acceso y al car\u00e1cter huidizo natural de los peque\u00f1os felinos, ha hecho que sea una especie muy poco conocida a nivel mundial y se considera amenazada de extinci\u00f3n en toda su distribuci\u00f3n.<\/p>\n\n\n\n<p>En particular, la poblaci\u00f3n de gatos andinos de Mendoza y del norte de Neuqu\u00e9n aparece como gen\u00e9ticamente \u00fanica y es fundamental conservarla ya que puede proveer herramientas para la permanencia a largo plazo de la especie. Las principales amenazas para la conservaci\u00f3n de este<br>elusivo felino en la regi\u00f3n son la cacer\u00eda por parte de los pobladores, ya sea por represalia o provocada por perros sin control y el desarrollo de actividades de industrias extractivas que no incluyen a la especie en sus estudios de impacto ambiental.&nbsp;<\/p>\n\n\n\n<figure class=\"wp-block-image is-resized\"><img loading=\"lazy\" decoding=\"async\" src=\"https:\/\/www.mendozapost.com\/files\/image\/481\/481925\/64663970d7256_570_297!.jpg?s=720a1dc4b2a7ef90f38b1488c5069b6f&amp;d=1684420979\" alt=\"\" width=\"837\" height=\"436\"\/><\/figure>\n\n\n\n<p>En Mendoza se encuentra trabajando bajo investigaciones cient\u00edficas la&nbsp;<a href=\"https:\/\/gatoandino.org\/\" target=\"_blank\" rel=\"noreferrer noopener\">Alianza Gato Andino&nbsp;<\/a>(AGA) donde sus principales objetivos son:<\/p>\n\n\n\n<p>-Completar vac\u00edos de informaci\u00f3n de la presencia de la especie en la Provincia a trav\u00e9s de la obtenci\u00f3n de im\u00e1genes por c\u00e1mara trampeo, desarrollo de entrevistas y an\u00e1lisis gen\u00e9tico de heces frescas. Esto permitir\u00e1 desarrollar un mapa actualizado con registros de presencia de gato andino que ser\u00e1 entregado a la Direcci\u00f3n de Recursos Naturales Renovables (DRNR) para la toma de decisiones<\/p>\n\n\n\n<p>-Identificaci\u00f3n de nuevos individuos de gato andino en la provincia de Mendoza a trav\u00e9s de an\u00e1lisis gen\u00e9tico<\/p>\n\n\n\n<p>-Desarrollo de actividades educativas<\/p>\n\n\n\n<p>-Capacitaci\u00f3n del personal t\u00e9cnico seg\u00fan dispongan la DRNR y la Direcci\u00f3n de Fauna, en identificaci\u00f3n, conservaci\u00f3n y monitoreo de carn\u00edvoros nativos.<\/p>\n\n\n\n<figure class=\"wp-block-image is-resized\"><img loading=\"lazy\" decoding=\"async\" src=\"https:\/\/www.mendozapost.com\/files\/image\/481\/481927\/64663a2458492_570_357!.jpg?s=393db3a97a11f435f353400378b89826&amp;d=1684421159\" alt=\"\" width=\"833\" height=\"522\"\/><\/figure>\n\n\n\n<p>Como resultado cualitativo asociado, se espera un incremento de la sensibilidad de los pobladores locales respecto a la especie, sobre todo en cuanto a su relevancia e importancia de conservaci\u00f3n.<\/p>\n\n\n\n<p>La Direcci\u00f3n de Recursos Naturales Renovables recuerda a la poblaci\u00f3n que los animales de fauna silvestre no pueden recibir el trato de las mascotas.<\/p>\n\n\n\n<p>Que aquellos que se encuentren en presencia o conviviendo con la fauna silvestre se interioricen del da\u00f1o que sus acciones pueden causar a estos ejemplares y el riesgo al equilibrio del ecosistema que esto conlleva.&nbsp;<\/p>\n\n\n\n<figure class=\"wp-block-image is-resized\"><img loading=\"lazy\" decoding=\"async\" src=\"https:\/\/www.mendozapost.com\/files\/image\/481\/481929\/64663aaea98a4_570_326!.jpg?s=c79dfa0abf5a6f9fc671f3451571022d&amp;d=1684421298\" alt=\"\" width=\"836\" height=\"478\"\/><\/figure>\n\n\n\n<p>Por esta raz\u00f3n, el comercio y tenencia est\u00e1n prohibidos por la normativa en materia de fauna silvestre: Ley Nacional 22421, de adhesi\u00f3n 4602 y 7308, reglamentada por el Decreto 1890\/05.<\/p>\n\n\n\n<p>Para avisar sobre casos de tenencia y comercio ilegal de fauna, se recomienda hacerlo a trav\u00e9s del portal de denuncia en internet:&nbsp;<a href=\"https:\/\/www.mendoza.gov.ar\/ambiente\/\" target=\"_blank\" rel=\"noreferrer noopener\">www.mendoza.gov.ar\/ambiente.<\/a><\/p>\n\n\n\n<p>Tambi\u00e9n se puede realizar una denuncia llamando al tel\u00e9fono a la Direcci\u00f3n de Recursos Naturales Renovables: 0261 4252090 interno 3411. fauna-drnr@mendoza.gov.ar&nbsp;<\/p>\n\n\n\n<figure class=\"wp-block-image\"><img decoding=\"async\" src=\"https:\/\/www.mendozapost.com\/files\/image\/481\/481931\/64663b303b97b_570_380!.jpg?s=732296189764e8a6b3310c5fbe64473f&amp;d=1684421427\" alt=\"\"\/><\/figure>\n\n\n\n<p><\/p>\n","protected":false},"excerpt":{"rendered":"<p>El departamento de Fauna Silvestre, de\u00a0Recursos Naturales\u00a0de la provincia,\u00a0inform\u00f3 que d\u00edas atr\u00e1s recibi\u00f3 la informaci\u00f3n por parte de personas que estaban en las inmediaciones del r\u00edo Mendoza, sobre un avistaje de\u00a0gato andino\u00a0en un lugar en el que no se sab\u00eda que habitaba. Uno de los privilegiados espectadores se encontraba haciendo trekking y el otro\u00a0era un<a class=\"read-more\" href=\"https:\/\/elfederalmendoza.com.ar\/index.php\/2023\/05\/18\/fotografian-a-un-gato-andino-en-lujan-de-cuyo-un-animal-protegido-y-en-peligro-de-extincion\/\"> [&hellip;]<\/a><\/p>\n","protected":false},"author":2,"featured_media":22908,"comment_status":"open","ping_status":"open","sticky":false,"template":"","format":"standard","meta":{"footnotes":""},"categories":[1],"tags":[],"class_list":["post-22907","post","type-post","status-publish","format-standard","has-post-thumbnail","hentry","category-mza"],"rttpg_featured_image_url":{"full":["https:\/\/elfederalmendoza.com.ar\/wp-content\/uploads\/2023\/05\/gato-andino5.jpg",762,424,false],"landscape":["https:\/\/elfederalmendoza.com.ar\/wp-content\/uploads\/2023\/05\/gato-andino5.jpg",762,424,false],"portraits":["https:\/\/elfederalmendoza.com.ar\/wp-content\/uploads\/2023\/05\/gato-andino5.jpg",762,424,false],"thumbnail":["https:\/\/elfederalmendoza.com.ar\/wp-content\/uploads\/2023\/05\/gato-andino5-150x150.jpg",150,150,true],"medium":["https:\/\/elfederalmendoza.com.ar\/wp-content\/uploads\/2023\/05\/gato-andino5-300x167.jpg",300,167,true],"large":["https:\/\/elfederalmendoza.com.ar\/wp-content\/uploads\/2023\/05\/gato-andino5.jpg",640,356,false],"1536x1536":["https:\/\/elfederalmendoza.com.ar\/wp-content\/uploads\/2023\/05\/gato-andino5.jpg",762,424,false],"2048x2048":["https:\/\/elfederalmendoza.com.ar\/wp-content\/uploads\/2023\/05\/gato-andino5.jpg",762,424,false],"ultp_layout_landscape_large":["https:\/\/elfederalmendoza.com.ar\/wp-content\/uploads\/2023\/05\/gato-andino5.jpg",762,424,false],"ultp_layout_landscape":["https:\/\/elfederalmendoza.com.ar\/wp-content\/uploads\/2023\/05\/gato-andino5.jpg",762,424,false],"ultp_layout_portrait":["https:\/\/elfederalmendoza.com.ar\/wp-content\/uploads\/2023\/05\/gato-andino5-600x424.jpg",600,424,true],"ultp_layout_square":["https:\/\/elfederalmendoza.com.ar\/wp-content\/uploads\/2023\/05\/gato-andino5-600x424.jpg",600,424,true],"rpwe-thumbnail":["https:\/\/elfederalmendoza.com.ar\/wp-content\/uploads\/2023\/05\/gato-andino5-45x45.jpg",45,45,true],"advps-thumb-one":["https:\/\/elfederalmendoza.com.ar\/wp-content\/uploads\/2023\/05\/gato-andino5-762x420.jpg",762,420,true]},"rttpg_author":{"display_name":"Redacci\u00f3n El Federal","author_link":"https:\/\/elfederalmendoza.com.ar\/index.php\/author\/angelflores\/"},"rttpg_comment":0,"rttpg_category":"<a href=\"https:\/\/elfederalmendoza.com.ar\/index.php\/category\/mza\/\" rel=\"category tag\">Mendoza<\/a>","rttpg_excerpt":"El departamento de Fauna Silvestre, de\u00a0Recursos Naturales\u00a0de la provincia,\u00a0inform\u00f3 que d\u00edas atr\u00e1s recibi\u00f3 la informaci\u00f3n por parte de personas que estaban en las inmediaciones del r\u00edo Mendoza, sobre un avistaje de\u00a0gato andino\u00a0en un lugar en el que no se sab\u00eda que habitaba. Uno de los privilegiados espectadores se encontraba haciendo trekking y el otro\u00a0era un&hellip;","_links":{"self":[{"href":"https:\/\/elfederalmendoza.com.ar\/index.php\/wp-json\/wp\/v2\/posts\/22907","targetHints":{"allow":["GET"]}}],"collection":[{"href":"https:\/\/elfederalmendoza.com.ar\/index.php\/wp-json\/wp\/v2\/posts"}],"about":[{"href":"https:\/\/elfederalmendoza.com.ar\/index.php\/wp-json\/wp\/v2\/types\/post"}],"author":[{"embeddable":true,"href":"https:\/\/elfederalmendoza.com.ar\/index.php\/wp-json\/wp\/v2\/users\/2"}],"replies":[{"embeddable":true,"href":"https:\/\/elfederalmendoza.com.ar\/index.php\/wp-json\/wp\/v2\/comments?post=22907"}],"version-history":[{"count":1,"href":"https:\/\/elfederalmendoza.com.ar\/index.php\/wp-json\/wp\/v2\/posts\/22907\/revisions"}],"predecessor-version":[{"id":22910,"href":"https:\/\/elfederalmendoza.com.ar\/index.php\/wp-json\/wp\/v2\/posts\/22907\/revisions\/22910"}],"wp:featuredmedia":[{"embeddable":true,"href":"https:\/\/elfederalmendoza.com.ar\/index.php\/wp-json\/wp\/v2\/media\/22908"}],"wp:attachment":[{"href":"https:\/\/elfederalmendoza.com.ar\/index.php\/wp-json\/wp\/v2\/media?parent=22907"}],"wp:term":[{"taxonomy":"category","embeddable":true,"href":"https:\/\/elfederalmendoza.com.ar\/index.php\/wp-json\/wp\/v2\/categories?post=22907"},{"taxonomy":"post_tag","embeddable":true,"href":"https:\/\/elfederalmendoza.com.ar\/index.php\/wp-json\/wp\/v2\/tags?post=22907"}],"curies":[{"name":"wp","href":"https:\/\/api.w.org\/{rel}","templated":true}]}}