{"id":22912,"date":"2023-05-18T18:53:31","date_gmt":"2023-05-18T21:53:31","guid":{"rendered":"https:\/\/elfederalmendoza.com\/?p=22912"},"modified":"2023-05-18T18:53:32","modified_gmt":"2023-05-18T21:53:32","slug":"los-detalles-del-asesinato-de-dos-jovenes-en-la-mini-favela-de-godoy-cruz-donde-la-policia-no-entra","status":"publish","type":"post","link":"https:\/\/elfederalmendoza.com.ar\/index.php\/2023\/05\/18\/los-detalles-del-asesinato-de-dos-jovenes-en-la-mini-favela-de-godoy-cruz-donde-la-policia-no-entra\/","title":{"rendered":"Los detalles del asesinato de dos j\u00f3venes en la \u00abmini favela\u00bb de Godoy Cruz donde la polic\u00eda no entra"},"content":{"rendered":"\n<p>No cualquiera transita por las angostas calles adoquinadas y de tierra del asentamiento\u00a0<strong>Urundel de Godoy Cruz<\/strong>. Hay que conocer el terreno para moverse sin sentirse observado o con preocupaci\u00f3n. La sensaci\u00f3n de inseguridad est\u00e1 presente en cada paso. La experiencia puede generar temor durante las noches, donde grupos juveniles comercializan estupefacientes en peque\u00f1as cantidades. Ubicado hacia este del barrio La Estanzuela (cruzando el Corredor del Oeste), presenta la particularidad de que muchas de sus casas fueron levantadas sobre un cerro.\u00a0<strong>La Polic\u00eda s\u00f3lo ingresa si es numerosa la cantidad de efectivos.<\/strong><\/p>\n\n\n\n<p>El domingo durante la madrugada, este complejo llamado la \u201cminia favela\u201d por los mismos vecinos de la zona, fue escenario de un\u00a0<strong>doble asesinato<\/strong>.\u00a0<mark>Dos amigos de 19 a\u00f1os y 26 a\u00f1os fueron acribillados a balazos mientras dorm\u00edan en una peque\u00f1a habitaci\u00f3n de 3\u00d72. Se trat\u00f3 de un acto de venganza.<\/mark>\u00a0Esa pieza era alquilada por un hombre que ganaba algunos pesos con los muchachos que iban a pernoctar all\u00ed. <strong>El consumo de sustancias ilegales era una cuesti\u00f3n habitual en el lugar.<\/strong><\/p>\n\n\n\n<figure class=\"wp-block-image size-full\"><img loading=\"lazy\" decoding=\"async\" width=\"837\" height=\"506\" src=\"https:\/\/elfederalmendoza.com\/wp-content\/uploads\/2023\/05\/favela4.jpg\" alt=\"\" class=\"wp-image-22916\" srcset=\"https:\/\/elfederalmendoza.com.ar\/wp-content\/uploads\/2023\/05\/favela4.jpg 837w, https:\/\/elfederalmendoza.com.ar\/wp-content\/uploads\/2023\/05\/favela4-300x181.jpg 300w, https:\/\/elfederalmendoza.com.ar\/wp-content\/uploads\/2023\/05\/favela4-768x464.jpg 768w\" sizes=\"auto, (max-width: 837px) 100vw, 837px\" \/><\/figure>\n\n\n\n<p>Las v\u00edctimas fueron\u00a0<strong>Patricio Hamil Moreno Jofr\u00e9<\/strong>\u00a0y\u00a0<strong>Facundo Ariel G\u00e9lvez Carrasco<\/strong>. Las ejecutaron con una\u00a0<strong>pistola calibre 9 mil\u00edmetros<\/strong>, el arma preferida de los narcos. No hubo tiempo de reacci\u00f3n: los dos amigos quedaron muertos debajo de las frazadas que utilizaban para calentarse durante las noches.\u00a0Moreno recibi\u00f3 cinco plomos y G\u00e9lvez nueve en t\u00f3rax y piernas. Los disparos fueron a corta distancia.<\/p>\n\n\n\n<p><mark>En un principio, los investigadores policiales y judiciales entendieron que los homicidas fueron dos. Sin embargo, luego del an\u00e1lisis realizado a las vainas servidas en Bal\u00edstica, concluyeron que todas las levantadas y preservadas fueron disparadas por la misma arma<\/mark>.<video controls=\"\" src=\"https:\/\/newspack-elsol.s3.amazonaws.com\/wp-content\/uploads\/2023\/05\/WhatsApp-Video-2023-05-14-at-16.00.26-1.mp4\"><\/video><\/p>\n\n\n\n<p>La escena del crimen, el domingo despu\u00e9s de las 14.<\/p>\n\n\n\n<p>M\u00e1s all\u00e1 de esto, no est\u00e1 claro si Moreno y Jofr\u00e9 eran las personas que iban a buscar. Una hip\u00f3tesis del expediente que lidera la<strong>&nbsp;fiscal de Homicidios Claudia R\u00edos<\/strong>, calificado como homicidio agravado por el uso de arma de fuego y alevos\u00eda \u2013por el estado de indefensi\u00f3n de las v\u00edctimas\u2013 sostiene que los sicarios se confundieron de personas. En esa propiedad \u2013obtuvieron por testigos del caso\u2013 sab\u00edan pasar algunos d\u00edas dos hermanos con base en barrios de la zona y es posible que se hayan equivocado de blanco.<\/p>\n\n\n\n<p>Pero otra teor\u00eda sostiene totalmente lo contrario. Por fuentes que hablaron con&nbsp;<em><strong>El Sol<\/strong><\/em>,&nbsp;<mark>podr\u00edan estar implicados dos malvivientes&nbsp;<\/mark>implicados en el mundo narco&nbsp;<mark>que contaban con las v\u00edctimas para su comercializaci\u00f3n<\/mark>. Si bien pidieron reserva de sus identidades, se\u00f1alaron que uno de ellos sabe movilizarse por el sector con un Ford K negro o un VW Crossfox verde.<\/p>\n\n\n\n<p>Por lo bajo, hablan de que las v\u00edctimas consumieron esa droga que ten\u00edan que vender y no rindieron el dinero a sus due\u00f1os. Cuando estos fueron a cobrar la mercader\u00eda, no hubo respuestas en billetes como hab\u00edan pactado previamente. Aseguran que el s\u00e1bado por la noche hubo un encuentro con discusi\u00f3n y amenazas y luego un par de sujetos se retiraron prometiendo encontrarlos. Minutos despu\u00e9s de las 3, Moreno y Jofr\u00e9 fueron asesinados. \u201c<em>Alguien los entreg\u00f3<\/em>\u201d, aport\u00f3 otro informante a este diario.<\/p>\n\n\n\n<h2 class=\"wp-block-heading\" id=\"h-la-raiz-de-la-teoria\">La ra\u00edz de la teor\u00eda<\/h2>\n\n\n\n<p>A los pocos minutos de iniciados los trabajos en la escena del doble crimen, comenz\u00f3 a instalarse la hip\u00f3tesis de un ajuste por tema de drogas. El padre de Patricio,&nbsp;<strong>Pablo Cristian Moreno<\/strong>, lleg\u00f3 a la escena y present\u00f3 una crisis nerviosa. A los pocos minutos, fue contenido por el personal policial y judicial y comenz\u00f3 a contar lo que sab\u00eda sobre los \u00faltimos d\u00edas de su hijo. El hombre pasa sus d\u00edas condenado por tenencia y comercializaci\u00f3n de drogas.<\/p>\n\n\n\n<p>Le iniciaron causas en el 2015 y en el 2019 y termin\u00f3 condenado a 4 a\u00f1os y diez meses de encierro. Se encontraba en plena salida transitoria cuando mataron al joven y deb\u00eda volver al penal a las 21.&nbsp;<em>\u201cSu hijo (Patricio), desde chico, vivi\u00f3 en un mundo de venta y consumo de sustancias prohibidas\u201d,<\/em>&nbsp;cont\u00f3 un vecino de la zona luego del crimen.<\/p>\n\n\n\n<p>Justamente, la primera de las causas que le iniciaron a su padre fue luego de un llamado al&nbsp;<strong>Fonodrogas&nbsp;<\/strong>que alertaba a la polic\u00eda sobre \u201c<em>comercio de droga a toda hora<\/em>\u201d en un domicilio del barrio La Esperanza de Godoy Cruz. Hubo vigilancias y allanamiento. Le dictaron el procesamiento sin prisi\u00f3n preventiva y qued\u00f3 en libertad.<\/p>\n\n\n\n<p>Mientras ten\u00eda esa causa abierta,&nbsp;<mark>el 12 de enero del 2019 volvieron a allanarlo en un domicilio de la manzana B del barrio Parque Oeste de Godoy Cruz<\/mark>. D\u00edas anteriores, el mismo servicio del Ministerio de Seguridad volvi\u00f3 a recibir un llamado por venta de estupefacientes en una vivienda. \u201c<em>Una mujer y su hijo venden drogas<\/em>\u201d, se\u00f1alaron desde el otro lado del tel\u00e9fono.<\/p>\n\n\n\n<p>La polic\u00eda comenz\u00f3 a investigar y se realizaron vigilancias cerca del domicilio. Observaron a los moradores ejecutando los t\u00edpicos pases de mano de dinero y drogas y solicit\u00f3 un allanamiento.<\/p>\n\n\n\n<p>El resultado fue positivo: encontraron en la casa donde viv\u00eda Patricio coca\u00edna (22 dosis) y un envoltorio mayor negro con 28,2 gramos de esa droga. Adem\u00e1s, secuestraron una pistola con 17 proyectiles, una balanza digital en funcionamiento, 6.535 pesos, tel\u00e9fonos celulares, un molino y dos plantas de cannabis.<\/p>\n\n\n\n<p>Quienes conoc\u00edan a este joven, se\u00f1alaron que ten\u00eda problemas de adicci\u00f3n. Y lo relacionaron directamente con el entorno familiar.&nbsp;<mark>Por eso no descartan la teor\u00eda de que pudo haber tenido problemas con un par de dealers que repart\u00edan dosis para su comercializaci\u00f3n en el barrio Urundel o que sea un mensaje para su padre.<\/mark><\/p>\n\n\n\n<p>Debido a esto, se mencion\u00f3 a la banda de un reconocido barrabrava con pasado en la Lepra (Independiente Rivadavia) y base en el barrio Bicentenario con presunta participaci\u00f3n en el hecho.<\/p>\n\n\n\n<p>Diario UNO<\/p>\n","protected":false},"excerpt":{"rendered":"<p>No cualquiera transita por las angostas calles adoquinadas y de tierra del asentamiento\u00a0Urundel de Godoy Cruz. Hay que conocer el terreno para moverse sin sentirse observado o con preocupaci\u00f3n. La sensaci\u00f3n de inseguridad est\u00e1 presente en cada paso. La experiencia puede generar temor durante las noches, donde grupos juveniles comercializan estupefacientes en peque\u00f1as cantidades. Ubicado<a class=\"read-more\" href=\"https:\/\/elfederalmendoza.com.ar\/index.php\/2023\/05\/18\/los-detalles-del-asesinato-de-dos-jovenes-en-la-mini-favela-de-godoy-cruz-donde-la-policia-no-entra\/\"> [&hellip;]<\/a><\/p>\n","protected":false},"author":2,"featured_media":22914,"comment_status":"open","ping_status":"open","sticky":false,"template":"","format":"standard","meta":{"footnotes":""},"categories":[1],"tags":[],"class_list":["post-22912","post","type-post","status-publish","format-standard","has-post-thumbnail","hentry","category-mza"],"rttpg_featured_image_url":{"full":["https:\/\/elfederalmendoza.com.ar\/wp-content\/uploads\/2023\/05\/favela3.jpg",813,580,false],"landscape":["https:\/\/elfederalmendoza.com.ar\/wp-content\/uploads\/2023\/05\/favela3.jpg",813,580,false],"portraits":["https:\/\/elfederalmendoza.com.ar\/wp-content\/uploads\/2023\/05\/favela3.jpg",813,580,false],"thumbnail":["https:\/\/elfederalmendoza.com.ar\/wp-content\/uploads\/2023\/05\/favela3-150x150.jpg",150,150,true],"medium":["https:\/\/elfederalmendoza.com.ar\/wp-content\/uploads\/2023\/05\/favela3-300x214.jpg",300,214,true],"large":["https:\/\/elfederalmendoza.com.ar\/wp-content\/uploads\/2023\/05\/favela3.jpg",640,457,false],"1536x1536":["https:\/\/elfederalmendoza.com.ar\/wp-content\/uploads\/2023\/05\/favela3.jpg",813,580,false],"2048x2048":["https:\/\/elfederalmendoza.com.ar\/wp-content\/uploads\/2023\/05\/favela3.jpg",813,580,false],"ultp_layout_landscape_large":["https:\/\/elfederalmendoza.com.ar\/wp-content\/uploads\/2023\/05\/favela3.jpg",813,580,false],"ultp_layout_landscape":["https:\/\/elfederalmendoza.com.ar\/wp-content\/uploads\/2023\/05\/favela3-813x570.jpg",813,570,true],"ultp_layout_portrait":["https:\/\/elfederalmendoza.com.ar\/wp-content\/uploads\/2023\/05\/favela3-600x580.jpg",600,580,true],"ultp_layout_square":["https:\/\/elfederalmendoza.com.ar\/wp-content\/uploads\/2023\/05\/favela3-600x580.jpg",600,580,true],"rpwe-thumbnail":["https:\/\/elfederalmendoza.com.ar\/wp-content\/uploads\/2023\/05\/favela3-45x45.jpg",45,45,true],"advps-thumb-one":["https:\/\/elfederalmendoza.com.ar\/wp-content\/uploads\/2023\/05\/favela3-813x420.jpg",813,420,true]},"rttpg_author":{"display_name":"Redacci\u00f3n El Federal","author_link":"https:\/\/elfederalmendoza.com.ar\/index.php\/author\/angelflores\/"},"rttpg_comment":0,"rttpg_category":"<a href=\"https:\/\/elfederalmendoza.com.ar\/index.php\/category\/mza\/\" rel=\"category tag\">Mendoza<\/a>","rttpg_excerpt":"No cualquiera transita por las angostas calles adoquinadas y de tierra del asentamiento\u00a0Urundel de Godoy Cruz. Hay que conocer el terreno para moverse sin sentirse observado o con preocupaci\u00f3n. La sensaci\u00f3n de inseguridad est\u00e1 presente en cada paso. La experiencia puede generar temor durante las noches, donde grupos juveniles comercializan estupefacientes en peque\u00f1as cantidades. Ubicado&hellip;","_links":{"self":[{"href":"https:\/\/elfederalmendoza.com.ar\/index.php\/wp-json\/wp\/v2\/posts\/22912","targetHints":{"allow":["GET"]}}],"collection":[{"href":"https:\/\/elfederalmendoza.com.ar\/index.php\/wp-json\/wp\/v2\/posts"}],"about":[{"href":"https:\/\/elfederalmendoza.com.ar\/index.php\/wp-json\/wp\/v2\/types\/post"}],"author":[{"embeddable":true,"href":"https:\/\/elfederalmendoza.com.ar\/index.php\/wp-json\/wp\/v2\/users\/2"}],"replies":[{"embeddable":true,"href":"https:\/\/elfederalmendoza.com.ar\/index.php\/wp-json\/wp\/v2\/comments?post=22912"}],"version-history":[{"count":1,"href":"https:\/\/elfederalmendoza.com.ar\/index.php\/wp-json\/wp\/v2\/posts\/22912\/revisions"}],"predecessor-version":[{"id":22917,"href":"https:\/\/elfederalmendoza.com.ar\/index.php\/wp-json\/wp\/v2\/posts\/22912\/revisions\/22917"}],"wp:featuredmedia":[{"embeddable":true,"href":"https:\/\/elfederalmendoza.com.ar\/index.php\/wp-json\/wp\/v2\/media\/22914"}],"wp:attachment":[{"href":"https:\/\/elfederalmendoza.com.ar\/index.php\/wp-json\/wp\/v2\/media?parent=22912"}],"wp:term":[{"taxonomy":"category","embeddable":true,"href":"https:\/\/elfederalmendoza.com.ar\/index.php\/wp-json\/wp\/v2\/categories?post=22912"},{"taxonomy":"post_tag","embeddable":true,"href":"https:\/\/elfederalmendoza.com.ar\/index.php\/wp-json\/wp\/v2\/tags?post=22912"}],"curies":[{"name":"wp","href":"https:\/\/api.w.org\/{rel}","templated":true}]}}