{"id":22925,"date":"2023-05-19T08:47:55","date_gmt":"2023-05-19T11:47:55","guid":{"rendered":"https:\/\/elfederalmendoza.com\/?p=22925"},"modified":"2023-05-19T08:49:55","modified_gmt":"2023-05-19T11:49:55","slug":"cristina-kirchner-reaparecio-en-duro-de-domar-con-periodistas-afines-dijo-que-no-quiere-ser-candidata","status":"publish","type":"post","link":"https:\/\/elfederalmendoza.com.ar\/index.php\/2023\/05\/19\/cristina-kirchner-reaparecio-en-duro-de-domar-con-periodistas-afines-dijo-que-no-quiere-ser-candidata\/","title":{"rendered":"Cristina Kirchner reapareci\u00f3 en Duro de Domar, con periodistas afines: ratific\u00f3 que no quiere ser candidata"},"content":{"rendered":"\n<p>No hubo chances de que la emisi\u00f3n de Duro de Domar con la presencia estelar de\u00a0<strong>Cristina Kirchner<\/strong>\u00a0hiciera honor a su nombre. Simplemente los domadores fueron los convidados de piedra. No se los habilit\u00f3 ni para hacer una sola pregunta. La \u00fanica habilitada para hacer chasquear el l\u00e1tigo contra los \u201cpoderes f\u00e1cticos\u201d fue la vicepresidenta de la Naci\u00f3n, amiga de la casa,\u00a0<strong>C5N<\/strong>, la primera se\u00f1al en donde se anim\u00f3 a aparecer luego de las cadenas nacionales a repetici\u00f3n que protagoniz\u00f3 durante sus dos gobiernos (2007-2015).<\/p>\n\n\n\n<p>Como el\u00a0<strong>Grupo Indalo<\/strong>, propietario de esa se\u00f1al, absorbi\u00f3 en su momento PPT, la productora de Diego Gvirtz, no solo se qued\u00f3 con sus archivos sino tambi\u00e9n con la idea y nombre de sus m\u00e1s c\u00e9lebres programas. Y Cristina fue acompa\u00f1ada a su llegada al canal por uno de los due\u00f1os,\u00a0<strong>Fabi\u00e1n de Sousa<\/strong>.<\/p>\n\n\n\n<p>En sus inicios, en 2001, el programa se llam\u00f3&nbsp;<strong>Indomables<\/strong>&nbsp;y lo condujeron sucesivamente&nbsp;<strong>Lucho Avil\u00e9s<\/strong>&nbsp;y&nbsp;<strong>Mauro Viale<\/strong>, pero con el tiempo se fue transformando en un&nbsp;<em>magazine&nbsp;<\/em>par\u00f3dico de actualidad que<strong>&nbsp;Roberto Pettinato<\/strong>&nbsp;supo llevar a su m\u00e1ximo esplendor, con el plus de sus muy rendidores&nbsp;<em>stand up<\/em>, aunque tambi\u00e9n lo condujeron&nbsp;<strong>Daniel Tognetti<\/strong>&nbsp;y m\u00e1s fugazmente&nbsp;<strong>Fabio Alberti<\/strong>.<\/p>\n\n\n<div class=\"wp-block-image\">\n<figure class=\"aligncenter size-large\"><img loading=\"lazy\" decoding=\"async\" width=\"1024\" height=\"682\" src=\"https:\/\/elfederalmendoza.com\/wp-content\/uploads\/2023\/05\/WhatsApp-Image-2023-05-18-at-23.49.42-1024x682.jpeg\" alt=\"\" class=\"wp-image-22929\" srcset=\"https:\/\/elfederalmendoza.com.ar\/wp-content\/uploads\/2023\/05\/WhatsApp-Image-2023-05-18-at-23.49.42-1024x682.jpeg 1024w, https:\/\/elfederalmendoza.com.ar\/wp-content\/uploads\/2023\/05\/WhatsApp-Image-2023-05-18-at-23.49.42-300x200.jpeg 300w, https:\/\/elfederalmendoza.com.ar\/wp-content\/uploads\/2023\/05\/WhatsApp-Image-2023-05-18-at-23.49.42-768x512.jpeg 768w, https:\/\/elfederalmendoza.com.ar\/wp-content\/uploads\/2023\/05\/WhatsApp-Image-2023-05-18-at-23.49.42-1200x800.jpeg 1200w, https:\/\/elfederalmendoza.com.ar\/wp-content\/uploads\/2023\/05\/WhatsApp-Image-2023-05-18-at-23.49.42.jpeg 1280w\" sizes=\"auto, (max-width: 1024px) 100vw, 1024px\" \/><\/figure><\/div>\n\n\n<p>El regreso de DDD, tras ocho a\u00f1os de ausencia de las pantallas, coincide con una de las estrategias que \u00faltimamente C5N viene probando con buenos resultados:&nbsp;<mark><em>aggiornar<\/em>&nbsp;un tanto su pr\u00e9dica militante con contenidos algo m\u00e1s blandos<\/mark>.<\/p>\n\n\n\n<p>En sus etapas anteriores, en distintos canales (Am\u00e9rica, El Trece y Canal 9) supo ser el t\u00edpico ciclo de panel, con sesgo humor\u00edstico, con un sonidista muy afilado para refrendar o cuestionar lo que se dijera en el piso con todo tipo de ruidos y onomatopeyas, buscando reforzar los efectos graciosos, m\u00e1s editores muy duchos y habilidosos en el arte de entremezclar materiales de archivo para armar informes cliperos, por lo general letales hacia todo aquello que se opusiera al kirchnerismo, rematados en off con una locuci\u00f3n burlona.\u00a0<mark>Ninguno de esos recursos se utiliz\u00f3 mientras la invitada estuvo en el aire<\/mark>.<\/p>\n\n\n\n<p>En la actual versi\u00f3n no hay informes, pero s\u00ed alg\u00fan m\u00f3vil con&nbsp;<strong>Diego Costa<\/strong>, aunque fue&nbsp;<strong>Lautaro Maislin<\/strong>&nbsp;quien hizo la cr\u00f3nica de los manifestantes que se reunieron en la puerta de la emisora.<\/p>\n\n\n\n<h2 class=\"wp-block-heading\">El conductor y los panelistas<\/h2>\n\n\n\n<p><strong>Pablo Duggan<\/strong>, un periodista que ha mutado ideol\u00f3gicamente en forma sensible en los \u00faltimos a\u00f1os, est\u00e1 lejos del\u00a0<em>showman<\/em>\u00a0que encarnaba Pettinato. De hecho, inmediatamente antes de DDD conduc\u00eda el monocorde Desaf\u00edo 2023, en el que incendiaba a la oposici\u00f3n y justificaba, o dejaba pasar, las negatividades del gobierno actual, desde un m\u00e1s cl\u00e1sico formato de programa de debate, con panelistas e invitados. Como \u00fanico partenaire permitido de la vicepresidenta,\u00a0<mark>se mostr\u00f3 zalamero, complaciente y autocr\u00edtico de su pasado\u00a0<\/mark>furibundamente antik.\u00a0<strong>\u201cEras muy odioso\u201d<\/strong>, lo reprendi\u00f3 con picard\u00eda CFK.<\/p>\n\n\n\n<p>Desde el 27 de febrero \u00faltimo, fecha en la que arranc\u00f3 la presente temporada del redivivo Duro de Domar, Duggan larg\u00f3 la corbata y bajo el saco luce m\u00e1s informales remeras, salvo anoche en que volvi\u00f3 a un&nbsp;<em>look<\/em>&nbsp;m\u00e1s formal. De los panelistas hist\u00f3ricos recuperaron a&nbsp;<strong>Mariano Hamilton<\/strong>&nbsp;y a&nbsp;<strong>Carla Czudnowsky<\/strong>, y del viejo&nbsp;<strong>678<\/strong>&nbsp;trajeron, con voz cantante, a&nbsp;<strong>Cynthia Garc\u00eda<\/strong>. Se los ve por all\u00ed tambi\u00e9n al indescriptible&nbsp;<strong>Carlos Maslaton<\/strong>, Federico Fahsbender, Mariela Anchipi (\u201cla Chipy\u201d, mujer de Dady Brieva y coach y participante de las versiones danzantes del programa de Marcelo Tinelli) y&nbsp;<strong>Mar\u00eda Fernanda Callej\u00f3n<\/strong>, con apariciones rotativas de&nbsp;<strong>Julia Mengolini&nbsp;<\/strong>y Nancy Pazos e irrupciones de tuiteros con sesgo, como Rinconet y Rayo Virtual.<\/p>\n\n\n\n<p>Con una puesta m\u00e1s atractiva y c\u00e1maras din\u00e1micas, el debate que se suscita est\u00e1 m\u00e1s cerca del formato de&nbsp;<strong>Pol\u00e9mica en el bar<\/strong>&nbsp;o el viejo Pol\u00e9mica en el f\u00fatbol, con licencias para apasionarse con voces que se elevan y se superponen al mismo tiempo (tal como suced\u00eda en Intratables). En cambio, se escuch\u00f3 solo la voz de ella, en gran parte para denostar a la Justicia y para aclarar, una vez m\u00e1s, que no ser\u00e1 candidata.&nbsp;<mark>\u201cMe parece que est\u00e1 muy claro lo que dije el otro d\u00eda y el 6 de diciembre\u201d<\/mark>, subray\u00f3. Sin embargo, no quiso anticipar nada de lo que dir\u00e1 en el acto previsto para el 25 de mayo, en que se cumplir\u00e1n 20 a\u00f1os de la llegada al poder del kirchnerismo.<\/p>\n\n\n\n<p>Dada la manifiesta adhesi\u00f3n al \u201cproyecto nacional y popular\u201d que expresan el conductor y los panelistas, no era dif\u00edcil deducir que el esquema vociferante habitual del programa quedar\u00eda de lado durante la entrevista con la vicepresidenta. La admiraci\u00f3n y el cholulismo de los panelistas quedaron reducidos a los abrazos, besos y&nbsp;<em>selfies&nbsp;<\/em>cuando todo hab\u00eda terminado.<\/p>\n\n\n\n<p>Tal cual la caracteriza Cristina Kirchner, m\u00e1s all\u00e1 de responder las&nbsp;<strong>preguntas amistosas<\/strong>&nbsp;de Duggan, tendi\u00f3 al consabido&nbsp;<strong>mon\u00f3logo<\/strong>&nbsp;que prevalece en sus alocuciones.<\/p>\n","protected":false},"excerpt":{"rendered":"<p>No hubo chances de que la emisi\u00f3n de Duro de Domar con la presencia estelar de\u00a0Cristina Kirchner\u00a0hiciera honor a su nombre. Simplemente los domadores fueron los convidados de piedra. No se los habilit\u00f3 ni para hacer una sola pregunta. La \u00fanica habilitada para hacer chasquear el l\u00e1tigo contra los \u201cpoderes f\u00e1cticos\u201d fue la vicepresidenta de<a class=\"read-more\" href=\"https:\/\/elfederalmendoza.com.ar\/index.php\/2023\/05\/19\/cristina-kirchner-reaparecio-en-duro-de-domar-con-periodistas-afines-dijo-que-no-quiere-ser-candidata\/\"> [&hellip;]<\/a><\/p>\n","protected":false},"author":2,"featured_media":22928,"comment_status":"open","ping_status":"open","sticky":false,"template":"","format":"standard","meta":{"footnotes":""},"categories":[5618],"tags":[],"class_list":["post-22925","post","type-post","status-publish","format-standard","has-post-thumbnail","hentry","category-arg"],"rttpg_featured_image_url":{"full":["https:\/\/elfederalmendoza.com.ar\/wp-content\/uploads\/2023\/05\/7RKOPTDJVFAGLG3IZHUVB7AXNI.jpg",1920,1080,false],"landscape":["https:\/\/elfederalmendoza.com.ar\/wp-content\/uploads\/2023\/05\/7RKOPTDJVFAGLG3IZHUVB7AXNI.jpg",1920,1080,false],"portraits":["https:\/\/elfederalmendoza.com.ar\/wp-content\/uploads\/2023\/05\/7RKOPTDJVFAGLG3IZHUVB7AXNI.jpg",1920,1080,false],"thumbnail":["https:\/\/elfederalmendoza.com.ar\/wp-content\/uploads\/2023\/05\/7RKOPTDJVFAGLG3IZHUVB7AXNI-150x150.jpg",150,150,true],"medium":["https:\/\/elfederalmendoza.com.ar\/wp-content\/uploads\/2023\/05\/7RKOPTDJVFAGLG3IZHUVB7AXNI-300x169.jpg",300,169,true],"large":["https:\/\/elfederalmendoza.com.ar\/wp-content\/uploads\/2023\/05\/7RKOPTDJVFAGLG3IZHUVB7AXNI-1024x576.jpg",640,360,true],"1536x1536":["https:\/\/elfederalmendoza.com.ar\/wp-content\/uploads\/2023\/05\/7RKOPTDJVFAGLG3IZHUVB7AXNI-1536x864.jpg",1536,864,true],"2048x2048":["https:\/\/elfederalmendoza.com.ar\/wp-content\/uploads\/2023\/05\/7RKOPTDJVFAGLG3IZHUVB7AXNI.jpg",1920,1080,false],"ultp_layout_landscape_large":["https:\/\/elfederalmendoza.com.ar\/wp-content\/uploads\/2023\/05\/7RKOPTDJVFAGLG3IZHUVB7AXNI-1200x800.jpg",1200,800,true],"ultp_layout_landscape":["https:\/\/elfederalmendoza.com.ar\/wp-content\/uploads\/2023\/05\/7RKOPTDJVFAGLG3IZHUVB7AXNI-870x570.jpg",870,570,true],"ultp_layout_portrait":["https:\/\/elfederalmendoza.com.ar\/wp-content\/uploads\/2023\/05\/7RKOPTDJVFAGLG3IZHUVB7AXNI-600x900.jpg",600,900,true],"ultp_layout_square":["https:\/\/elfederalmendoza.com.ar\/wp-content\/uploads\/2023\/05\/7RKOPTDJVFAGLG3IZHUVB7AXNI-600x600.jpg",600,600,true],"rpwe-thumbnail":["https:\/\/elfederalmendoza.com.ar\/wp-content\/uploads\/2023\/05\/7RKOPTDJVFAGLG3IZHUVB7AXNI-45x45.jpg",45,45,true],"advps-thumb-one":["https:\/\/elfederalmendoza.com.ar\/wp-content\/uploads\/2023\/05\/7RKOPTDJVFAGLG3IZHUVB7AXNI-1200x420.jpg",1200,420,true]},"rttpg_author":{"display_name":"Redacci\u00f3n El Federal","author_link":"https:\/\/elfederalmendoza.com.ar\/index.php\/author\/angelflores\/"},"rttpg_comment":0,"rttpg_category":"<a href=\"https:\/\/elfederalmendoza.com.ar\/index.php\/category\/arg\/\" rel=\"category tag\">Argentina<\/a>","rttpg_excerpt":"No hubo chances de que la emisi\u00f3n de Duro de Domar con la presencia estelar de\u00a0Cristina Kirchner\u00a0hiciera honor a su nombre. Simplemente los domadores fueron los convidados de piedra. No se los habilit\u00f3 ni para hacer una sola pregunta. La \u00fanica habilitada para hacer chasquear el l\u00e1tigo contra los \u201cpoderes f\u00e1cticos\u201d fue la vicepresidenta de&hellip;","_links":{"self":[{"href":"https:\/\/elfederalmendoza.com.ar\/index.php\/wp-json\/wp\/v2\/posts\/22925","targetHints":{"allow":["GET"]}}],"collection":[{"href":"https:\/\/elfederalmendoza.com.ar\/index.php\/wp-json\/wp\/v2\/posts"}],"about":[{"href":"https:\/\/elfederalmendoza.com.ar\/index.php\/wp-json\/wp\/v2\/types\/post"}],"author":[{"embeddable":true,"href":"https:\/\/elfederalmendoza.com.ar\/index.php\/wp-json\/wp\/v2\/users\/2"}],"replies":[{"embeddable":true,"href":"https:\/\/elfederalmendoza.com.ar\/index.php\/wp-json\/wp\/v2\/comments?post=22925"}],"version-history":[{"count":2,"href":"https:\/\/elfederalmendoza.com.ar\/index.php\/wp-json\/wp\/v2\/posts\/22925\/revisions"}],"predecessor-version":[{"id":22934,"href":"https:\/\/elfederalmendoza.com.ar\/index.php\/wp-json\/wp\/v2\/posts\/22925\/revisions\/22934"}],"wp:featuredmedia":[{"embeddable":true,"href":"https:\/\/elfederalmendoza.com.ar\/index.php\/wp-json\/wp\/v2\/media\/22928"}],"wp:attachment":[{"href":"https:\/\/elfederalmendoza.com.ar\/index.php\/wp-json\/wp\/v2\/media?parent=22925"}],"wp:term":[{"taxonomy":"category","embeddable":true,"href":"https:\/\/elfederalmendoza.com.ar\/index.php\/wp-json\/wp\/v2\/categories?post=22925"},{"taxonomy":"post_tag","embeddable":true,"href":"https:\/\/elfederalmendoza.com.ar\/index.php\/wp-json\/wp\/v2\/tags?post=22925"}],"curies":[{"name":"wp","href":"https:\/\/api.w.org\/{rel}","templated":true}]}}