{"id":22927,"date":"2023-05-19T08:56:50","date_gmt":"2023-05-19T11:56:50","guid":{"rendered":"https:\/\/elfederalmendoza.com\/?p=22927"},"modified":"2023-05-19T08:56:51","modified_gmt":"2023-05-19T11:56:51","slug":"se-difundieron-fotos-de-la-camara-de-seguridad-momentos-antes-del-crimen-y-robo-del-lubricentro-de-guaymallen","status":"publish","type":"post","link":"https:\/\/elfederalmendoza.com.ar\/index.php\/2023\/05\/19\/se-difundieron-fotos-de-la-camara-de-seguridad-momentos-antes-del-crimen-y-robo-del-lubricentro-de-guaymallen\/","title":{"rendered":"Se difundieron fotos de la c\u00e1mara de seguridad momentos antes del crimen y robo del lubricentro de Guaymall\u00e9n"},"content":{"rendered":"\n<p><strong>El crimen en Guaymall\u00e9n de Mart\u00edn Norberto Salzmann (51)\u00a0<\/strong>conmocion\u00f3 a todo Mendoza a mediados de febrero pasado. El comerciante fue asesinado durante un asalto que sufri\u00f3 en su lubricentro y el expediente tiene cinco sospechosos imputados. Este jueves, la fiscal solicit\u00f3 formalmente la prisi\u00f3n preventiva ante una jueza y exhibi\u00f3 una bater\u00eda de evidencias que complica a la presunta banda de asaltantes.<\/p>\n\n\n\n<p><strong>Brian&nbsp;<em>Cubito<\/em>&nbsp;Garro (27), Mart\u00edn&nbsp;<em>Pincho<\/em>&nbsp;Falc\u00f3n (35), Sebasti\u00e1n&nbsp;<em>Polo<\/em>&nbsp;Palacios (28), Jorge<em>&nbsp;Zurdo<\/em>&nbsp;Romero (27) y Ariel<em>&nbsp;Colo<\/em>&nbsp;Quar\u00f1olo (28) son los cincos imputados por homicidio criminis causa -arriesgan una pena de prisi\u00f3n perpetua-.&nbsp;<\/strong>Para la fiscal Claudia R\u00edos, los cuatro primeros ejecutaron el robo de la caja fuerte en el lubricentro Penta y ultimaron de un disparo a Mart\u00edn Salzmann, mientras que el \u00faltimo de ellos era un empleado de la v\u00edctima fatal que brind\u00f3 los datos sobre el movimiento de dinero y el funcionamiento del negocio.<\/p>\n\n\n\n<p>La investigadora judicial ahond\u00f3 en detalles en una audiencia que se realiz\u00f3 este jueves con motivo de la prisi\u00f3n preventiva.&nbsp;<strong>La prueba clave son las im\u00e1genes de las c\u00e1maras de seguridad del comercio.&nbsp;<\/strong>Seg\u00fan la teor\u00eda acusatoria,&nbsp;<strong><em>Colo<\/em>&nbsp;Quar\u00f1olo estaba al tanto de que las c\u00e1maras no funcionaban pero lo que no sab\u00eda es que el d\u00eda anterior al hecho de sangre -un mi\u00e9rcoles donde estaba de franco- hab\u00edan sido reparadas.<\/strong>&nbsp;Tal vez por ese motivo los delincuentes actuaron a cara descubierta y dejaron un tendal de evidencias que los terminaron complicando. La fiscal R\u00edos mostr\u00f3 ante las partes, incluida la familia de Salzmann, el paso a paso del accionar delictivo.<\/p>\n\n\n\n<figure class=\"wp-block-image\"><img decoding=\"async\" src=\"https:\/\/media.diariouno.com.ar\/p\/c482e66f49aa7ec8e12fd3e4c8f8440a\/adjuntos\/298\/imagenes\/009\/159\/0009159219\/camaras-salzmann-1jpg.jpg?2023-05-18-12-34-11\" alt=\"En la primera imagen se observa al empleado Quar\u00f1olo fumando un cigarrillo en la vereda cuando se estaciona una camioneta Chevrolet S10 que hab\u00eda sido robada el d\u00eda anterior en Maip\u00fa -Garro y Falc\u00f3n tambi\u00e9n est\u00e1n imputados en ese hecho.\"\/><\/figure>\n\n\n\n<p>En la primera imagen se observa al empleado Quar\u00f1olo fumando un cigarrillo en la vereda cuando se estaciona una camioneta Chevrolet S10 que hab\u00eda sido robada el d\u00eda anterior en Maip\u00fa -Garro y Falc\u00f3n tambi\u00e9n est\u00e1n imputados en ese hecho.<\/p>\n\n\n\n<figure class=\"wp-block-image\"><img decoding=\"async\" src=\"https:\/\/media.diariouno.com.ar\/p\/e4b4af10deb5fac9c53af9b742ec02e1\/adjuntos\/298\/imagenes\/009\/159\/0009159019\/camaras-salzmann-2jpg.jpg?2023-05-18-12-25-26\" alt=\"En un primer momento descienden del rodado tres los imputados, que seg\u00fan la fiscal eran Zurdo Romero (sujeto 1), Polo Palacios (sujeto 2) y Pincho Falc\u00f3n (sujeto 3).\"\/><\/figure>\n\n\n\n<p>En un primer momento descienden del rodado tres los imputados, que seg\u00fan la fiscal eran Zurdo Romero (sujeto 1), Polo Palacios (sujeto 2) y Pincho Falc\u00f3n (sujeto 3).<\/p>\n\n\n\n<figure class=\"wp-block-image\"><img decoding=\"async\" src=\"https:\/\/media.diariouno.com.ar\/p\/d14c7b1e3fd434214b02201e421a35dd\/adjuntos\/298\/imagenes\/009\/159\/0009159037\/camaras-salzmann-3jpg.jpg?2023-05-18-12-25-50\" alt=\"Falc\u00f3n y Quar\u00f1olo mantienen una conversaci\u00f3n durante unos minutos en la puerta, mientras el resto de la banda ingresa al local.\"\/><\/figure>\n\n\n\n<p>Falc\u00f3n y Quar\u00f1olo mantienen una conversaci\u00f3n durante unos minutos en la puerta, mientras el resto de la banda ingresa al local.<\/p>\n\n\n\n<figure class=\"wp-block-image\"><img decoding=\"async\" src=\"https:\/\/media.diariouno.com.ar\/p\/f58ab0b681c8b9a6f8f024dea675b980\/adjuntos\/298\/imagenes\/009\/159\/0009159056\/camaras-salzmann-4jpg.jpg?2023-05-18-12-26-11\" alt=\"Zurdo Romero aborda a la hija de Mart\u00edn Salzmann que se encontraba en la caja y empieza a sustraerle pertenencias.\"\/><\/figure>\n\n\n\n<p>Zurdo Romero aborda a la hija de Mart\u00edn Salzmann que se encontraba en la caja y empieza a sustraerle pertenencias.<\/p>\n\n\n\n<figure class=\"wp-block-image\"><img decoding=\"async\" src=\"https:\/\/media.diariouno.com.ar\/p\/3c46bb5234895518c574c756b3f200e0\/adjuntos\/298\/imagenes\/009\/159\/0009159074\/camaras-salzmann-5jpg.jpg?2023-05-18-12-26-35\" alt=\"La banda ingresa a la parte trasera del lubricentro. En la imagen se puede ver, seg\u00fan la fiscal, el rostro de Polo Palacios.\"\/><\/figure>\n\n\n\n<p>La banda ingresa a la parte trasera del lubricentro. En la imagen se puede ver, seg\u00fan la fiscal, el rostro de Polo Palacios.<\/p>\n\n\n\n<figure class=\"wp-block-image\"><img decoding=\"async\" src=\"https:\/\/media.diariouno.com.ar\/p\/6579464e1b742ea5c2e1e9b5efab3cf8\/adjuntos\/298\/imagenes\/009\/159\/0009159092\/camaras-salzmann-6jpg.jpg?2023-05-18-12-27-01\" alt=\"Quien ser\u00eda Palacios y los otros integrantes de la banda \"\/><\/figure>\n\n\n\n<p>Quien ser\u00eda Palacios y los otros integrantes de la banda \u00abreducen\u00bb al empleado y empiezan a caminar por el pasillo hacia el fondo, donde el comercio colinda con la casa de la familia.<\/p>\n\n\n\n<figure class=\"wp-block-image\"><img decoding=\"async\" src=\"https:\/\/media.diariouno.com.ar\/p\/a79af5e2319a94e92b1b543039353c5b\/adjuntos\/298\/imagenes\/009\/159\/0009159110\/camaras-salzmann-7jpg.jpg?2023-05-18-12-27-29\" alt=\"Quien ser\u00eda Zurdo Romero tambi\u00e9n se dirige hacia la casa familiar portando un arma de fuego.\"\/><\/figure>\n\n\n\n<p>Quien ser\u00eda Zurdo Romero tambi\u00e9n se dirige hacia la casa familiar portando un arma de fuego.<\/p>\n\n\n\n<figure class=\"wp-block-image\"><img decoding=\"async\" src=\"https:\/\/media.diariouno.com.ar\/p\/5a7009064f067568329251039f1bfca0\/adjuntos\/298\/imagenes\/009\/159\/0009159128\/camaras-salzmann-8jpg.jpg?2023-05-18-12-27-55\" alt=\"Cubito Garro, que baj\u00f3 de la camioneta segundos despu\u00e9s, tambi\u00e9n ingresa a la propiedad.\"\/><\/figure>\n\n\n\n<p>Cubito Garro, que baj\u00f3 de la camioneta segundos despu\u00e9s, tambi\u00e9n ingresa a la propiedad.<\/p>\n\n\n\n<figure class=\"wp-block-image\"><img decoding=\"async\" src=\"https:\/\/media.diariouno.com.ar\/p\/be146779e49cd2a5a16ae9f121943b25\/adjuntos\/298\/imagenes\/009\/159\/0009159146\/camaras-salzmann-9jpg.jpg?2023-05-18-12-28-23\" alt=\"Garro escolta al empleado Quar\u00f1olo hasta el fondo, aunque no lo estaba apuntando con su arma y el hombre empieza a sacarse los elementos con los que hab\u00eda sido maniatado, lo que para la Fiscal\u00eda es una prueba de su complicidad con los asaltantes.\"\/><\/figure>\n\n\n\n<p>Garro escolta al empleado Quar\u00f1olo hasta el fondo, aunque no lo estaba apuntando con su arma y el hombre empieza a sacarse los elementos con los que hab\u00eda sido maniatado, lo que para la Fiscal\u00eda es una prueba de su complicidad con los asaltantes.<\/p>\n\n\n\n<figure class=\"wp-block-image\"><img decoding=\"async\" src=\"https:\/\/media.diariouno.com.ar\/p\/5bf23acf25c68b6327b179214bc50509\/adjuntos\/298\/imagenes\/009\/159\/0009159164\/camaras-salzmann-10jpg.jpg?2023-05-18-12-29-17\" alt=\"Esta es una imagen clave ya que gracias al tatuaje que se pudo observar en su brazo derecho es que la Polic\u00eda logr\u00f3 identificar a Garro en las primeras horas de la investigaci\u00f3n.\"\/><\/figure>\n\n\n\n<p>Esta es una imagen clave ya que gracias al tatuaje que se pudo observar en su brazo derecho es que la Polic\u00eda logr\u00f3 identificar a Garro en las primeras horas de la investigaci\u00f3n.<\/p>\n\n\n\n<figure class=\"wp-block-image\"><img decoding=\"async\" src=\"https:\/\/media.diariouno.com.ar\/p\/ec3fbc8a3ce498ee0c402be3d532f07c\/adjuntos\/298\/imagenes\/009\/159\/0009159182\/camaras-salzmann-11jpg.jpg?2023-05-18-12-29-47\" alt=\"Tras cometer el asesinato, los delincuentes se retiran con la caja fuerte del lugar.\"\/><\/figure>\n\n\n\n<p>Tras cometer el asesinato, los delincuentes se retiran con la caja fuerte del lugar.<\/p>\n\n\n\n<h2 class=\"wp-block-heading\">Otras pruebas del crimen en Guaymall\u00e9n<\/h2>\n\n\n\n<p><strong>Las grabaciones tambi\u00e9n muestran el momento en que Mart\u00edn Salzmann es golpeado con una barreta en la cabeza y luego es ejecutado de un disparo en el suelo<\/strong>&nbsp;-se preservan debido a su contenido sensible-.<\/p>\n\n\n\n<p>Pero la fiscal R\u00edos tambi\u00e9n esgrimi\u00f3 otras evidencias, como la declaraci\u00f3n indagatoria de&nbsp;<strong><em>Cubito<\/em>&nbsp;Garro que admiti\u00f3 haber participado del robo y aport\u00f3 el nombre de los otros tres asaltantes.<\/strong>&nbsp;En su testimonio, este joven asegur\u00f3 que nunca se enter\u00f3 que hab\u00edan asesinado al due\u00f1o del local sino que sus c\u00f3mplices le dijeron que el disparo que escuch\u00f3 fue para amedrentarlo.<\/p>\n\n\n\n<p>Por otro lado,&nbsp;<strong>se encontraron conversaciones de Whatsapp donde el entorno de Garro hablaba sobre su torpeza en no haber huido hacia San Luis&nbsp;<\/strong>mientras estuvo pr\u00f3fugo y entre algunos de los acusados hablaban de que se iban a meter \u00aben ese rancho hermoso\u00bb y tambi\u00e9n planificaban otro robo en la casa de un matrimonio que se encontraba de vacaciones.<\/p>\n\n\n\n<p>Los pesquisas tecnol\u00f3gicos tambi\u00e9n encontraron<strong>&nbsp;varias amistades en com\u00fan entre los perfiles de Facebook de los sospechosos&nbsp;<\/strong>y sus entornos familiares y amorosos.<\/p>\n\n\n\n<figure class=\"wp-block-image\"><img decoding=\"async\" src=\"https:\/\/media.diariouno.com.ar\/p\/2464cdf73c7757247420710a3d635f75\/adjuntos\/298\/imagenes\/009\/116\/0009116308\/1200x0\/smart\/asesinatos-mendoza-normerto-martin-salzmann-6jpg.jpg\" alt=\"\"\/><\/figure>\n\n\n\n<h2 class=\"wp-block-heading\">Pr\u00f3xima resoluci\u00f3n<\/h2>\n\n\n\n<p>La querellante oficial <strong>Claudia V\u00e9lez<\/strong> adhiri\u00f3 al pedido de prisi\u00f3n preventiva que realiz\u00f3 la fiscal R\u00edos, mientras que la mayor\u00eda de las defensas se opusieron. La \u00fanica que no present\u00f3 objeciones a esta altura del expediente fue la defensora oficial Laura Garc\u00eda, que representa legalmente a Zurdo Romero.<\/p>\n\n\n\n<p>En tanto que&nbsp;<strong>los defensores particulares del resto de los sospechosos rebatieron el pedido<\/strong>&nbsp;argumentando que en algunos casos que las evidencias no son suficientes y en otros que no existe riesgo de fuga o de entorpecimiento de la investigaci\u00f3n si recuperan su libertad.<\/p>\n\n\n\n<p><strong>La jueza Mirna Montaldi se tom\u00f3 un cuarto intermedio para resolver no solamente el pedido de prisi\u00f3n preventiva sino tambi\u00e9n una solicitud de embargo de 1 mill\u00f3n de pesos<\/strong>&nbsp;para cada uno de los sospechosos que realiz\u00f3 la Fiscal\u00eda de Homicidios.<\/p>\n\n\n\n<figure class=\"wp-block-image\"><img decoding=\"async\" src=\"https:\/\/media.diariouno.com.ar\/p\/a800279d20c8bceba76b2d68f048096f\/adjuntos\/298\/imagenes\/009\/118\/0009118095\/1200x0\/smart\/martin-salzmann-legislatura-homicidiojpg.jpg\" alt=\"\"\/><\/figure>\n\n\n\n<h2 class=\"wp-block-heading\">Crimen en Guaymall\u00e9n<\/h2>\n\n\n\n<p>El 16 de febrero pasado, cerca de las 15, una banda de asaltantes ingres\u00f3 al<strong>&nbsp;lubricentro Penta&nbsp;<\/strong>ubicado en calle Mitre, a metros del cruce con Mathus Hoyos, en Bermejo. Los malvivientes estaban armados y ten\u00edan guantes en sus manos. R\u00e1pidamente redujeron a una joven y comenzaron a exigirle el dinero que estaba en una caja fuerte. Se dirigieron hasta el fondo del comercio que colinda con la casa familiar. Mart\u00edn Salzmann, el propietario del lugar, sali\u00f3 al patio interno alertado por los ruidos.&nbsp;<strong>Los malvivientes lo redujeron tras un golpe en la cabeza con una barreta y segundos despu\u00e9s efectuaron un disparo que impact\u00f3 en su hemit\u00f3rax izquierdo. El hombre muri\u00f3 a los pocos segundos.<\/strong><\/p>\n\n\n\n<p>Los asaltantes huyeron con la caja fuerte que ten\u00eda\u00a0una suma de dinero en d\u00f3lares que el comerciante hab\u00eda comprado\u00a0pocos d\u00edas atr\u00e1s ya que ten\u00eda planeado unas vacaciones en Brasil junto a su hija, su pareja y sus padres -estos \u00faltimos ya lo estaban esperando en la frontera-.<\/p>\n\n\n\n<p>La teor\u00eda de la Fiscal\u00eda es que&nbsp;<strong>el empleado del lubricentro,&nbsp;<em>Colo<\/em>&nbsp;Quar\u00f1olo, fue quien brind\u00f3 el dato sobre el dinero y el funcionamiento del local. La hip\u00f3tesis sostiene que este hombre ten\u00eda una deuda pendiente por compra de estupefacientes y decidi\u00f3 saldarla aportando el dato para los asaltantes.<\/strong><\/p>\n","protected":false},"excerpt":{"rendered":"<p>El crimen en Guaymall\u00e9n de Mart\u00edn Norberto Salzmann (51)\u00a0conmocion\u00f3 a todo Mendoza a mediados de febrero pasado. El comerciante fue asesinado durante un asalto que sufri\u00f3 en su lubricentro y el expediente tiene cinco sospechosos imputados. Este jueves, la fiscal solicit\u00f3 formalmente la prisi\u00f3n preventiva ante una jueza y exhibi\u00f3 una bater\u00eda de evidencias que<a class=\"read-more\" href=\"https:\/\/elfederalmendoza.com.ar\/index.php\/2023\/05\/19\/se-difundieron-fotos-de-la-camara-de-seguridad-momentos-antes-del-crimen-y-robo-del-lubricentro-de-guaymallen\/\"> [&hellip;]<\/a><\/p>\n","protected":false},"author":2,"featured_media":22935,"comment_status":"open","ping_status":"open","sticky":false,"template":"","format":"standard","meta":{"footnotes":""},"categories":[1],"tags":[],"class_list":["post-22927","post","type-post","status-publish","format-standard","has-post-thumbnail","hentry","category-mza"],"rttpg_featured_image_url":{"full":["https:\/\/elfederalmendoza.com.ar\/wp-content\/uploads\/2023\/05\/crimen-guaymallen.jpg",1206,642,false],"landscape":["https:\/\/elfederalmendoza.com.ar\/wp-content\/uploads\/2023\/05\/crimen-guaymallen.jpg",1206,642,false],"portraits":["https:\/\/elfederalmendoza.com.ar\/wp-content\/uploads\/2023\/05\/crimen-guaymallen.jpg",1206,642,false],"thumbnail":["https:\/\/elfederalmendoza.com.ar\/wp-content\/uploads\/2023\/05\/crimen-guaymallen-150x150.jpg",150,150,true],"medium":["https:\/\/elfederalmendoza.com.ar\/wp-content\/uploads\/2023\/05\/crimen-guaymallen-300x160.jpg",300,160,true],"large":["https:\/\/elfederalmendoza.com.ar\/wp-content\/uploads\/2023\/05\/crimen-guaymallen-1024x545.jpg",640,341,true],"1536x1536":["https:\/\/elfederalmendoza.com.ar\/wp-content\/uploads\/2023\/05\/crimen-guaymallen.jpg",1206,642,false],"2048x2048":["https:\/\/elfederalmendoza.com.ar\/wp-content\/uploads\/2023\/05\/crimen-guaymallen.jpg",1206,642,false],"ultp_layout_landscape_large":["https:\/\/elfederalmendoza.com.ar\/wp-content\/uploads\/2023\/05\/crimen-guaymallen-1200x642.jpg",1200,642,true],"ultp_layout_landscape":["https:\/\/elfederalmendoza.com.ar\/wp-content\/uploads\/2023\/05\/crimen-guaymallen-870x570.jpg",870,570,true],"ultp_layout_portrait":["https:\/\/elfederalmendoza.com.ar\/wp-content\/uploads\/2023\/05\/crimen-guaymallen-600x642.jpg",600,642,true],"ultp_layout_square":["https:\/\/elfederalmendoza.com.ar\/wp-content\/uploads\/2023\/05\/crimen-guaymallen-600x600.jpg",600,600,true],"rpwe-thumbnail":["https:\/\/elfederalmendoza.com.ar\/wp-content\/uploads\/2023\/05\/crimen-guaymallen-45x45.jpg",45,45,true],"advps-thumb-one":["https:\/\/elfederalmendoza.com.ar\/wp-content\/uploads\/2023\/05\/crimen-guaymallen-1200x420.jpg",1200,420,true]},"rttpg_author":{"display_name":"Redacci\u00f3n El Federal","author_link":"https:\/\/elfederalmendoza.com.ar\/index.php\/author\/angelflores\/"},"rttpg_comment":0,"rttpg_category":"<a href=\"https:\/\/elfederalmendoza.com.ar\/index.php\/category\/mza\/\" rel=\"category tag\">Mendoza<\/a>","rttpg_excerpt":"El crimen en Guaymall\u00e9n de Mart\u00edn Norberto Salzmann (51)\u00a0conmocion\u00f3 a todo Mendoza a mediados de febrero pasado. El comerciante fue asesinado durante un asalto que sufri\u00f3 en su lubricentro y el expediente tiene cinco sospechosos imputados. Este jueves, la fiscal solicit\u00f3 formalmente la prisi\u00f3n preventiva ante una jueza y exhibi\u00f3 una bater\u00eda de evidencias que&hellip;","_links":{"self":[{"href":"https:\/\/elfederalmendoza.com.ar\/index.php\/wp-json\/wp\/v2\/posts\/22927","targetHints":{"allow":["GET"]}}],"collection":[{"href":"https:\/\/elfederalmendoza.com.ar\/index.php\/wp-json\/wp\/v2\/posts"}],"about":[{"href":"https:\/\/elfederalmendoza.com.ar\/index.php\/wp-json\/wp\/v2\/types\/post"}],"author":[{"embeddable":true,"href":"https:\/\/elfederalmendoza.com.ar\/index.php\/wp-json\/wp\/v2\/users\/2"}],"replies":[{"embeddable":true,"href":"https:\/\/elfederalmendoza.com.ar\/index.php\/wp-json\/wp\/v2\/comments?post=22927"}],"version-history":[{"count":1,"href":"https:\/\/elfederalmendoza.com.ar\/index.php\/wp-json\/wp\/v2\/posts\/22927\/revisions"}],"predecessor-version":[{"id":22936,"href":"https:\/\/elfederalmendoza.com.ar\/index.php\/wp-json\/wp\/v2\/posts\/22927\/revisions\/22936"}],"wp:featuredmedia":[{"embeddable":true,"href":"https:\/\/elfederalmendoza.com.ar\/index.php\/wp-json\/wp\/v2\/media\/22935"}],"wp:attachment":[{"href":"https:\/\/elfederalmendoza.com.ar\/index.php\/wp-json\/wp\/v2\/media?parent=22927"}],"wp:term":[{"taxonomy":"category","embeddable":true,"href":"https:\/\/elfederalmendoza.com.ar\/index.php\/wp-json\/wp\/v2\/categories?post=22927"},{"taxonomy":"post_tag","embeddable":true,"href":"https:\/\/elfederalmendoza.com.ar\/index.php\/wp-json\/wp\/v2\/tags?post=22927"}],"curies":[{"name":"wp","href":"https:\/\/api.w.org\/{rel}","templated":true}]}}