{"id":22939,"date":"2023-05-19T09:12:18","date_gmt":"2023-05-19T12:12:18","guid":{"rendered":"https:\/\/elfederalmendoza.com\/?p=22939"},"modified":"2023-05-19T09:12:18","modified_gmt":"2023-05-19T12:12:18","slug":"a-mediados-de-junio-se-pondria-en-marcha-bicitran-el-sistema-de-bicicletas-publicas-de-mendoza-costara-70-pesos","status":"publish","type":"post","link":"https:\/\/elfederalmendoza.com.ar\/index.php\/2023\/05\/19\/a-mediados-de-junio-se-pondria-en-marcha-bicitran-el-sistema-de-bicicletas-publicas-de-mendoza-costara-70-pesos\/","title":{"rendered":"A mediados de junio se pondr\u00eda en marcha Bicitran, el sistema\u00a0de bicicletas p\u00fablicas de Mendoza: costar\u00e1 70 pesos"},"content":{"rendered":"\n<p>Se espera que a medidos de junio se ponga en marcha el&nbsp;<strong>Bicitran<\/strong>,&nbsp;<mark>el sistema de bicicletas p\u00fablicas que tendr\u00e1 un valor de 70 pesos y que se abonar\u00e1, en principio, con el celular<\/mark>&nbsp;a trav\u00e9s de billeteras virtuales, hasta que pueda sumarse a la red&nbsp;<strong>SUBE<\/strong>.<\/p>\n\n\n\n<p><strong>Natalio Mema<\/strong>, secretario de Servicios P\u00fablicos, sostuvo que el servicio con el cual se pagan los pasajes se volvi\u00f3 un dolor de cabeza para Mendoza y que<mark>&nbsp;impedir\u00e1 que quienes deseen emplear los rodados tambi\u00e9n puedan realizar los trasbordos en colectivos.<\/mark><\/p>\n\n\n\n<p>\u201cTenemos un problema enorme llamado SUBE. Es general en todo el pa\u00eds y la provincia no est\u00e1 ajena. Es un desastre, es una pelea todos los d\u00edas porque no hay d\u00f3nde cargar\u2026 Lo ideal ser\u00eda pagar con la tarjeta, pero hasta ac\u00e1 no lo hemos podido lograr\u201d, sostuvo el funcionario, quien afirm\u00f3 que desde hace un tiempo el sistema \u201ccomenz\u00f3 a funcionar mal\u201d y \u201cno hay quien atienda el tel\u00e9fono\u201d.<\/p>\n\n\n\n<p>En este sentido, afirm\u00f3 que la SUBE ampl\u00eda mucho el panorama de personas que podr\u00e1n acceder al Bicitran, porque muchos no tienen celular, datos o billeteras virtuales.&nbsp;<\/p>\n\n\n\n<p>\u201cEstamos buscando esto, pero al menos este a\u00f1o, no va a suceder\u201d, dijo Mema y apunt\u00f3:\u00a0\u201cNunca pens\u00e9 que la gesti\u00f3n nacional en esta \u00e1rea iba a ser tan mala\u201d.<\/p>\n\n\n\n<h2 class=\"wp-block-heading\" id=\"h-un-centenar-de-estaciones\">Un centenar de estaciones<\/h2>\n\n\n\n<p>En<mark>&nbsp;distintos puntos de alta demanda de colectivos, como en la calle Salta, frente al Hospital Central<\/mark>, la Secretar\u00eda de Servicios P\u00fablicos comenz\u00f3 a instalar los anclajes de metal que servir\u00e1n para estacionar los rodados.<\/p>\n\n\n\n<p>El sistema iniciar\u00e1 con 120 bicicletas en Ciudad de Mendoza y Godoy Cruz, sobre un total de 750 que circular\u00e1n paulatinamente por la provincia este a\u00f1o.<\/p>\n\n\n\n<p>\u201cHay partes que son importadas y hay demoras, pero venimos bien\u201d,\u00a0indic\u00f3 el funcionario sobre los insumos necesarios para la fabricaci\u00f3n del medio de transporte sustentable que se est\u00e1 llevando adelante en Rosario, Santa Fe.\u00a0<\/p>\n\n\n\n<p>Despu\u00e9s de la tanda de 120, llegar\u00e1n otras 200 durante julio y agosto y luego el resto.&nbsp;<mark>Estar\u00e1n monitoreadas con GPS y habr\u00e1 una aplicaci\u00f3n para saber cu\u00e1ntas unidades hay en cada parador<\/mark>. Por lo tanto, en caso de robo, se activar\u00e1 una alarma cuando se salga de la zona donde puedan ser utilizadas.<\/p>\n\n\n\n<p>Habr\u00e1 100 estaciones en \u00e1reas estrat\u00e9gicas y el objetivo es que coexista con el sistema \u201cEn la Bici\u201d de Ciudad y Godoy Cruz, pero tambi\u00e9n que el usuario pueda utilizar el transbordo pagando con la tarjeta SUBE, interconectando con el Mendotran.<\/p>\n\n\n\n<p><mark>Los pasajeros podr\u00e1n utilizarlas durante una hora durante la semana y dos, los s\u00e1bados y domingos.<\/mark><\/p>\n\n\n\n<p>La inversi\u00f3n estimada es de 500 millones de pesos para la puesta en marcha de todo el sistema.<\/p>\n\n\n\n<p><em>Fuente: El Sol<\/em><\/p>\n","protected":false},"excerpt":{"rendered":"<p>Se espera que a medidos de junio se ponga en marcha el&nbsp;Bicitran,&nbsp;el sistema de bicicletas p\u00fablicas que tendr\u00e1 un valor de 70 pesos y que se abonar\u00e1, en principio, con el celular&nbsp;a trav\u00e9s de billeteras virtuales, hasta que pueda sumarse a la red&nbsp;SUBE. Natalio Mema, secretario de Servicios P\u00fablicos, sostuvo que el servicio con el<a class=\"read-more\" href=\"https:\/\/elfederalmendoza.com.ar\/index.php\/2023\/05\/19\/a-mediados-de-junio-se-pondria-en-marcha-bicitran-el-sistema-de-bicicletas-publicas-de-mendoza-costara-70-pesos\/\"> [&hellip;]<\/a><\/p>\n","protected":false},"author":2,"featured_media":22941,"comment_status":"open","ping_status":"open","sticky":false,"template":"","format":"standard","meta":{"footnotes":""},"categories":[1],"tags":[],"class_list":["post-22939","post","type-post","status-publish","format-standard","has-post-thumbnail","hentry","category-mza"],"rttpg_featured_image_url":{"full":["https:\/\/elfederalmendoza.com.ar\/wp-content\/uploads\/2023\/05\/WhatsApp-Image-2023-05-18-at-15.27.57-1.webp",1024,682,false],"landscape":["https:\/\/elfederalmendoza.com.ar\/wp-content\/uploads\/2023\/05\/WhatsApp-Image-2023-05-18-at-15.27.57-1.webp",1024,682,false],"portraits":["https:\/\/elfederalmendoza.com.ar\/wp-content\/uploads\/2023\/05\/WhatsApp-Image-2023-05-18-at-15.27.57-1.webp",1024,682,false],"thumbnail":["https:\/\/elfederalmendoza.com.ar\/wp-content\/uploads\/2023\/05\/WhatsApp-Image-2023-05-18-at-15.27.57-1-150x150.webp",150,150,true],"medium":["https:\/\/elfederalmendoza.com.ar\/wp-content\/uploads\/2023\/05\/WhatsApp-Image-2023-05-18-at-15.27.57-1-300x200.webp",300,200,true],"large":["https:\/\/elfederalmendoza.com.ar\/wp-content\/uploads\/2023\/05\/WhatsApp-Image-2023-05-18-at-15.27.57-1.webp",640,426,false],"1536x1536":["https:\/\/elfederalmendoza.com.ar\/wp-content\/uploads\/2023\/05\/WhatsApp-Image-2023-05-18-at-15.27.57-1.webp",1024,682,false],"2048x2048":["https:\/\/elfederalmendoza.com.ar\/wp-content\/uploads\/2023\/05\/WhatsApp-Image-2023-05-18-at-15.27.57-1.webp",1024,682,false],"ultp_layout_landscape_large":["https:\/\/elfederalmendoza.com.ar\/wp-content\/uploads\/2023\/05\/WhatsApp-Image-2023-05-18-at-15.27.57-1.webp",1024,682,false],"ultp_layout_landscape":["https:\/\/elfederalmendoza.com.ar\/wp-content\/uploads\/2023\/05\/WhatsApp-Image-2023-05-18-at-15.27.57-1-870x570.webp",870,570,true],"ultp_layout_portrait":["https:\/\/elfederalmendoza.com.ar\/wp-content\/uploads\/2023\/05\/WhatsApp-Image-2023-05-18-at-15.27.57-1-600x682.webp",600,682,true],"ultp_layout_square":["https:\/\/elfederalmendoza.com.ar\/wp-content\/uploads\/2023\/05\/WhatsApp-Image-2023-05-18-at-15.27.57-1-600x600.webp",600,600,true],"rpwe-thumbnail":["https:\/\/elfederalmendoza.com.ar\/wp-content\/uploads\/2023\/05\/WhatsApp-Image-2023-05-18-at-15.27.57-1-45x45.webp",45,45,true],"advps-thumb-one":["https:\/\/elfederalmendoza.com.ar\/wp-content\/uploads\/2023\/05\/WhatsApp-Image-2023-05-18-at-15.27.57-1-1024x420.webp",1024,420,true]},"rttpg_author":{"display_name":"Redacci\u00f3n El Federal","author_link":"https:\/\/elfederalmendoza.com.ar\/index.php\/author\/angelflores\/"},"rttpg_comment":0,"rttpg_category":"<a href=\"https:\/\/elfederalmendoza.com.ar\/index.php\/category\/mza\/\" rel=\"category tag\">Mendoza<\/a>","rttpg_excerpt":"Se espera que a medidos de junio se ponga en marcha el&nbsp;Bicitran,&nbsp;el sistema de bicicletas p\u00fablicas que tendr\u00e1 un valor de 70 pesos y que se abonar\u00e1, en principio, con el celular&nbsp;a trav\u00e9s de billeteras virtuales, hasta que pueda sumarse a la red&nbsp;SUBE. Natalio Mema, secretario de Servicios P\u00fablicos, sostuvo que el servicio con el&hellip;","_links":{"self":[{"href":"https:\/\/elfederalmendoza.com.ar\/index.php\/wp-json\/wp\/v2\/posts\/22939","targetHints":{"allow":["GET"]}}],"collection":[{"href":"https:\/\/elfederalmendoza.com.ar\/index.php\/wp-json\/wp\/v2\/posts"}],"about":[{"href":"https:\/\/elfederalmendoza.com.ar\/index.php\/wp-json\/wp\/v2\/types\/post"}],"author":[{"embeddable":true,"href":"https:\/\/elfederalmendoza.com.ar\/index.php\/wp-json\/wp\/v2\/users\/2"}],"replies":[{"embeddable":true,"href":"https:\/\/elfederalmendoza.com.ar\/index.php\/wp-json\/wp\/v2\/comments?post=22939"}],"version-history":[{"count":1,"href":"https:\/\/elfederalmendoza.com.ar\/index.php\/wp-json\/wp\/v2\/posts\/22939\/revisions"}],"predecessor-version":[{"id":22942,"href":"https:\/\/elfederalmendoza.com.ar\/index.php\/wp-json\/wp\/v2\/posts\/22939\/revisions\/22942"}],"wp:featuredmedia":[{"embeddable":true,"href":"https:\/\/elfederalmendoza.com.ar\/index.php\/wp-json\/wp\/v2\/media\/22941"}],"wp:attachment":[{"href":"https:\/\/elfederalmendoza.com.ar\/index.php\/wp-json\/wp\/v2\/media?parent=22939"}],"wp:term":[{"taxonomy":"category","embeddable":true,"href":"https:\/\/elfederalmendoza.com.ar\/index.php\/wp-json\/wp\/v2\/categories?post=22939"},{"taxonomy":"post_tag","embeddable":true,"href":"https:\/\/elfederalmendoza.com.ar\/index.php\/wp-json\/wp\/v2\/tags?post=22939"}],"curies":[{"name":"wp","href":"https:\/\/api.w.org\/{rel}","templated":true}]}}