{"id":22959,"date":"2023-05-19T12:31:40","date_gmt":"2023-05-19T15:31:40","guid":{"rendered":"https:\/\/elfederalmendoza.com\/?p=22959"},"modified":"2023-05-19T12:31:41","modified_gmt":"2023-05-19T15:31:41","slug":"robaron-un-celular-en-maipu-los-persiguieron-hasta-san-martin-y-detuvieron-a-uno-de-ellos","status":"publish","type":"post","link":"https:\/\/elfederalmendoza.com.ar\/index.php\/2023\/05\/19\/robaron-un-celular-en-maipu-los-persiguieron-hasta-san-martin-y-detuvieron-a-uno-de-ellos\/","title":{"rendered":"Robaron un celular en Maip\u00fa, los persiguieron hasta San Mart\u00edn y detuvieron a uno de ellos"},"content":{"rendered":"\n<p>Un hombre de 45 a\u00f1os fue&nbsp;<strong>detenido<\/strong>&nbsp;en&nbsp;<strong>Maip\u00fa<\/strong>, tras asaltar a dos personas. Fue localizado gracias a los drones, en medio de una espectacular&nbsp;<strong>persecuci\u00f3n policial<\/strong>.<\/p>\n\n\n\n<p>El hecho ocurri\u00f3 cuando se alert\u00f3 a efectivos de la UEP&nbsp;<strong>Maip\u00fa<\/strong>&nbsp;sobre dos mujeres que hab\u00edan sufrido un asalto, donde les robaron un tel\u00e9fono celular.<\/p>\n\n\n\n<p>Inmediatamente con las caracter\u00edsticas de los delincuentes, vestimentas y veh\u00edculo en que se movilizaban, una camioneta VW Saveiro, comenzaron un operativo.<\/p>\n\n\n\n<p>Al ir circulando por Ruta 50 hacia el norte, distrito de San Roque, visualizaron el rodado, en el cual los ocupantes, al advertir la presencia policial emprendieron la huida en direcci\u00f3n hacia zona este, departamento&nbsp;<strong>San Mart\u00edn<\/strong>, por lo cual desde el CEO se alert\u00f3 al personal de esa jurisdicci\u00f3n.<\/p>\n\n\n\n<p>Los sujetos llegaron a carril San Pedro y continuaron hacia el norte hasta llegar a calle Montosa donde el conductor perdi\u00f3 el dominio del veh\u00edculo y termin\u00f3 su recorrido contra un mont\u00edculo de escombros de gran tama\u00f1o. Siguieron la huida a pie hacia el interior de un campo inculto.<\/p>\n\n\n\n<p>Desde el CEO CENTRAL se requirieron los servicios de la DIVISI\u00d3N VANT (DRONES). Del interior de la camioneta se recuper\u00f3 el bien sustra\u00eddo y una zapatilla, que ser\u00eda la del conductor.<\/p>\n\n\n\n<p>Continuando con la b\u00fasqueda de los delincuentes y con la activa participaci\u00f3n de los efectivos de la Divisi\u00f3n Vant a trav\u00e9s de los drones, lograron visualizar a un sujeto que se encontraba tirado en el piso entre arbustos, a quien le faltaba la zapatilla. Fue\u00a0<strong>detenido<\/strong>\u00a0quedando a disposici\u00f3n del Ministerio Publico Fiscal.<\/p>\n","protected":false},"excerpt":{"rendered":"<p>Un hombre de 45 a\u00f1os fue&nbsp;detenido&nbsp;en&nbsp;Maip\u00fa, tras asaltar a dos personas. Fue localizado gracias a los drones, en medio de una espectacular&nbsp;persecuci\u00f3n policial. El hecho ocurri\u00f3 cuando se alert\u00f3 a efectivos de la UEP&nbsp;Maip\u00fa&nbsp;sobre dos mujeres que hab\u00edan sufrido un asalto, donde les robaron un tel\u00e9fono celular. Inmediatamente con las caracter\u00edsticas de los delincuentes, vestimentas<a class=\"read-more\" href=\"https:\/\/elfederalmendoza.com.ar\/index.php\/2023\/05\/19\/robaron-un-celular-en-maipu-los-persiguieron-hasta-san-martin-y-detuvieron-a-uno-de-ellos\/\"> [&hellip;]<\/a><\/p>\n","protected":false},"author":2,"featured_media":22963,"comment_status":"open","ping_status":"open","sticky":false,"template":"","format":"standard","meta":{"footnotes":""},"categories":[1],"tags":[],"class_list":["post-22959","post","type-post","status-publish","format-standard","has-post-thumbnail","hentry","category-mza"],"rttpg_featured_image_url":{"full":["https:\/\/elfederalmendoza.com.ar\/wp-content\/uploads\/2023\/05\/cuchillo1.jpg",1200,675,false],"landscape":["https:\/\/elfederalmendoza.com.ar\/wp-content\/uploads\/2023\/05\/cuchillo1.jpg",1200,675,false],"portraits":["https:\/\/elfederalmendoza.com.ar\/wp-content\/uploads\/2023\/05\/cuchillo1.jpg",1200,675,false],"thumbnail":["https:\/\/elfederalmendoza.com.ar\/wp-content\/uploads\/2023\/05\/cuchillo1-150x150.jpg",150,150,true],"medium":["https:\/\/elfederalmendoza.com.ar\/wp-content\/uploads\/2023\/05\/cuchillo1-300x169.jpg",300,169,true],"large":["https:\/\/elfederalmendoza.com.ar\/wp-content\/uploads\/2023\/05\/cuchillo1-1024x576.jpg",640,360,true],"1536x1536":["https:\/\/elfederalmendoza.com.ar\/wp-content\/uploads\/2023\/05\/cuchillo1.jpg",1200,675,false],"2048x2048":["https:\/\/elfederalmendoza.com.ar\/wp-content\/uploads\/2023\/05\/cuchillo1.jpg",1200,675,false],"ultp_layout_landscape_large":["https:\/\/elfederalmendoza.com.ar\/wp-content\/uploads\/2023\/05\/cuchillo1.jpg",1200,675,false],"ultp_layout_landscape":["https:\/\/elfederalmendoza.com.ar\/wp-content\/uploads\/2023\/05\/cuchillo1-870x570.jpg",870,570,true],"ultp_layout_portrait":["https:\/\/elfederalmendoza.com.ar\/wp-content\/uploads\/2023\/05\/cuchillo1-600x675.jpg",600,675,true],"ultp_layout_square":["https:\/\/elfederalmendoza.com.ar\/wp-content\/uploads\/2023\/05\/cuchillo1-600x600.jpg",600,600,true],"rpwe-thumbnail":["https:\/\/elfederalmendoza.com.ar\/wp-content\/uploads\/2023\/05\/cuchillo1-45x45.jpg",45,45,true],"advps-thumb-one":["https:\/\/elfederalmendoza.com.ar\/wp-content\/uploads\/2023\/05\/cuchillo1-1200x420.jpg",1200,420,true]},"rttpg_author":{"display_name":"Redacci\u00f3n El Federal","author_link":"https:\/\/elfederalmendoza.com.ar\/index.php\/author\/angelflores\/"},"rttpg_comment":0,"rttpg_category":"<a href=\"https:\/\/elfederalmendoza.com.ar\/index.php\/category\/mza\/\" rel=\"category tag\">Mendoza<\/a>","rttpg_excerpt":"Un hombre de 45 a\u00f1os fue&nbsp;detenido&nbsp;en&nbsp;Maip\u00fa, tras asaltar a dos personas. Fue localizado gracias a los drones, en medio de una espectacular&nbsp;persecuci\u00f3n policial. El hecho ocurri\u00f3 cuando se alert\u00f3 a efectivos de la UEP&nbsp;Maip\u00fa&nbsp;sobre dos mujeres que hab\u00edan sufrido un asalto, donde les robaron un tel\u00e9fono celular. Inmediatamente con las caracter\u00edsticas de los delincuentes, vestimentas&hellip;","_links":{"self":[{"href":"https:\/\/elfederalmendoza.com.ar\/index.php\/wp-json\/wp\/v2\/posts\/22959","targetHints":{"allow":["GET"]}}],"collection":[{"href":"https:\/\/elfederalmendoza.com.ar\/index.php\/wp-json\/wp\/v2\/posts"}],"about":[{"href":"https:\/\/elfederalmendoza.com.ar\/index.php\/wp-json\/wp\/v2\/types\/post"}],"author":[{"embeddable":true,"href":"https:\/\/elfederalmendoza.com.ar\/index.php\/wp-json\/wp\/v2\/users\/2"}],"replies":[{"embeddable":true,"href":"https:\/\/elfederalmendoza.com.ar\/index.php\/wp-json\/wp\/v2\/comments?post=22959"}],"version-history":[{"count":2,"href":"https:\/\/elfederalmendoza.com.ar\/index.php\/wp-json\/wp\/v2\/posts\/22959\/revisions"}],"predecessor-version":[{"id":22964,"href":"https:\/\/elfederalmendoza.com.ar\/index.php\/wp-json\/wp\/v2\/posts\/22959\/revisions\/22964"}],"wp:featuredmedia":[{"embeddable":true,"href":"https:\/\/elfederalmendoza.com.ar\/index.php\/wp-json\/wp\/v2\/media\/22963"}],"wp:attachment":[{"href":"https:\/\/elfederalmendoza.com.ar\/index.php\/wp-json\/wp\/v2\/media?parent=22959"}],"wp:term":[{"taxonomy":"category","embeddable":true,"href":"https:\/\/elfederalmendoza.com.ar\/index.php\/wp-json\/wp\/v2\/categories?post=22959"},{"taxonomy":"post_tag","embeddable":true,"href":"https:\/\/elfederalmendoza.com.ar\/index.php\/wp-json\/wp\/v2\/tags?post=22959"}],"curies":[{"name":"wp","href":"https:\/\/api.w.org\/{rel}","templated":true}]}}