{"id":22967,"date":"2023-05-19T17:03:47","date_gmt":"2023-05-19T20:03:47","guid":{"rendered":"https:\/\/elfederalmendoza.com\/?p=22967"},"modified":"2023-05-19T17:03:47","modified_gmt":"2023-05-19T20:03:47","slug":"el-fiscal-pidio-25-anos-de-pirision-para-la-monja-kumiko-kosaka-por-los-abusos-en-el-instituto-provolo","status":"publish","type":"post","link":"https:\/\/elfederalmendoza.com.ar\/index.php\/2023\/05\/19\/el-fiscal-pidio-25-anos-de-pirision-para-la-monja-kumiko-kosaka-por-los-abusos-en-el-instituto-provolo\/","title":{"rendered":"El fiscal pidi\u00f3 25 a\u00f1os de pirisi\u00f3n para la monja Kumiko Kosaka por los abusos en el Instituto Pr\u00f3volo"},"content":{"rendered":"\n<p>Este viernes finalizaron los alegatos del fiscal Alejandro Iturbide contra la exreligiosa&nbsp;<strong>Kumiko Kosaka<\/strong>, en la tercera causa por las denuncias de abuso sexual en el Instituto Antonio Pr\u00f3volo de Luj\u00e1n de Cuyo.<\/p>\n\n\n\n<p>La fiscal\u00eda le solicit\u00f3 al tribunal una condena de 25 a\u00f1os de prisi\u00f3n y 10 a\u00f1os de inhabilitaci\u00f3n especial m\u00e1xima para ejercer cargos educativos y de albergue donde hayan menores y donde se requiera el control de la autoridad p\u00fablica.&nbsp;<\/p>\n\n\n\n<p>La causa&nbsp;tiene, adem\u00e1s otras&nbsp;<strong>ocho&nbsp;imputadas&nbsp;<\/strong>y es el tercer juicio que se lleva adelante por las denuncias de abusos sexuales contra chicos hipoac\u00fasicos ocurridos dentro del instituto.<\/p>\n\n\n\n<p>Kumiko Kosaka es la \u00fanica imputada en dos de las tres causas que se est\u00e1n debatiendo. La \u00abreligiosa\u00bb est\u00e1 imputada en 6 hechos en una de las causas entre ellos abuso sexual simple agravado por ser cometido por ministro de culto reconocido y corrupci\u00f3n de menores.<\/p>\n\n\n\n<p>En la otra causa se la acusa de ser autora del delito de abuso sexual gravemente ultrajante, agravado por ser el autor encargado de la guarda y por ser cometido contra un menor de dieciocho a\u00f1os de edad aprovechando la situaci\u00f3n de convivencia preexistente con el mismo.<\/p>\n\n\n\n<p>La pr\u00f3xima semana llegar\u00e1n los alegatos finales de la Querella, llevada adelante por nueve abogados en representaci\u00f3n de tres denunciantes, y de otros dos en representaci\u00f3n de otras tres v\u00edctimas. Luego seguir\u00e1n las \u00faltimas palabras de la defensa de Kumiko Kosaka.<\/p>\n\n\n\n<p>Tras ese proceso el debate continuar\u00e1 con los alegatos de las otras ocho imputadas. Graciela Pascual Ivars (65); Asunci\u00f3n Mart\u00ednez (53); Gladys Edith Pinacca Andrade (66); Cristina Fabiana Leguiza Funes (50); Valeska Elizabeth Quintana Valenzuela (48); Laura Alejandra Gaetan Sicardi (60); Cecilia Alejandra Raffo Andreotti (43); Noem\u00ed del Carmen Paz Torrez (63) est\u00e1n acusadas de ser part\u00edcipes secundarias en T\u00e9rminos de Comisi\u00f3n por Omisi\u00f3n emergente de la Violaci\u00f3n al Deber de Garante.<\/p>\n\n\n\n<p><strong>Los juicios<\/strong><\/p>\n\n\n\n<p>Si bien el juicio que se est\u00e1 llevando adelante es conocido como el segundo juicio, es en realidad la tercera causa. El primero fue un abreviado en el que el monagillo Jorge Bord\u00f3n, ex empleado administrativo del Instituto Antonio Pr\u00f3volo confes\u00f3 la autor\u00eda de los hechos y recibi\u00f3 una pena de 10 a\u00f1os de c\u00e1rcel el 25 de septiembre de 2018.<\/p>\n\n\n\n<p>El segundo juicio fue el que&nbsp;conden\u00f3 el 25 de noviembre&nbsp;de 2019 a los curas&nbsp;<strong>Nicola Bruno Corradi y Horacio Hugo Corbacho Blanc<\/strong>&nbsp;y el jardinero&nbsp;<strong>Armando Ram\u00f3n G\u00f3mez<\/strong>&nbsp;a 42 a\u00f1os, 45 a\u00f1os y 18 a\u00f1os de prisi\u00f3n respectivamente.<\/p>\n\n\n\n<p>Es as\u00ed que esta nueva causa que tiene nueve imputadas es el tercer juicio que se lleva adelante por las denuncias de abusos sexuales ocurridos dentro del Instituto Antonio Provolo contra chicos hipoac\u00fasicos.<\/p>\n","protected":false},"excerpt":{"rendered":"<p>Este viernes finalizaron los alegatos del fiscal Alejandro Iturbide contra la exreligiosa&nbsp;Kumiko Kosaka, en la tercera causa por las denuncias de abuso sexual en el Instituto Antonio Pr\u00f3volo de Luj\u00e1n de Cuyo. La fiscal\u00eda le solicit\u00f3 al tribunal una condena de 25 a\u00f1os de prisi\u00f3n y 10 a\u00f1os de inhabilitaci\u00f3n especial m\u00e1xima para ejercer cargos<a class=\"read-more\" href=\"https:\/\/elfederalmendoza.com.ar\/index.php\/2023\/05\/19\/el-fiscal-pidio-25-anos-de-pirision-para-la-monja-kumiko-kosaka-por-los-abusos-en-el-instituto-provolo\/\"> [&hellip;]<\/a><\/p>\n","protected":false},"author":2,"featured_media":22969,"comment_status":"open","ping_status":"open","sticky":false,"template":"","format":"standard","meta":{"footnotes":""},"categories":[1],"tags":[],"class_list":["post-22967","post","type-post","status-publish","format-standard","has-post-thumbnail","hentry","category-mza"],"rttpg_featured_image_url":{"full":["https:\/\/elfederalmendoza.com.ar\/wp-content\/uploads\/2023\/05\/WhatsApp-Image-2023-05-19-at-17.03.35.jpeg",1200,630,false],"landscape":["https:\/\/elfederalmendoza.com.ar\/wp-content\/uploads\/2023\/05\/WhatsApp-Image-2023-05-19-at-17.03.35.jpeg",1200,630,false],"portraits":["https:\/\/elfederalmendoza.com.ar\/wp-content\/uploads\/2023\/05\/WhatsApp-Image-2023-05-19-at-17.03.35.jpeg",1200,630,false],"thumbnail":["https:\/\/elfederalmendoza.com.ar\/wp-content\/uploads\/2023\/05\/WhatsApp-Image-2023-05-19-at-17.03.35-150x150.jpeg",150,150,true],"medium":["https:\/\/elfederalmendoza.com.ar\/wp-content\/uploads\/2023\/05\/WhatsApp-Image-2023-05-19-at-17.03.35-300x158.jpeg",300,158,true],"large":["https:\/\/elfederalmendoza.com.ar\/wp-content\/uploads\/2023\/05\/WhatsApp-Image-2023-05-19-at-17.03.35-1024x538.jpeg",640,336,true],"1536x1536":["https:\/\/elfederalmendoza.com.ar\/wp-content\/uploads\/2023\/05\/WhatsApp-Image-2023-05-19-at-17.03.35.jpeg",1200,630,false],"2048x2048":["https:\/\/elfederalmendoza.com.ar\/wp-content\/uploads\/2023\/05\/WhatsApp-Image-2023-05-19-at-17.03.35.jpeg",1200,630,false],"ultp_layout_landscape_large":["https:\/\/elfederalmendoza.com.ar\/wp-content\/uploads\/2023\/05\/WhatsApp-Image-2023-05-19-at-17.03.35.jpeg",1200,630,false],"ultp_layout_landscape":["https:\/\/elfederalmendoza.com.ar\/wp-content\/uploads\/2023\/05\/WhatsApp-Image-2023-05-19-at-17.03.35-870x570.jpeg",870,570,true],"ultp_layout_portrait":["https:\/\/elfederalmendoza.com.ar\/wp-content\/uploads\/2023\/05\/WhatsApp-Image-2023-05-19-at-17.03.35-600x630.jpeg",600,630,true],"ultp_layout_square":["https:\/\/elfederalmendoza.com.ar\/wp-content\/uploads\/2023\/05\/WhatsApp-Image-2023-05-19-at-17.03.35-600x600.jpeg",600,600,true],"rpwe-thumbnail":["https:\/\/elfederalmendoza.com.ar\/wp-content\/uploads\/2023\/05\/WhatsApp-Image-2023-05-19-at-17.03.35-45x45.jpeg",45,45,true],"advps-thumb-one":["https:\/\/elfederalmendoza.com.ar\/wp-content\/uploads\/2023\/05\/WhatsApp-Image-2023-05-19-at-17.03.35-1200x420.jpeg",1200,420,true]},"rttpg_author":{"display_name":"Redacci\u00f3n El Federal","author_link":"https:\/\/elfederalmendoza.com.ar\/index.php\/author\/angelflores\/"},"rttpg_comment":0,"rttpg_category":"<a href=\"https:\/\/elfederalmendoza.com.ar\/index.php\/category\/mza\/\" rel=\"category tag\">Mendoza<\/a>","rttpg_excerpt":"Este viernes finalizaron los alegatos del fiscal Alejandro Iturbide contra la exreligiosa&nbsp;Kumiko Kosaka, en la tercera causa por las denuncias de abuso sexual en el Instituto Antonio Pr\u00f3volo de Luj\u00e1n de Cuyo. La fiscal\u00eda le solicit\u00f3 al tribunal una condena de 25 a\u00f1os de prisi\u00f3n y 10 a\u00f1os de inhabilitaci\u00f3n especial m\u00e1xima para ejercer cargos&hellip;","_links":{"self":[{"href":"https:\/\/elfederalmendoza.com.ar\/index.php\/wp-json\/wp\/v2\/posts\/22967","targetHints":{"allow":["GET"]}}],"collection":[{"href":"https:\/\/elfederalmendoza.com.ar\/index.php\/wp-json\/wp\/v2\/posts"}],"about":[{"href":"https:\/\/elfederalmendoza.com.ar\/index.php\/wp-json\/wp\/v2\/types\/post"}],"author":[{"embeddable":true,"href":"https:\/\/elfederalmendoza.com.ar\/index.php\/wp-json\/wp\/v2\/users\/2"}],"replies":[{"embeddable":true,"href":"https:\/\/elfederalmendoza.com.ar\/index.php\/wp-json\/wp\/v2\/comments?post=22967"}],"version-history":[{"count":1,"href":"https:\/\/elfederalmendoza.com.ar\/index.php\/wp-json\/wp\/v2\/posts\/22967\/revisions"}],"predecessor-version":[{"id":22970,"href":"https:\/\/elfederalmendoza.com.ar\/index.php\/wp-json\/wp\/v2\/posts\/22967\/revisions\/22970"}],"wp:featuredmedia":[{"embeddable":true,"href":"https:\/\/elfederalmendoza.com.ar\/index.php\/wp-json\/wp\/v2\/media\/22969"}],"wp:attachment":[{"href":"https:\/\/elfederalmendoza.com.ar\/index.php\/wp-json\/wp\/v2\/media?parent=22967"}],"wp:term":[{"taxonomy":"category","embeddable":true,"href":"https:\/\/elfederalmendoza.com.ar\/index.php\/wp-json\/wp\/v2\/categories?post=22967"},{"taxonomy":"post_tag","embeddable":true,"href":"https:\/\/elfederalmendoza.com.ar\/index.php\/wp-json\/wp\/v2\/tags?post=22967"}],"curies":[{"name":"wp","href":"https:\/\/api.w.org\/{rel}","templated":true}]}}