{"id":22973,"date":"2023-05-20T10:57:56","date_gmt":"2023-05-20T13:57:56","guid":{"rendered":"https:\/\/elfederalmendoza.com\/?p=22973"},"modified":"2023-05-20T11:48:29","modified_gmt":"2023-05-20T14:48:29","slug":"aprobaron-en-cordoba-el-narcotest-para-funcionarios-municipales-subdirectores-y-asesores","status":"publish","type":"post","link":"https:\/\/elfederalmendoza.com.ar\/index.php\/2023\/05\/20\/aprobaron-en-cordoba-el-narcotest-para-funcionarios-municipales-subdirectores-y-asesores\/","title":{"rendered":"Aprobaron en C\u00f3rdoba el \u00abnarcotest\u00bb para funcionarios municipales, subdirectores y asesores"},"content":{"rendered":"\n<p>Foto ilustrativa<\/p>\n\n\n\n<p>La normativa establece controles de consumo de psicotr\u00f3picos ilegales a aquellos que ocupen puestos electivos en capital cordobesa. <strong>Tambi\u00e9n incluye a subdirectores y asesores.<\/strong><\/p>\n\n\n\n<figure class=\"wp-block-image is-resized\"><img loading=\"lazy\" decoding=\"async\" src=\"https:\/\/www.cadena3.com\/admin\/playerswf\/fotos\/ARCHI_999962.jpg\" alt=\"AUDIO: Bali\u00e1n sobre el narcotest: \" width=\"832\" height=\"513\"\/><\/figure>\n\n\n\n<p>FOTO: ilustrativa\/Concejo Deliberante de C\u00f3rdoba.\u2039\u203a<\/p>\n\n\n\n<p>Este jueves el Concejo Deliberante de&nbsp;C\u00f3rdoba&nbsp;aprob\u00f3 este jueves el proyecto de \u00abnarcotest\u00bb para funcionarios municipales. El proyecto quedar\u00e1 pendiente de reglamentaci\u00f3n y se estima que sea en los pr\u00f3ximos d\u00edas.<\/p>\n\n\n\n<p>La normativa establece&nbsp;<strong>controles de consumo de psicotr\u00f3picos ilegales<\/strong>&nbsp;a aquellos que ocupen puestos electivos en capital cordobesa<\/p>\n\n\n\n<p>El concejal&nbsp;Diego Casado, autor del proyecto, dijo a&nbsp;<strong>Cadena 3<\/strong>&nbsp;que se aprob\u00f3 la modificaci\u00f3n la incorporaci\u00f3n del art\u00edculo 5 bis del C\u00f3digo de \u00c9tica para el ejercicio de la funci\u00f3n p\u00fablica.<\/p>\n\n\n\n<p>Esto \u00faltimo exige que aquellas personas que, por elecci\u00f3n popular ejercen funciones p\u00fablicas, van a tener que presentar los ex\u00e1menes de negativa de sustancias psicotr\u00f3picas ilegales en sangre, en orina o en su cuerpo.<\/p>\n\n\n\n<p>La normativa establece&nbsp;<strong>controles de consumo de psicotr\u00f3picos ilegales<\/strong>&nbsp;a aquellos que ocupen puestos electivos en capital cordobesa<\/p>\n\n\n\n<p>Esto \u00faltimo exige que aquellas personas que, por elecci\u00f3n popular ejercen funciones p\u00fablicas, van a tener que presentar los ex\u00e1menes de negativa de sustancias psicotr\u00f3picas ilegales en sangre, en orina o en su cuerpo.<a href=\"https:\/\/www.cadena3.com\/noticia\/ahora-pais\/cordoba-impulsan-un-proyecto-para-obligar-a-funcionarios-a-pasar-test-de-drogas_353722\"><\/a><\/p>\n\n\n\n<p>\u00abAplica para los cargos de intendente, viceintendente, concejales, tribunales de cuenta, secretarios y subsecretarios; los directores, subdirectores y asesores, entre otros\u00bb, detall\u00f3 Casado a&nbsp;<strong>Cadena 3.<\/strong><\/p>\n\n\n\n<p>Y ampli\u00f3: \u00abSi la persona no est\u00e1 en \u00f3ptimas condiciones para poderlo hacer, no puede ejercer la funci\u00f3n p\u00fablica y ser\u00e1 suspendido\u00bb.<\/p>\n\n\n\n<p>Casado dijo que buscan&nbsp;<strong>cortar con la connivencia o el encubrimiento<\/strong>&nbsp;que pueda llegar a existir entre el funcionario y el narcotraficante. \u00ab\u00bfC\u00f3mo va a hacer un funcionario para ir a luchar en contra del narcotr\u00e1fico cuando tiene una relaci\u00f3n directa con el mismo?, pregunt\u00f3.<a href=\"https:\/\/www.cadena3.com\/noticia\/radioinforme-3\/chile-comienza-la-iniciativa-que-obliga-a-diputados-a-hacerse-un-test-de-drogas_333886\"><\/a><\/p>\n\n\n\n<p>El narcotest se realizar\u00e1 una vez al a\u00f1o, de manera aleatoria. \u00abTodo eso est\u00e1 sujeto a la reglamentaci\u00f3n que haga el Poder Ejecutivo de esta normativa, que acaba de aprobarse en el d\u00eda de hoy (por el jueves)\u00bb, a\u00f1adi\u00f3 el concejal.<\/p>\n\n\n\n<p>\u00abQue a esa persona que pueda llegar a tener el problema, se le pueda hacer un acompa\u00f1amiento y tratamiento. Cuando est\u00e9 dado de alta por un m\u00e9dico, podr\u00eda volver a ejercer la funci\u00f3n p\u00fablica\u00bb, precis\u00f3.<\/p>\n\n\n\n<p>El proyecto tuvo&nbsp;<strong>29 votos a favor,<\/strong>&nbsp;una abstenci\u00f3n, un voto en contra y se debe reglamentar en los pr\u00f3ximos d\u00edas. Seg\u00fan supo&nbsp;<strong>Cadena 3,<\/strong>&nbsp;podr\u00eda ser semana pr\u00f3xima.<\/p>\n\n\n\n<p>Cabe destacar que la normativa aplica para aquellos que desempe\u00f1en funciones que tengan que ver con el nivel jer\u00e1rquico de la Municipalidad de C\u00f3rdoba.<a href=\"https:\/\/www.cadena3.com\/noticia\/ahora-pais\/crimen-de-milagros-bottone-la-jueza-aseguro-que-solo-tenia-3-denuncias-a-cargo_358359\"><\/a><\/p>\n\n\n\n<p>Por su parte, el concejal radical&nbsp;<strong>Lucas Bali\u00e1n<\/strong>&nbsp;dijo a&nbsp;<strong>Cadena 3<\/strong>&nbsp;que la norma es \u00abun poco por encima de la nada\u00bb y que si bien al principio acompa\u00f1aron hay varios puntos poco claros en la ordenanza.&nbsp;<\/p>\n\n\n\n<p>\u00abEn principio era un test que se iba a aplicar a todos los candidatos y termin\u00f3 siendo una ordenanza que lleg\u00f3 en primera y regulando porque en el Estado Municipal no se sabe si este es un problema de salud p\u00fablica, \u00e9tica o pol\u00edtico\u00bb, critic\u00f3.<\/p>\n\n\n\n<p>\u00abTiene una ensalada que no se resuelve con esta ordenanza y el oficialismo lo expone y lo comunica para crear una especie de trampa en la que uno no se puede oponer\u00bb, cuestion\u00f3.&nbsp;<\/p>\n\n\n\n<p>\u00abEl tema es que pas\u00f3 de ser obligatorio a aleatorio y perdimos la oportunidad de discutir m\u00e1s seriamente este tema y nadie de los que votamos ayer sabemos de qu\u00e9 manera se va a instrumentar\u00bb, lament\u00f3.&nbsp;<\/p>\n\n\n\n<p>En otro punto dijo que no se sabe si a quienes les de positivo el narcotest se los va a ayudar y contener o si van a tener que renunciar o tomar licencia.&nbsp;<\/p>\n\n\n\n<p>\u00abPerdimos una oportunidad importante para discutir el tema\u00bb, reiter\u00f3.<\/p>\n\n\n\n<p><strong>Informe de Gonzalo Carrasquera<\/strong><\/p>\n\n\n\n<p>Cadena 3<\/p>\n","protected":false},"excerpt":{"rendered":"<p>Foto ilustrativa La normativa establece controles de consumo de psicotr\u00f3picos ilegales a aquellos que ocupen puestos electivos en capital cordobesa. Tambi\u00e9n incluye a subdirectores y asesores. FOTO: ilustrativa\/Concejo Deliberante de C\u00f3rdoba.\u2039\u203a Este jueves el Concejo Deliberante de&nbsp;C\u00f3rdoba&nbsp;aprob\u00f3 este jueves el proyecto de \u00abnarcotest\u00bb para funcionarios municipales. El proyecto quedar\u00e1 pendiente de reglamentaci\u00f3n y se estima<a class=\"read-more\" href=\"https:\/\/elfederalmendoza.com.ar\/index.php\/2023\/05\/20\/aprobaron-en-cordoba-el-narcotest-para-funcionarios-municipales-subdirectores-y-asesores\/\"> [&hellip;]<\/a><\/p>\n","protected":false},"author":2,"featured_media":22975,"comment_status":"open","ping_status":"open","sticky":false,"template":"","format":"standard","meta":{"footnotes":""},"categories":[5618],"tags":[],"class_list":["post-22973","post","type-post","status-publish","format-standard","has-post-thumbnail","hentry","category-arg"],"rttpg_featured_image_url":{"full":["https:\/\/elfederalmendoza.com.ar\/wp-content\/uploads\/2023\/05\/funcionario-drogandose.jpg",1077,604,false],"landscape":["https:\/\/elfederalmendoza.com.ar\/wp-content\/uploads\/2023\/05\/funcionario-drogandose.jpg",1077,604,false],"portraits":["https:\/\/elfederalmendoza.com.ar\/wp-content\/uploads\/2023\/05\/funcionario-drogandose.jpg",1077,604,false],"thumbnail":["https:\/\/elfederalmendoza.com.ar\/wp-content\/uploads\/2023\/05\/funcionario-drogandose-150x150.jpg",150,150,true],"medium":["https:\/\/elfederalmendoza.com.ar\/wp-content\/uploads\/2023\/05\/funcionario-drogandose-300x168.jpg",300,168,true],"large":["https:\/\/elfederalmendoza.com.ar\/wp-content\/uploads\/2023\/05\/funcionario-drogandose-1024x574.jpg",640,359,true],"1536x1536":["https:\/\/elfederalmendoza.com.ar\/wp-content\/uploads\/2023\/05\/funcionario-drogandose.jpg",1077,604,false],"2048x2048":["https:\/\/elfederalmendoza.com.ar\/wp-content\/uploads\/2023\/05\/funcionario-drogandose.jpg",1077,604,false],"ultp_layout_landscape_large":["https:\/\/elfederalmendoza.com.ar\/wp-content\/uploads\/2023\/05\/funcionario-drogandose.jpg",1077,604,false],"ultp_layout_landscape":["https:\/\/elfederalmendoza.com.ar\/wp-content\/uploads\/2023\/05\/funcionario-drogandose-870x570.jpg",870,570,true],"ultp_layout_portrait":["https:\/\/elfederalmendoza.com.ar\/wp-content\/uploads\/2023\/05\/funcionario-drogandose-600x604.jpg",600,604,true],"ultp_layout_square":["https:\/\/elfederalmendoza.com.ar\/wp-content\/uploads\/2023\/05\/funcionario-drogandose-600x600.jpg",600,600,true],"rpwe-thumbnail":["https:\/\/elfederalmendoza.com.ar\/wp-content\/uploads\/2023\/05\/funcionario-drogandose-45x45.jpg",45,45,true],"advps-thumb-one":["https:\/\/elfederalmendoza.com.ar\/wp-content\/uploads\/2023\/05\/funcionario-drogandose-1077x420.jpg",1077,420,true]},"rttpg_author":{"display_name":"Redacci\u00f3n El Federal","author_link":"https:\/\/elfederalmendoza.com.ar\/index.php\/author\/angelflores\/"},"rttpg_comment":0,"rttpg_category":"<a href=\"https:\/\/elfederalmendoza.com.ar\/index.php\/category\/arg\/\" rel=\"category tag\">Argentina<\/a>","rttpg_excerpt":"Foto ilustrativa La normativa establece controles de consumo de psicotr\u00f3picos ilegales a aquellos que ocupen puestos electivos en capital cordobesa. Tambi\u00e9n incluye a subdirectores y asesores. FOTO: ilustrativa\/Concejo Deliberante de C\u00f3rdoba.\u2039\u203a Este jueves el Concejo Deliberante de&nbsp;C\u00f3rdoba&nbsp;aprob\u00f3 este jueves el proyecto de \u00abnarcotest\u00bb para funcionarios municipales. El proyecto quedar\u00e1 pendiente de reglamentaci\u00f3n y se estima&hellip;","_links":{"self":[{"href":"https:\/\/elfederalmendoza.com.ar\/index.php\/wp-json\/wp\/v2\/posts\/22973","targetHints":{"allow":["GET"]}}],"collection":[{"href":"https:\/\/elfederalmendoza.com.ar\/index.php\/wp-json\/wp\/v2\/posts"}],"about":[{"href":"https:\/\/elfederalmendoza.com.ar\/index.php\/wp-json\/wp\/v2\/types\/post"}],"author":[{"embeddable":true,"href":"https:\/\/elfederalmendoza.com.ar\/index.php\/wp-json\/wp\/v2\/users\/2"}],"replies":[{"embeddable":true,"href":"https:\/\/elfederalmendoza.com.ar\/index.php\/wp-json\/wp\/v2\/comments?post=22973"}],"version-history":[{"count":2,"href":"https:\/\/elfederalmendoza.com.ar\/index.php\/wp-json\/wp\/v2\/posts\/22973\/revisions"}],"predecessor-version":[{"id":22985,"href":"https:\/\/elfederalmendoza.com.ar\/index.php\/wp-json\/wp\/v2\/posts\/22973\/revisions\/22985"}],"wp:featuredmedia":[{"embeddable":true,"href":"https:\/\/elfederalmendoza.com.ar\/index.php\/wp-json\/wp\/v2\/media\/22975"}],"wp:attachment":[{"href":"https:\/\/elfederalmendoza.com.ar\/index.php\/wp-json\/wp\/v2\/media?parent=22973"}],"wp:term":[{"taxonomy":"category","embeddable":true,"href":"https:\/\/elfederalmendoza.com.ar\/index.php\/wp-json\/wp\/v2\/categories?post=22973"},{"taxonomy":"post_tag","embeddable":true,"href":"https:\/\/elfederalmendoza.com.ar\/index.php\/wp-json\/wp\/v2\/tags?post=22973"}],"curies":[{"name":"wp","href":"https:\/\/api.w.org\/{rel}","templated":true}]}}