{"id":22979,"date":"2023-05-20T11:36:28","date_gmt":"2023-05-20T14:36:28","guid":{"rendered":"https:\/\/elfederalmendoza.com\/?p=22979"},"modified":"2023-05-20T11:36:28","modified_gmt":"2023-05-20T14:36:28","slug":"mendoza-vive-un-record-historico-de-turistas-por-el-mundial-sub-20-y-la-llegada-de-chilenos","status":"publish","type":"post","link":"https:\/\/elfederalmendoza.com.ar\/index.php\/2023\/05\/20\/mendoza-vive-un-record-historico-de-turistas-por-el-mundial-sub-20-y-la-llegada-de-chilenos\/","title":{"rendered":"Mendoza vive un r\u00e9cord hist\u00f3rico de turistas por el Mundial Sub 20 y la llegada de chilenos"},"content":{"rendered":"\n<p><strong>Mendoza es una de de las cuatro sedes que eligi\u00f3 la FIFA<\/strong>\u00a0para disputarse el\u00a0<strong>Mundial Sub 20<\/strong>\u00a0por su gran\u00a0<strong>capacidad para recibir turismo.<\/strong>\u00a0La ministra del \u00e1rea, Nora Vicario, resalt\u00f3 que<strong>\u00a0mayo ya es un mes hist\u00f3rico de turistas<\/strong>\u00a0en la provincia con<strong>\u00a0reservas del 92%<\/strong>\u00a0en el Gran Mendoza y una proyecci\u00f3n del 95% para el pr\u00f3ximo fin de semana extra largo.<\/p>\n\n\n\n<p>Vicario dijo que com\u00fanmente es un mes de temporada baja y se convertir\u00e1 en un mes de temporada media\u00a0<strong>con 80.000 visitantes m\u00e1s que otros a\u00f1os<\/strong>, cerrando con m\u00e1s de 350.000 gracias tambi\u00e9n al arribo de miles de chilenos. \u00abEstamos frente a una\u00a0<strong>semana cultural, turista y deportiva que prestigia a la provincia<\/strong>\u00ab, agreg\u00f3 la ministra.<\/p>\n\n\n\n<p>El presidente de Asociaci\u00f3n de Hoteles de Turismo de Argentina filial Mendoza, Santiago Alsina, resalt\u00f3 que la provincia es un<strong>a plaza excepcional,&nbsp;<\/strong>siendo, luego se Capital Federal,&nbsp;<strong>el destino que m\u00e1s hoteles de alta categor\u00eda tiene.<\/strong>&nbsp;Agreg\u00f3 que el alojamiento est\u00e1 preparado, con<strong>&nbsp;est\u00e1ndares de trabajo, servicios y recursos humanos producto del gran rodaje,&nbsp;<\/strong>volumen de ocupaci\u00f3n y turismo receptivo internacional.<\/p>\n\n\n\n<figure class=\"wp-block-image\"><img decoding=\"async\" src=\"https:\/\/media.diariouno.com.ar\/p\/7bca85e44a066f80f84ea99dc541d098\/adjuntos\/298\/imagenes\/009\/159\/0009159967\/1200x0\/smart\/mendoza-turismojpeg.jpeg\" alt=\"El presidente de  Asociaci\u00f3n de Hoteles de Turismo de Argentina filial Mendoza, Santiago Alsina, resalt\u00f3 que la provincia es una plaza excepcional.\"\/><figcaption class=\"wp-element-caption\">El presidente de Asociaci\u00f3n de Hoteles de Turismo de Argentina filial Mendoza, Santiago Alsina, resalt\u00f3 que la provincia es una plaza excepcional. Foto: Nicol\u00e1s Rios\/Diario UNO<\/figcaption><\/figure>\n\n\n\n<h2 class=\"wp-block-heading\"><strong>Hoteles 4 y 5 estrellas ocupados por las delegaciones<\/strong><\/h2>\n\n\n\n<p><strong>El Mundial Sub 20 \u00abha impactado positivamente.&nbsp;<\/strong>En mayo generalmente no hay mucho volumen tur\u00edstico as\u00ed que ha generado un buen volumen de trabajo, estamos muy satisfechos\u00bb, expres\u00f3 Alsina.<\/p>\n\n\n\n<p>A\u00f1adi\u00f3 que Mendoza tiene seis hoteles de alta categor\u00eda que fueron&nbsp;<strong>contratados por la FIFA y las diferentes delegaciones internacionales<\/strong>, los cuatro hoteles 5 estrellas que tiene la provincia<strong>, Sheraton, Hotel &amp; Casino C\u00f3ndor de los Andes, Diplomatic y Park Hyatt<\/strong>&nbsp;y dos de 4 estrellas,<strong>&nbsp;Hotel NH Mendoza Cordillera y Mod Hotels.<\/strong><\/p>\n\n\n\n<p>Alsina destac\u00f3 que producto del evento deportivo la ocupaci\u00f3n en hoteles de 4 y 5 estrellas va a rondar el 85% porque ya tienen contratadas m\u00e1s de 5.000 noches de alojamiento en esa categor\u00eda.&nbsp;<strong>Cada delegaci\u00f3n toma entre 30 y 40 habitaciones de hotel&nbsp;<\/strong>con un promedio de estad\u00eda de 14 noches.<\/p>\n\n\n\n<figure class=\"wp-block-image\"><img decoding=\"async\" src=\"https:\/\/media.diariouno.com.ar\/p\/7e93336594af5cbad4fd396e445d2ed2\/adjuntos\/298\/imagenes\/009\/159\/0009159892\/1200x0\/smart\/republica-dominicana-mundial-sub-20-mendoza-turismojpeg.jpeg\" alt=\"Integrantes de la delegaci&oacute;n de Rep&uacute;blica Dominicana del Mundial Sub 20 disfrutando de Mendoza.\"\/><figcaption class=\"wp-element-caption\">Integrantes de la delegaci\u00f3n de Rep\u00fablica Dominicana del Mundial Sub 20 disfrutando de Mendoza. Foto: Nicol\u00e1s Rios\/Diario UNO<\/figcaption><\/figure>\n\n\n\n<p>En\u00a0Mendoza se van a disputar 14 encuentros, va a recibir en\u00a0<strong>primera fase al grupo D,\u00a0<\/strong>compuesto por<strong>\u00a0Italia, Brasil, Nigeria y Rep\u00fablica Dominicana<\/strong>, el grupo<strong>\u00a0F<\/strong>\u00a0que integran\u00a0<strong>Francia, Corea del Sur, Honduras y Gambia<\/strong>, un\u00a0<strong>partido del grupo C entre Jap\u00f3n e Israel y un partido del grupo E entre T\u00fanez y Uruguay.<\/strong>\u00a0Luego, tendr\u00e1 dos encuentros de\u00a0<strong>octavos de final,<\/strong>\u00a0que puede quedar<strong>\u00a0Argentina,<\/strong>\u00a0en caso de que salga<strong>\u00a0segundo<\/strong>\u00a0en su zona.<\/p>\n\n\n\n<p>Hay 12 delegaciones que han contratado hoteler\u00eda en la provincia, cuatro de forma parcial y las<strong>&nbsp;ocho que juegan los tres partidos en Mendoza estar\u00e1n por 15 noches,<\/strong>&nbsp;teniendo en cuenta la concentraci\u00f3n y la fase de grupos.<\/p>\n\n\n\n<h2 class=\"wp-block-heading\">Mendoza, una provincia con grandes eventos deportivos<\/h2>\n\n\n\n<p>El presidente de Asociaci\u00f3n de Hoteles de Turismo de Argentina filial Mendoza resalt\u00f3 que la<strong>&nbsp;plaza 4 y 5 estrellas est\u00e1 muy acostumbrada a recibir delegaciones deportivas<\/strong>&nbsp;porque habitualmente aloja a Los Pumas, equipos de primera divisi\u00f3n fin de semana por medio que vienen a jugar contra Godoy Cruz, partidos de eliminatorias, entre otros eventos.<\/p>\n\n\n\n<p>En el mismo sentido opin\u00f3&nbsp;<strong>Federico Chiapetta, subsecretario de Deportes. \u00abEl turismo deportivo le aporta todo el a\u00f1o a Mendoza, vienen Los Pumas vs All Blacks el 8 de julio el Premier Padel del 31 de julio al 6 de agosto<\/strong>. Vendemos un combo donde el deporte es la excusa, compitiendo con las otras provincias y es un privilegio de los mendocinos\u00bb, dijo.<\/p>\n\n\n\n<figure class=\"wp-block-image\"><img decoding=\"async\" src=\"https:\/\/media.diariouno.com.ar\/p\/479eb306d2f839c3909c77bbc73793ba\/adjuntos\/298\/imagenes\/009\/159\/0009159970\/1200x0\/smart\/delegacion-italiana-mundial-sub-20-mendoza-turismojpeg.jpeg\" alt=\"Los hoteles 4 y 5 estrellas de Mendoza est\u00e1n muy acostumbrados a recibir delegaciones deportivas.\"\/><figcaption class=\"wp-element-caption\">Los hoteles 4 y 5 estrellas de Mendoza est\u00e1n muy acostumbrados a recibir delegaciones deportivas. Foto: Nicol\u00e1s Rios\/Diario UNO<\/figcaption><\/figure>\n\n\n\n<p>Chiapetta explic\u00f3 que<strong>&nbsp;FIFA tiene a Mendoza en el mapa de eventos&nbsp;<\/strong>porque tiene un importante historial, incluso es el&nbsp;<strong>tercer mundial&nbsp;<\/strong>que tendr\u00e1 como sede al Estadio Malvinas Argentinas, luego del Mundial 1978 y el sub 20 en 2001. Agreg\u00f3 que la provincia<strong>&nbsp;tiene los servicios, la conectividad y la marca Mendoza instalada a nivel nacional y mundial.<\/strong><\/p>\n\n\n\n<p><strong>\u00abGenera recursos en esta situaci\u00f3n de crisis<\/strong>&nbsp;y la iniciativa de eventos internacionales van ayudando a los diferentes sectores del turismo. Son nueve d\u00edas, 14 partidos y 12 selecciones y somos privilegiados porque<strong>&nbsp;junto con La Plata somos las ciudades que m\u00e1s partidos tienen.<\/strong>&nbsp;Han tenido que habilitar las populares porque las plateas se agotaron\u00bb, cerr\u00f3.<\/p>\n","protected":false},"excerpt":{"rendered":"<p>Mendoza es una de de las cuatro sedes que eligi\u00f3 la FIFA\u00a0para disputarse el\u00a0Mundial Sub 20\u00a0por su gran\u00a0capacidad para recibir turismo.\u00a0La ministra del \u00e1rea, Nora Vicario, resalt\u00f3 que\u00a0mayo ya es un mes hist\u00f3rico de turistas\u00a0en la provincia con\u00a0reservas del 92%\u00a0en el Gran Mendoza y una proyecci\u00f3n del 95% para el pr\u00f3ximo fin de semana extra<a class=\"read-more\" href=\"https:\/\/elfederalmendoza.com.ar\/index.php\/2023\/05\/20\/mendoza-vive-un-record-historico-de-turistas-por-el-mundial-sub-20-y-la-llegada-de-chilenos\/\"> [&hellip;]<\/a><\/p>\n","protected":false},"author":2,"featured_media":22981,"comment_status":"open","ping_status":"open","sticky":false,"template":"","format":"standard","meta":{"footnotes":""},"categories":[1],"tags":[],"class_list":["post-22979","post","type-post","status-publish","format-standard","has-post-thumbnail","hentry","category-mza"],"rttpg_featured_image_url":{"full":["https:\/\/elfederalmendoza.com.ar\/wp-content\/uploads\/2023\/05\/peatonal-mendoza1.jpg",1024,683,false],"landscape":["https:\/\/elfederalmendoza.com.ar\/wp-content\/uploads\/2023\/05\/peatonal-mendoza1.jpg",1024,683,false],"portraits":["https:\/\/elfederalmendoza.com.ar\/wp-content\/uploads\/2023\/05\/peatonal-mendoza1.jpg",1024,683,false],"thumbnail":["https:\/\/elfederalmendoza.com.ar\/wp-content\/uploads\/2023\/05\/peatonal-mendoza1-150x150.jpg",150,150,true],"medium":["https:\/\/elfederalmendoza.com.ar\/wp-content\/uploads\/2023\/05\/peatonal-mendoza1-300x200.jpg",300,200,true],"large":["https:\/\/elfederalmendoza.com.ar\/wp-content\/uploads\/2023\/05\/peatonal-mendoza1.jpg",640,427,false],"1536x1536":["https:\/\/elfederalmendoza.com.ar\/wp-content\/uploads\/2023\/05\/peatonal-mendoza1.jpg",1024,683,false],"2048x2048":["https:\/\/elfederalmendoza.com.ar\/wp-content\/uploads\/2023\/05\/peatonal-mendoza1.jpg",1024,683,false],"ultp_layout_landscape_large":["https:\/\/elfederalmendoza.com.ar\/wp-content\/uploads\/2023\/05\/peatonal-mendoza1.jpg",1024,683,false],"ultp_layout_landscape":["https:\/\/elfederalmendoza.com.ar\/wp-content\/uploads\/2023\/05\/peatonal-mendoza1-870x570.jpg",870,570,true],"ultp_layout_portrait":["https:\/\/elfederalmendoza.com.ar\/wp-content\/uploads\/2023\/05\/peatonal-mendoza1-600x683.jpg",600,683,true],"ultp_layout_square":["https:\/\/elfederalmendoza.com.ar\/wp-content\/uploads\/2023\/05\/peatonal-mendoza1-600x600.jpg",600,600,true],"rpwe-thumbnail":["https:\/\/elfederalmendoza.com.ar\/wp-content\/uploads\/2023\/05\/peatonal-mendoza1-45x45.jpg",45,45,true],"advps-thumb-one":["https:\/\/elfederalmendoza.com.ar\/wp-content\/uploads\/2023\/05\/peatonal-mendoza1-1024x420.jpg",1024,420,true]},"rttpg_author":{"display_name":"Redacci\u00f3n El Federal","author_link":"https:\/\/elfederalmendoza.com.ar\/index.php\/author\/angelflores\/"},"rttpg_comment":0,"rttpg_category":"<a href=\"https:\/\/elfederalmendoza.com.ar\/index.php\/category\/mza\/\" rel=\"category tag\">Mendoza<\/a>","rttpg_excerpt":"Mendoza es una de de las cuatro sedes que eligi\u00f3 la FIFA\u00a0para disputarse el\u00a0Mundial Sub 20\u00a0por su gran\u00a0capacidad para recibir turismo.\u00a0La ministra del \u00e1rea, Nora Vicario, resalt\u00f3 que\u00a0mayo ya es un mes hist\u00f3rico de turistas\u00a0en la provincia con\u00a0reservas del 92%\u00a0en el Gran Mendoza y una proyecci\u00f3n del 95% para el pr\u00f3ximo fin de semana extra&hellip;","_links":{"self":[{"href":"https:\/\/elfederalmendoza.com.ar\/index.php\/wp-json\/wp\/v2\/posts\/22979","targetHints":{"allow":["GET"]}}],"collection":[{"href":"https:\/\/elfederalmendoza.com.ar\/index.php\/wp-json\/wp\/v2\/posts"}],"about":[{"href":"https:\/\/elfederalmendoza.com.ar\/index.php\/wp-json\/wp\/v2\/types\/post"}],"author":[{"embeddable":true,"href":"https:\/\/elfederalmendoza.com.ar\/index.php\/wp-json\/wp\/v2\/users\/2"}],"replies":[{"embeddable":true,"href":"https:\/\/elfederalmendoza.com.ar\/index.php\/wp-json\/wp\/v2\/comments?post=22979"}],"version-history":[{"count":1,"href":"https:\/\/elfederalmendoza.com.ar\/index.php\/wp-json\/wp\/v2\/posts\/22979\/revisions"}],"predecessor-version":[{"id":22982,"href":"https:\/\/elfederalmendoza.com.ar\/index.php\/wp-json\/wp\/v2\/posts\/22979\/revisions\/22982"}],"wp:featuredmedia":[{"embeddable":true,"href":"https:\/\/elfederalmendoza.com.ar\/index.php\/wp-json\/wp\/v2\/media\/22981"}],"wp:attachment":[{"href":"https:\/\/elfederalmendoza.com.ar\/index.php\/wp-json\/wp\/v2\/media?parent=22979"}],"wp:term":[{"taxonomy":"category","embeddable":true,"href":"https:\/\/elfederalmendoza.com.ar\/index.php\/wp-json\/wp\/v2\/categories?post=22979"},{"taxonomy":"post_tag","embeddable":true,"href":"https:\/\/elfederalmendoza.com.ar\/index.php\/wp-json\/wp\/v2\/tags?post=22979"}],"curies":[{"name":"wp","href":"https:\/\/api.w.org\/{rel}","templated":true}]}}