{"id":22986,"date":"2023-05-20T07:51:00","date_gmt":"2023-05-20T10:51:00","guid":{"rendered":"https:\/\/elfederalmendoza.com\/?p=22986"},"modified":"2023-05-20T12:02:38","modified_gmt":"2023-05-20T15:02:38","slug":"la-madre-la-pelicula-de-netflix-con-jennifer-lopez-que-es-numero-uno-en-argentina","status":"publish","type":"post","link":"https:\/\/elfederalmendoza.com.ar\/index.php\/2023\/05\/20\/la-madre-la-pelicula-de-netflix-con-jennifer-lopez-que-es-numero-uno-en-argentina\/","title":{"rendered":"\u00abLa Madre\u00bb: la pel\u00edcula de Netflix con Jennifer Lopez que es n\u00famero uno en Argentina"},"content":{"rendered":"\n<p><strong>Netflix<\/strong>\u00a0estren\u00f3 recientemente<strong>\u00a0La Madre<\/strong>, la nueva pel\u00edcula de acci\u00f3n protagonizada por<strong>\u00a0Jennifer Lopez\u00a0<\/strong>y bastaron solo un par de d\u00edas para que se convierta en la cinta que encabeza el top 10 en Argentina.<\/p>\n\n\n\n<p><strong>La Madre<\/strong>\u00a0sigue a una letal asesina que se ve obligada a salir de escondite y ponerse en peligro frente a todos aquellos que quieren acabar con ella. La raz\u00f3n para salir de su vida a escondidas es que tiene que proteger a su hija, a quien dio en adopci\u00f3n a\u00f1os atr\u00e1s. Reunidas despu\u00e9s de tanto tiempo, las dos mujeres se ver\u00e1n obligadas a huir y luchar por sus vidas mientras intentan recomponer lo que cre\u00edan roto.<\/p>\n\n\n\n<p>La pel\u00edcula dirigida por\u00a0<strong>Niki Caro<\/strong>\u00a0esta protagonizada por Lopez,\u00a0<strong>Joseph Fiennes, Lucy Paez, Omari Hardwick, Paul Raci y Gael Garc\u00eda Bernal<\/strong>.<\/p>\n\n\n\n<figure class=\"wp-block-embed is-type-video is-provider-youtube wp-block-embed-youtube wp-embed-aspect-16-9 wp-has-aspect-ratio\"><div class=\"wp-block-embed__wrapper\">\n<iframe loading=\"lazy\" title=\"La madre | Jennifer Lopez | Tr\u00e1iler oficial | Netflix\" width=\"640\" height=\"360\" src=\"https:\/\/www.youtube.com\/embed\/iuaWUDqUu0g?feature=oembed\" frameborder=\"0\" allow=\"accelerometer; autoplay; clipboard-write; encrypted-media; gyroscope; picture-in-picture; web-share\" referrerpolicy=\"strict-origin-when-cross-origin\" allowfullscreen><\/iframe>\n<\/div><\/figure>\n","protected":false},"excerpt":{"rendered":"<p>Netflix\u00a0estren\u00f3 recientemente\u00a0La Madre, la nueva pel\u00edcula de acci\u00f3n protagonizada por\u00a0Jennifer Lopez\u00a0y bastaron solo un par de d\u00edas para que se convierta en la cinta que encabeza el top 10 en Argentina. La Madre\u00a0sigue a una letal asesina que se ve obligada a salir de escondite y ponerse en peligro frente a todos aquellos que quieren<a class=\"read-more\" href=\"https:\/\/elfederalmendoza.com.ar\/index.php\/2023\/05\/20\/la-madre-la-pelicula-de-netflix-con-jennifer-lopez-que-es-numero-uno-en-argentina\/\"> [&hellip;]<\/a><\/p>\n","protected":false},"author":2,"featured_media":22988,"comment_status":"open","ping_status":"open","sticky":false,"template":"","format":"standard","meta":{"footnotes":""},"categories":[5618],"tags":[],"class_list":["post-22986","post","type-post","status-publish","format-standard","has-post-thumbnail","hentry","category-arg"],"rttpg_featured_image_url":{"full":["https:\/\/elfederalmendoza.com.ar\/wp-content\/uploads\/2023\/05\/la-madre.jpg",1062,601,false],"landscape":["https:\/\/elfederalmendoza.com.ar\/wp-content\/uploads\/2023\/05\/la-madre.jpg",1062,601,false],"portraits":["https:\/\/elfederalmendoza.com.ar\/wp-content\/uploads\/2023\/05\/la-madre.jpg",1062,601,false],"thumbnail":["https:\/\/elfederalmendoza.com.ar\/wp-content\/uploads\/2023\/05\/la-madre-150x150.jpg",150,150,true],"medium":["https:\/\/elfederalmendoza.com.ar\/wp-content\/uploads\/2023\/05\/la-madre-300x170.jpg",300,170,true],"large":["https:\/\/elfederalmendoza.com.ar\/wp-content\/uploads\/2023\/05\/la-madre-1024x579.jpg",640,362,true],"1536x1536":["https:\/\/elfederalmendoza.com.ar\/wp-content\/uploads\/2023\/05\/la-madre.jpg",1062,601,false],"2048x2048":["https:\/\/elfederalmendoza.com.ar\/wp-content\/uploads\/2023\/05\/la-madre.jpg",1062,601,false],"ultp_layout_landscape_large":["https:\/\/elfederalmendoza.com.ar\/wp-content\/uploads\/2023\/05\/la-madre.jpg",1062,601,false],"ultp_layout_landscape":["https:\/\/elfederalmendoza.com.ar\/wp-content\/uploads\/2023\/05\/la-madre-870x570.jpg",870,570,true],"ultp_layout_portrait":["https:\/\/elfederalmendoza.com.ar\/wp-content\/uploads\/2023\/05\/la-madre-600x601.jpg",600,601,true],"ultp_layout_square":["https:\/\/elfederalmendoza.com.ar\/wp-content\/uploads\/2023\/05\/la-madre-600x600.jpg",600,600,true],"rpwe-thumbnail":["https:\/\/elfederalmendoza.com.ar\/wp-content\/uploads\/2023\/05\/la-madre-45x45.jpg",45,45,true],"advps-thumb-one":["https:\/\/elfederalmendoza.com.ar\/wp-content\/uploads\/2023\/05\/la-madre-1062x420.jpg",1062,420,true]},"rttpg_author":{"display_name":"Redacci\u00f3n El Federal","author_link":"https:\/\/elfederalmendoza.com.ar\/index.php\/author\/angelflores\/"},"rttpg_comment":0,"rttpg_category":"<a href=\"https:\/\/elfederalmendoza.com.ar\/index.php\/category\/arg\/\" rel=\"category tag\">Argentina<\/a>","rttpg_excerpt":"Netflix\u00a0estren\u00f3 recientemente\u00a0La Madre, la nueva pel\u00edcula de acci\u00f3n protagonizada por\u00a0Jennifer Lopez\u00a0y bastaron solo un par de d\u00edas para que se convierta en la cinta que encabeza el top 10 en Argentina. La Madre\u00a0sigue a una letal asesina que se ve obligada a salir de escondite y ponerse en peligro frente a todos aquellos que quieren&hellip;","_links":{"self":[{"href":"https:\/\/elfederalmendoza.com.ar\/index.php\/wp-json\/wp\/v2\/posts\/22986","targetHints":{"allow":["GET"]}}],"collection":[{"href":"https:\/\/elfederalmendoza.com.ar\/index.php\/wp-json\/wp\/v2\/posts"}],"about":[{"href":"https:\/\/elfederalmendoza.com.ar\/index.php\/wp-json\/wp\/v2\/types\/post"}],"author":[{"embeddable":true,"href":"https:\/\/elfederalmendoza.com.ar\/index.php\/wp-json\/wp\/v2\/users\/2"}],"replies":[{"embeddable":true,"href":"https:\/\/elfederalmendoza.com.ar\/index.php\/wp-json\/wp\/v2\/comments?post=22986"}],"version-history":[{"count":1,"href":"https:\/\/elfederalmendoza.com.ar\/index.php\/wp-json\/wp\/v2\/posts\/22986\/revisions"}],"predecessor-version":[{"id":22989,"href":"https:\/\/elfederalmendoza.com.ar\/index.php\/wp-json\/wp\/v2\/posts\/22986\/revisions\/22989"}],"wp:featuredmedia":[{"embeddable":true,"href":"https:\/\/elfederalmendoza.com.ar\/index.php\/wp-json\/wp\/v2\/media\/22988"}],"wp:attachment":[{"href":"https:\/\/elfederalmendoza.com.ar\/index.php\/wp-json\/wp\/v2\/media?parent=22986"}],"wp:term":[{"taxonomy":"category","embeddable":true,"href":"https:\/\/elfederalmendoza.com.ar\/index.php\/wp-json\/wp\/v2\/categories?post=22986"},{"taxonomy":"post_tag","embeddable":true,"href":"https:\/\/elfederalmendoza.com.ar\/index.php\/wp-json\/wp\/v2\/tags?post=22986"}],"curies":[{"name":"wp","href":"https:\/\/api.w.org\/{rel}","templated":true}]}}