{"id":22992,"date":"2023-05-20T12:15:23","date_gmt":"2023-05-20T15:15:23","guid":{"rendered":"https:\/\/elfederalmendoza.com\/?p=22992"},"modified":"2023-05-20T12:15:38","modified_gmt":"2023-05-20T15:15:38","slug":"piden-5-anos-de-prision-para-la-titular-de-la-casa-de-la-moneda-de-la-gestion-cfk-boudou","status":"publish","type":"post","link":"https:\/\/elfederalmendoza.com.ar\/index.php\/2023\/05\/20\/piden-5-anos-de-prision-para-la-titular-de-la-casa-de-la-moneda-de-la-gestion-cfk-boudou\/","title":{"rendered":"Piden 5 a\u00f1os de prisi\u00f3n para la titular de la Casa de la Moneda de la gesti\u00f3n CFK-Boudou"},"content":{"rendered":"\n<p>El Tribunal Oral Federal n\u00famero 7 avanza en el juicio oral contra\u00a0<strong>Katya Daura<\/strong>, la ex jefa de la\u00a0<strong>Casa de la Moneda<\/strong>\u00a0durante la gesti\u00f3n de\u00a0gobierno de\u00a0<strong>Cristina Kirchner<\/strong>\u00a0y Amado Boudou, y esta semana est\u00e1 previsto el alegato de las defensas de los acusados\u00a0por \u201c<strong>peculado de servicios<\/strong>\u201d.\u00a0<\/p>\n\n\n\n<p>Daura est\u00e1 en el banquillo por la&nbsp;<strong>la&nbsp;contrataci\u00f3n de un servicio de seguridad privada&nbsp;que pag\u00f3 la Casa de la Moneda, destinado a su protecci\u00f3n y la de su familia<\/strong>, que inclu\u00eda turnos rotativos durante las 34 horas y 6 vehiculos. Los fiscales consideraron que el perjuicio causado al Estado por el pago de ese servicio privado merece&nbsp;<strong>una pena para Daura de&nbsp;cinco a\u00f1os de prisi\u00f3n, m\u00e1s la inhabilitaci\u00f3n perpetua para ejercer cargos p\u00fablicos y la obligaci\u00f3n de devolver al Estado un resarcimiento de casi cien millones de pesos.<\/strong><\/p>\n\n\n\n<p>La defensa de Daura presentar\u00e1 su alegato la pr\u00f3xima semana, el lunes\u00a029 de mayo, y luego lo har\u00e1n el resto de las defensas de los otros acusados en la causa, mientras el juicio encara su recta final y deber\u00eda tener veredicto en los primeros d\u00edas de junio. Como se sabe,\u00a0<strong>Boudou\u00a0fue condenado a 5 a\u00f1os y 10 meses de prisi\u00f3n por el caso Ciccone que fue la compra ilegal de esa imprenta privada, la \u00fanica habilitada para imprimir billetes y luego estatizada por Cristina Kirchner.<\/strong><\/p>\n\n\n\n<p>El fiscal adjunto Gabriel Gonz\u00e1lez Da Silva fue el encargado de pedir las penas ya mencionadas para Daura y solicit\u00f3 adem\u00e1s condenas de&nbsp;<strong>res a\u00f1os de prisi\u00f3n en suspenso para otros dos ex funcionarios<\/strong>&nbsp;de la Casa de la Moneda, el asesor de seguridad&nbsp;<strong>Mario Enrici<\/strong>&nbsp;y el gerente general&nbsp;<strong>Ra\u00fal Desmar\u00e1s<\/strong>.<\/p>\n\n\n\n<p>Seg\u00fan la acusaci\u00f3n fiscal,&nbsp;entre el 13 de marzo de 2012 y el 23 de diciembre de 2015 la Casa de la Moneda contrat\u00f3 un&nbsp;<strong>\u201cplan de seguridad&nbsp;que estaba conformado por cuatro agentes de custodia que rotaban en horario diurno y nocturno en la residencia particular de Daura, ubicada en la provincia de Buenos Aires y dos choferes-custodios para traslado de ella y su familia\u201d.<\/strong><\/p>\n\n\n\n<p>El servicio inclu\u00eda \u201c<strong>un sistema de seguimiento satelital a seis rodados<\/strong>, como tambi\u00e9n, la\u00a0<strong>instalaci\u00f3n de c\u00e1maras de monitoreo en el domicilio personal de la imputada<\/strong>\u201d.<\/p>\n\n\n\n<p>Los imputados, se\u00f1al\u00f3 el fiscal en su alegato acusatorio,&nbsp;<strong>\u201cllevaron a cabo una maniobra que fue perpetrada en conjunto para&nbsp;tratar de justificar, de manera artificiosa e indebida, un gasto desproporcionado,&nbsp;que no estaban habilitados a hacer, todo esto en perjuicio del erario p\u00fablico\u201d.<\/strong><\/p>\n\n\n\n<p>La operaci\u00f3n \u2013agreg\u00f3 el fiscal- gener\u00f3 un \u201cperjuicio patrimonial al Estado por&nbsp;<strong>5.511.166,51 pesos<\/strong>\u201d, cifra que&nbsp;<strong>actualizada trepa a 98.090.716,24<\/strong>.<\/p>\n\n\n\n<p>El fiscal general pidi\u00f3 para los tres imputados la pena de&nbsp;<strong>inhabilitaci\u00f3n absoluta perpetua para ejercer cargos p\u00fablicos<\/strong>&nbsp;y en el caso de Enrici y Desmar\u00e1s,&nbsp;tareas comunitarias.<\/p>\n\n\n\n<p>\u201cEmplearon caprichosamente en provecho de Daura, sin justificaci\u00f3n expresa para el caso concreto&nbsp;<strong>y sin agotar la posibilidad de&nbsp;acudir a otros recursos estatales,<\/strong>&nbsp;servicios de seguridad pagados con fondos de la Casa de la Moneda\u201d, sostuvo el fiscal.<\/p>\n","protected":false},"excerpt":{"rendered":"<p>El Tribunal Oral Federal n\u00famero 7 avanza en el juicio oral contra\u00a0Katya Daura, la ex jefa de la\u00a0Casa de la Moneda\u00a0durante la gesti\u00f3n de\u00a0gobierno de\u00a0Cristina Kirchner\u00a0y Amado Boudou, y esta semana est\u00e1 previsto el alegato de las defensas de los acusados\u00a0por \u201cpeculado de servicios\u201d.\u00a0 Daura est\u00e1 en el banquillo por la&nbsp;la&nbsp;contrataci\u00f3n de un servicio de<a class=\"read-more\" href=\"https:\/\/elfederalmendoza.com.ar\/index.php\/2023\/05\/20\/piden-5-anos-de-prision-para-la-titular-de-la-casa-de-la-moneda-de-la-gestion-cfk-boudou\/\"> [&hellip;]<\/a><\/p>\n","protected":false},"author":2,"featured_media":22994,"comment_status":"open","ping_status":"open","sticky":false,"template":"","format":"standard","meta":{"footnotes":""},"categories":[5618],"tags":[],"class_list":["post-22992","post","type-post","status-publish","format-standard","has-post-thumbnail","hentry","category-arg"],"rttpg_featured_image_url":{"full":["https:\/\/elfederalmendoza.com.ar\/wp-content\/uploads\/2023\/05\/B2C6IATLNVEO5JELDCO5LLNWDU.jpg",1920,1079,false],"landscape":["https:\/\/elfederalmendoza.com.ar\/wp-content\/uploads\/2023\/05\/B2C6IATLNVEO5JELDCO5LLNWDU.jpg",1920,1079,false],"portraits":["https:\/\/elfederalmendoza.com.ar\/wp-content\/uploads\/2023\/05\/B2C6IATLNVEO5JELDCO5LLNWDU.jpg",1920,1079,false],"thumbnail":["https:\/\/elfederalmendoza.com.ar\/wp-content\/uploads\/2023\/05\/B2C6IATLNVEO5JELDCO5LLNWDU-150x150.jpg",150,150,true],"medium":["https:\/\/elfederalmendoza.com.ar\/wp-content\/uploads\/2023\/05\/B2C6IATLNVEO5JELDCO5LLNWDU-300x169.jpg",300,169,true],"large":["https:\/\/elfederalmendoza.com.ar\/wp-content\/uploads\/2023\/05\/B2C6IATLNVEO5JELDCO5LLNWDU-1024x575.jpg",640,359,true],"1536x1536":["https:\/\/elfederalmendoza.com.ar\/wp-content\/uploads\/2023\/05\/B2C6IATLNVEO5JELDCO5LLNWDU-1536x863.jpg",1536,863,true],"2048x2048":["https:\/\/elfederalmendoza.com.ar\/wp-content\/uploads\/2023\/05\/B2C6IATLNVEO5JELDCO5LLNWDU.jpg",1920,1079,false],"ultp_layout_landscape_large":["https:\/\/elfederalmendoza.com.ar\/wp-content\/uploads\/2023\/05\/B2C6IATLNVEO5JELDCO5LLNWDU-1200x800.jpg",1200,800,true],"ultp_layout_landscape":["https:\/\/elfederalmendoza.com.ar\/wp-content\/uploads\/2023\/05\/B2C6IATLNVEO5JELDCO5LLNWDU-870x570.jpg",870,570,true],"ultp_layout_portrait":["https:\/\/elfederalmendoza.com.ar\/wp-content\/uploads\/2023\/05\/B2C6IATLNVEO5JELDCO5LLNWDU-600x900.jpg",600,900,true],"ultp_layout_square":["https:\/\/elfederalmendoza.com.ar\/wp-content\/uploads\/2023\/05\/B2C6IATLNVEO5JELDCO5LLNWDU-600x600.jpg",600,600,true],"rpwe-thumbnail":["https:\/\/elfederalmendoza.com.ar\/wp-content\/uploads\/2023\/05\/B2C6IATLNVEO5JELDCO5LLNWDU-45x45.jpg",45,45,true],"advps-thumb-one":["https:\/\/elfederalmendoza.com.ar\/wp-content\/uploads\/2023\/05\/B2C6IATLNVEO5JELDCO5LLNWDU-1200x420.jpg",1200,420,true]},"rttpg_author":{"display_name":"Redacci\u00f3n El Federal","author_link":"https:\/\/elfederalmendoza.com.ar\/index.php\/author\/angelflores\/"},"rttpg_comment":0,"rttpg_category":"<a href=\"https:\/\/elfederalmendoza.com.ar\/index.php\/category\/arg\/\" rel=\"category tag\">Argentina<\/a>","rttpg_excerpt":"El Tribunal Oral Federal n\u00famero 7 avanza en el juicio oral contra\u00a0Katya Daura, la ex jefa de la\u00a0Casa de la Moneda\u00a0durante la gesti\u00f3n de\u00a0gobierno de\u00a0Cristina Kirchner\u00a0y Amado Boudou, y esta semana est\u00e1 previsto el alegato de las defensas de los acusados\u00a0por \u201cpeculado de servicios\u201d.\u00a0 Daura est\u00e1 en el banquillo por la&nbsp;la&nbsp;contrataci\u00f3n de un servicio de&hellip;","_links":{"self":[{"href":"https:\/\/elfederalmendoza.com.ar\/index.php\/wp-json\/wp\/v2\/posts\/22992","targetHints":{"allow":["GET"]}}],"collection":[{"href":"https:\/\/elfederalmendoza.com.ar\/index.php\/wp-json\/wp\/v2\/posts"}],"about":[{"href":"https:\/\/elfederalmendoza.com.ar\/index.php\/wp-json\/wp\/v2\/types\/post"}],"author":[{"embeddable":true,"href":"https:\/\/elfederalmendoza.com.ar\/index.php\/wp-json\/wp\/v2\/users\/2"}],"replies":[{"embeddable":true,"href":"https:\/\/elfederalmendoza.com.ar\/index.php\/wp-json\/wp\/v2\/comments?post=22992"}],"version-history":[{"count":2,"href":"https:\/\/elfederalmendoza.com.ar\/index.php\/wp-json\/wp\/v2\/posts\/22992\/revisions"}],"predecessor-version":[{"id":22998,"href":"https:\/\/elfederalmendoza.com.ar\/index.php\/wp-json\/wp\/v2\/posts\/22992\/revisions\/22998"}],"wp:featuredmedia":[{"embeddable":true,"href":"https:\/\/elfederalmendoza.com.ar\/index.php\/wp-json\/wp\/v2\/media\/22994"}],"wp:attachment":[{"href":"https:\/\/elfederalmendoza.com.ar\/index.php\/wp-json\/wp\/v2\/media?parent=22992"}],"wp:term":[{"taxonomy":"category","embeddable":true,"href":"https:\/\/elfederalmendoza.com.ar\/index.php\/wp-json\/wp\/v2\/categories?post=22992"},{"taxonomy":"post_tag","embeddable":true,"href":"https:\/\/elfederalmendoza.com.ar\/index.php\/wp-json\/wp\/v2\/tags?post=22992"}],"curies":[{"name":"wp","href":"https:\/\/api.w.org\/{rel}","templated":true}]}}